{"id":107710,"date":"2020-06-01T21:55:30","date_gmt":"2020-06-01T19:55:30","guid":{"rendered":"http:\/\/www.tucomarca.com\/wordpress\/segunda\/?p=107710"},"modified":"2020-06-01T21:55:55","modified_gmt":"2020-06-01T19:55:55","slug":"lajuntament-dutiel-contracta-una-brigada-de-reforc-per-a-neteja-viaria-davant-de-la-proliferacio-de-males-herbes","status":"publish","type":"post","link":"https:\/\/tucomarca.whitekongsoftware.com\/ca\/lajuntament-dutiel-contracta-una-brigada-de-reforc-per-a-neteja-viaria-davant-de-la-proliferacio-de-males-herbes\/","title":{"rendered":"L&#8217;Ajuntament d&#8217;Utiel contracta una brigada de refor\u00e7 per a neteja vi\u00e0ria davant de la proliferaci\u00f3 de males herbes"},"content":{"rendered":"\n<p class=\"wp-block-paragraph\"><strong>Les recents pluges han afavorit l&#8217;aparici\u00f3 de mala herba en espais p\u00fablics<\/strong><\/p>\n\n\n\n<p class=\"wp-block-paragraph\">L\u2019Ajuntament d\u2019Utiel ha intensificat les tasques de neteja viaria amb la contractaci\u00f3 de personal de referent davant l\u2019abundant proliferaci\u00f3 de males terres en \u00fas i pedanies.<\/p>\n\n\n\n<p class=\"wp-block-paragraph\">Els episodis intensos de pluges dels darrers mesos han provocat la publicaci\u00f3 de mat\u00e8ries i males terres a les vides p\u00fabliques que podrien convertir-se en espais insalubres.<\/p>\n\n\n\n<p class=\"wp-block-paragraph\">La situaci\u00f3 extraordin\u00e0ria provocada per la pand\u00e8mia ha suposat la dedicaci\u00f3 completa de les brigades municipals a activitats essencials com el repartiment de la compra d\u2019un domicili per a persones vulnerables, aix\u00ed com incid\u00e8ncies di\u00e0ries derivades de la crisi econ\u00f2mica i generaci\u00f3 social per la COVID-19.<\/p>\n\n\n\n<p class=\"wp-block-paragraph\">Per aquest motiu, el consistori \u00fatil ha estat contractat personal espec\u00edfic per a la limpieza i el desbrossat de les \u00e0rees principals del casc urb\u00e0 d\u2019Util i pedanes (calles, avingudes, ases, alcorques, parques, etc.) afectades pel creixement accelerat de males.<\/p>\n\n\n\n<p class=\"wp-block-paragraph\">Del mateix mode, es va intervenir en la causa del riu Magro, eliminant el creixement descontrolat de vegetaci\u00f3 en aquesta zona.<\/p>\n","protected":false},"excerpt":{"rendered":"<div class=\"mh-excerpt\">Les recents pluges han afavorit l&#8217;aparici\u00f3 de mala herba en espais p\u00fablics L\u2019Ajuntament d\u2019Utiel ha intensificat les tasques de neteja viaria amb la contractaci\u00f3 de personal de referent davant l\u2019abundant proliferaci\u00f3 de males terres en <a class=\"mh-excerpt-more\" href=\"https:\/\/tucomarca.whitekongsoftware.com\/ca\/lajuntament-dutiel-contracta-una-brigada-de-reforc-per-a-neteja-viaria-davant-de-la-proliferacio-de-males-herbes\/\" title=\"L&#8217;Ajuntament d&#8217;Utiel contracta una brigada de refor\u00e7 per a neteja vi\u00e0ria davant de la proliferaci\u00f3 de males herbes\">[+] <\/a><\/div>\n","protected":false},"author":12,"featured_media":107708,"comment_status":"open","ping_status":"open","sticky":false,"template":"","format":"standard","meta":{"footnotes":""},"categories":[10905,11010,12202,10948,10894,10903,10947,10909,10896,10897,11059],"tags":[11456,11255,11939,11940,11952],"class_list":["post-107710","post","type-post","status-publish","format-standard","has-post-thumbnail","category-agricultura-la-comarca-ca","category-canal-salud","category-covid-19-ca","category-infraestructuras-ca","category-la-comarca-ca","category-medio-ambiente-la-comarca-ca","category-politica","category-requena-utiel-ca","category-seccion-ca","category-sucesos-la-comarca-ca","category-utiel-ca","tag-ayuntamiento-de-utiel-ca","tag-comarca-requena-utiel-ca","tag-coronavirus-ca","tag-covid-19-ca","tag-covid2019-ca"],"_links":{"self":[{"href":"https:\/\/tucomarca.whitekongsoftware.com\/ca\/wp-json\/wp\/v2\/posts\/107710","targetHints":{"allow":["GET"]}}],"collection":[{"href":"https:\/\/tucomarca.whitekongsoftware.com\/ca\/wp-json\/wp\/v2\/posts"}],"about":[{"href":"https:\/\/tucomarca.whitekongsoftware.com\/ca\/wp-json\/wp\/v2\/types\/post"}],"author":[{"embeddable":true,"href":"https:\/\/tucomarca.whitekongsoftware.com\/ca\/wp-json\/wp\/v2\/users\/12"}],"replies":[{"embeddable":true,"href":"https:\/\/tucomarca.whitekongsoftware.com\/ca\/wp-json\/wp\/v2\/comments?post=107710"}],"version-history":[{"count":0,"href":"https:\/\/tucomarca.whitekongsoftware.com\/ca\/wp-json\/wp\/v2\/posts\/107710\/revisions"}],"wp:featuredmedia":[{"embeddable":true,"href":"https:\/\/tucomarca.whitekongsoftware.com\/ca\/wp-json\/wp\/v2\/media\/107708"}],"wp:attachment":[{"href":"https:\/\/tucomarca.whitekongsoftware.com\/ca\/wp-json\/wp\/v2\/media?parent=107710"}],"wp:term":[{"taxonomy":"category","embeddable":true,"href":"https:\/\/tucomarca.whitekongsoftware.com\/ca\/wp-json\/wp\/v2\/categories?post=107710"},{"taxonomy":"post_tag","embeddable":true,"href":"https:\/\/tucomarca.whitekongsoftware.com\/ca\/wp-json\/wp\/v2\/tags?post=107710"}],"curies":[{"name":"wp","href":"https:\/\/api.w.org\/{rel}","templated":true}]}}