{"id":107420,"date":"2020-05-28T21:22:16","date_gmt":"2020-05-28T19:22:16","guid":{"rendered":"http:\/\/www.tucomarca.com\/wordpress\/segunda\/?p=107420"},"modified":"2020-05-28T21:23:07","modified_gmt":"2020-05-28T19:23:07","slug":"sanitat-atribueix-un-total-de-118-contagis-i-24-morts-amb-coronavirus-a-la-foia-on-nomes-shan-registrat-en-els-darrers-14-dies-2-casos-a-chiva","status":"publish","type":"post","link":"https:\/\/tucomarca.whitekongsoftware.com\/ca\/sanitat-atribueix-un-total-de-118-contagis-i-24-morts-amb-coronavirus-a-la-foia-on-nomes-shan-registrat-en-els-darrers-14-dies-2-casos-a-chiva\/","title":{"rendered":"Sanitat atribueix un total de 118 contagis i 24 morts amb coronavirus a La Foia on nom\u00e9s s&#8217;han registrat en els darrers 14 dies 2 casos a Xiva"},"content":{"rendered":"\n<p class=\"wp-block-paragraph\">La Conselleria de Sanitat de la Generalitat Valenciana ha fet p\u00fabliques aquest dijous, per fi, les xifres dels morts i els contagiats per Covid-19 en cada un dels municipis de la Comunitat Valenciana. <\/p>\n\n\n\n<p class=\"wp-block-paragraph\">Unes dades que a partir d&#8217;ara es van publicar a la p\u00e0gina web de la Conselleria on s&#8217;oferir\u00e0 informaci\u00f3 de l&#8217;total de casos positius acumulats, diagnosticats a trav\u00e9s de PCR i la seua taxa d&#8217;incid\u00e8ncia. A m\u00e9s, s&#8217;inclour\u00e0 el nombre de casos positius dels \u00faltims 14 dies i la taxa d&#8217;incid\u00e8ncia en cada poblaci\u00f3 en aquest per\u00edode, mostrant aix\u00ed la incid\u00e8ncia actual de la pand\u00e8mia. <\/p>\n\n\n\n<p class=\"wp-block-paragraph\">En aquest apartat es mostrar\u00e0 tamb\u00e9 el nombre de morts per coronavirus en cada localitat i la taxa en funci\u00f3 de l&#8217;nombre d&#8217;habitants. &#8220;D&#8217;aquesta manera, es pret\u00e9n oferir una an\u00e0lisi tant diacr\u00f2nica, amb les dades acumulades des de l&#8217;inici de la pand\u00e8mia, com sincr\u00f2nic, \u00e9s a dir, amb la visualitzaci\u00f3 de la incid\u00e8ncia de l&#8217;coronavirus en l&#8217;actualitat en cada municipi&#8221;, segons han explicat des Sanitat.<\/p>\n\n\n\n<p class=\"wp-block-paragraph\">Despr\u00e9s de l&#8217;estudi de les dades oficials, es d\u00f3na la circumst\u00e0ncia que la pand\u00e8mia no nom\u00e9s ha afectat majorit\u00e0riament als municipis amb m\u00e9s poblaci\u00f3 de la comarca, ja que es d\u00f3na la circumst\u00e0ncia que el primer lloc de la llista d&#8217;afecci\u00f3 l&#8217;ocupa <strong>Alboraig<\/strong>, que amb prou feines una mica m\u00e9s de mil habitant ha registrat 39 casos i 9 morts.<\/p>\n\n\n\n<p class=\"wp-block-paragraph\">Despr\u00e9s Alboraig, <strong>Xiva<\/strong> ha estat el poble m\u00e9s afectat pel Covid-19 a La Foia, amb un total de 35 casos confirmats mitjan\u00e7ant prova PCR i 11 defuncions; seguit de <strong>Xest<\/strong> amb 17 casos de contagi confirmats i 2 morts; i en \u00faltim lloc <strong>Bunyol<\/strong> amb 16 casos confirmats i tamb\u00e9 dos morts.<\/p>\n\n\n\n<p class=\"wp-block-paragraph\">Per contra, en l&#8217;extrem oposat es troben els municipis de menor poblaci\u00f3, a excepci\u00f3 d&#8217;Alboraig. Aix\u00ed, en aquest segon grup en pobles com <strong>Dos Aig\u00fces<\/strong> i <strong>Set Aig\u00fces<\/strong> no s&#8217;ha registrat cap cas ni mort; i a <strong>I\u00e0tova<\/strong> i <strong>Macastre<\/strong> nom\u00e9s dos casos a cada un i cap mort. Tamb\u00e9 a la poblaci\u00f3 de <strong>Godelleta<\/strong> no s&#8217;ha produ\u00eft cap v\u00edctima mortal encara que s\u00ed dos contagis.<\/p>\n\n\n\n<p class=\"wp-block-paragraph\">Pel que fa als casos registrats oficialment en els \u00faltims 14 dies mitjan\u00e7ant prova PCR, nom\u00e9s Xiva ha registrat 2 contagis, mentre que a cap altre poble de la Foia ha hagut cap cas.<\/p>\n\n\n\n<p class=\"wp-block-paragraph\">Quadre de l&#8217;afectaci\u00f3 a La Foia de Bunyol-Xiva:<\/p>\n\n\n\n<p class=\"wp-block-paragraph\"><strong>Municipi    PCR+    PCR+14        Morts    Taxa PCR+      Taxa defuncions<\/strong><\/p>\n\n\n\n<p class=\"wp-block-paragraph\">Alboraig:  <strong>39\u00a0\u00a0|\u00a0\u00a00\u00a0\u00a0|\u00a0\u00a09<\/strong>    Taxa PCR+:\u00a020,01      Taxa defuncions:\u00a077,59<br>Bunyol: \u00a0<strong>16\u00a0\u00a0|\u00a0\u00a00\u00a0\u00a0|\u00a0\u00a02<\/strong>            Taxa PCR+:\u00a017,01      Taxa defuncions:\u00a02,13<br>Xest:  <strong>17\u00a0\u00a0|\u00a0\u00a00\u00a0\u00a0|\u00a0\u00a02<\/strong>           Taxa PCR+:\u00a020,01     Taxa defuncions:\u00a02,35<br>Xiva: \u00a0<strong>35\u00a0\u00a0|\u00a0\u00a02\u00a0\u00a0|\u00a0\u00a011<\/strong>          Taxa PCR+:\u00a023,14      Taxa defuncions:\u00a07,27<br>Dos Aig\u00fces:\u00a0 <strong>0\u00a0\u00a0|\u00a0\u00a00\u00a0\u00a0|\u00a0\u00a00<\/strong>      Taxa PCR+:\u00a00,00        Taxa defuncions:\u00a00,00<br>Godelleta:  <strong>7\u00a0\u00a0|\u00a0\u00a00\u00a0\u00a0|\u00a0\u00a00<\/strong>        Taxa PCR+:\u00a019,81      Taxa defuncions:\u00a00,00<br>Macastre:  <strong>2\u00a0\u00a0|\u00a0\u00a00\u00a0\u00a0|\u00a0\u00a00<\/strong>        Taxa PCR+:\u00a015,59      Taxa defuncions:\u00a00,00<br>Set Aig\u00fces:  <strong>0\u00a0\u00a0|\u00a0\u00a00\u00a0\u00a0|\u00a0\u00a00<\/strong>    Taxa PCR+:\u00a00,00        Taxa defuncions:\u00a00,00<br>I\u00e0tova:\u00a0 <strong>2\u00a0\u00a0|\u00a0\u00a00\u00a0\u00a0|\u00a0\u00a00<\/strong>            Taxa PCR+:\u00a09,68         Taxa defuncions:\u00a00,00<\/p>\n","protected":false},"excerpt":{"rendered":"<div class=\"mh-excerpt\">La Conselleria de Sanitat de la Generalitat Valenciana ha fet p\u00fabliques aquest dijous, per fi, les xifres dels morts i els contagiats per Covid-19 en cada un dels municipis de la Comunitat Valenciana. Unes dades <a class=\"mh-excerpt-more\" href=\"https:\/\/tucomarca.whitekongsoftware.com\/ca\/sanitat-atribueix-un-total-de-118-contagis-i-24-morts-amb-coronavirus-a-la-foia-on-nomes-shan-registrat-en-els-darrers-14-dies-2-casos-a-chiva\/\" title=\"Sanitat atribueix un total de 118 contagis i 24 morts amb coronavirus a La Foia on nom\u00e9s s&#8217;han registrat en els darrers 14 dies 2 casos a Xiva\">[+] <\/a><\/div>\n","protected":false},"author":1,"featured_media":107417,"comment_status":"open","ping_status":"open","sticky":false,"template":"","format":"standard","meta":{"footnotes":""},"categories":[10973,10911,11010,10976,10898,10977,10980,10948,10894,10912,10978,10903,10947,10896,10897,10974,10975],"tags":[11939,11940,11952,10914],"class_list":["post-107420","post","type-post","status-publish","format-standard","has-post-thumbnail","category-alborache-ca","category-bunol-ca","category-canal-salud","category-dos-aguas-ca","category-ventana-ca","category-godelleta-ca","category-yatova-ca","category-infraestructuras-ca","category-la-comarca-ca","category-la-hoya-ca","category-macastre-ca","category-medio-ambiente-la-comarca-ca","category-politica","category-seccion-ca","category-sucesos-la-comarca-ca","category-cheste-ca","category-chiva-ca","tag-coronavirus-ca","tag-covid-19-ca","tag-covid2019-ca","tag-la-hoya-de-bunol-chiva-ca"],"_links":{"self":[{"href":"https:\/\/tucomarca.whitekongsoftware.com\/ca\/wp-json\/wp\/v2\/posts\/107420","targetHints":{"allow":["GET"]}}],"collection":[{"href":"https:\/\/tucomarca.whitekongsoftware.com\/ca\/wp-json\/wp\/v2\/posts"}],"about":[{"href":"https:\/\/tucomarca.whitekongsoftware.com\/ca\/wp-json\/wp\/v2\/types\/post"}],"author":[{"embeddable":true,"href":"https:\/\/tucomarca.whitekongsoftware.com\/ca\/wp-json\/wp\/v2\/users\/1"}],"replies":[{"embeddable":true,"href":"https:\/\/tucomarca.whitekongsoftware.com\/ca\/wp-json\/wp\/v2\/comments?post=107420"}],"version-history":[{"count":0,"href":"https:\/\/tucomarca.whitekongsoftware.com\/ca\/wp-json\/wp\/v2\/posts\/107420\/revisions"}],"wp:featuredmedia":[{"embeddable":true,"href":"https:\/\/tucomarca.whitekongsoftware.com\/ca\/wp-json\/wp\/v2\/media\/107417"}],"wp:attachment":[{"href":"https:\/\/tucomarca.whitekongsoftware.com\/ca\/wp-json\/wp\/v2\/media?parent=107420"}],"wp:term":[{"taxonomy":"category","embeddable":true,"href":"https:\/\/tucomarca.whitekongsoftware.com\/ca\/wp-json\/wp\/v2\/categories?post=107420"},{"taxonomy":"post_tag","embeddable":true,"href":"https:\/\/tucomarca.whitekongsoftware.com\/ca\/wp-json\/wp\/v2\/tags?post=107420"}],"curies":[{"name":"wp","href":"https:\/\/api.w.org\/{rel}","templated":true}]}}