{"id":107388,"date":"2020-05-28T19:59:34","date_gmt":"2020-05-28T17:59:34","guid":{"rendered":"http:\/\/www.tucomarca.com\/wordpress\/segunda\/?p=107388"},"modified":"2020-05-28T19:59:35","modified_gmt":"2020-05-28T17:59:35","slug":"lassociacio-dempresaris-i-autonoms-posa-en-marxa-elige-bunyol-per-a-dinamitzar-les-compres-en-el-municipi","status":"publish","type":"post","link":"https:\/\/tucomarca.whitekongsoftware.com\/ca\/lassociacio-dempresaris-i-autonoms-posa-en-marxa-elige-bunyol-per-a-dinamitzar-les-compres-en-el-municipi\/","title":{"rendered":"L&#8217;Associaci\u00f3 d&#8217;empresaris i aut\u00f2noms posa en marxa &#8220;Elige Bunyol&#8221; per a dinamitzar les compres en el municipi"},"content":{"rendered":"\n<p class=\"wp-block-paragraph\">L&#8217;Associaci\u00f3 de Comerciants de Bunyol (ACYEB) informa de la campanya que anem que posar\u00e0 en marxa per a dinamitzar les compres a Bunyol i d&#8217;esta manera pal\u00b7liar la crisi ocasionada per la pand\u00e8mia del Covid-19.<\/p>\n\n\n\n<div class=\"wp-block-image\"><figure class=\"aligncenter\"><img loading=\"lazy\" decoding=\"async\" width=\"315\" height=\"502\" src=\"http:\/\/www.tucomarca.com\/wordpress\/segunda\/wp-content\/uploads\/2020\/05\/CARTEL-1.jpg\" alt=\"\" class=\"wp-image-107382\" srcset=\"https:\/\/tucomarca.whitekongsoftware.com\/wp-content\/uploads\/2020\/05\/CARTEL-1.jpg 315w, https:\/\/tucomarca.whitekongsoftware.com\/wp-content\/uploads\/2020\/05\/CARTEL-1-188x300.jpg 188w\" sizes=\"auto, (max-width: 315px) 100vw, 315px\" \/><\/figure><\/div>\n\n\n\n<p class=\"wp-block-paragraph\">Amb el lema &#8220;Por la teua gent, el teu poble i el teu comer\u00e7 pr\u00f2xim i segur TRIA BU\u00d1OL&#8221;, cada dia, durant tres mesos, es van a sortejar dos xecs regal per valor de 70EUR per a gastar en els comer\u00e7os i empreses associades.<\/p>\n\n\n\n<p class=\"wp-block-paragraph\">&#8220;Tendremos dos associats protagonistes cada dia, en el que els agraciats en el sorteig hauran d&#8217;utilitzar els seus xecs regalo.Vamos a repartir m\u00e9s de 9000EUR entre els clients per a gastar en tots i cada un dels nostres associats. Compra en el comer\u00e7 local, ens beneficiem tots! &#8221; informaven des de l&#8217;associaci\u00f3.<\/p>\n","protected":false},"excerpt":{"rendered":"<div class=\"mh-excerpt\">L&#8217;Associaci\u00f3 de Comerciants de Bunyol (ACYEB) informa de la campanya que anem que posar\u00e0 en marxa per a dinamitzar les compres a Bunyol i d&#8217;esta manera pal\u00b7liar la crisi ocasionada per la pand\u00e8mia del Covid-19. <a class=\"mh-excerpt-more\" href=\"https:\/\/tucomarca.whitekongsoftware.com\/ca\/lassociacio-dempresaris-i-autonoms-posa-en-marxa-elige-bunyol-per-a-dinamitzar-les-compres-en-el-municipi\/\" title=\"L&#8217;Associaci\u00f3 d&#8217;empresaris i aut\u00f2noms posa en marxa &#8220;Elige Bunyol&#8221; per a dinamitzar les compres en el municipi\">[+] <\/a><\/div>\n","protected":false},"author":12,"featured_media":107385,"comment_status":"open","ping_status":"open","sticky":false,"template":"","format":"standard","meta":{"footnotes":""},"categories":[10911,10948,10894,10912,10947,10896,10897],"tags":[10701,10385],"class_list":["post-107388","post","type-post","status-publish","format-standard","has-post-thumbnail","category-bunol-ca","category-infraestructuras-ca","category-la-comarca-ca","category-la-hoya-ca","category-politica","category-seccion-ca","category-sucesos-la-comarca-ca","tag-asociacion-de-comerciantes-de-bunol","tag-bunol"],"_links":{"self":[{"href":"https:\/\/tucomarca.whitekongsoftware.com\/ca\/wp-json\/wp\/v2\/posts\/107388","targetHints":{"allow":["GET"]}}],"collection":[{"href":"https:\/\/tucomarca.whitekongsoftware.com\/ca\/wp-json\/wp\/v2\/posts"}],"about":[{"href":"https:\/\/tucomarca.whitekongsoftware.com\/ca\/wp-json\/wp\/v2\/types\/post"}],"author":[{"embeddable":true,"href":"https:\/\/tucomarca.whitekongsoftware.com\/ca\/wp-json\/wp\/v2\/users\/12"}],"replies":[{"embeddable":true,"href":"https:\/\/tucomarca.whitekongsoftware.com\/ca\/wp-json\/wp\/v2\/comments?post=107388"}],"version-history":[{"count":0,"href":"https:\/\/tucomarca.whitekongsoftware.com\/ca\/wp-json\/wp\/v2\/posts\/107388\/revisions"}],"wp:featuredmedia":[{"embeddable":true,"href":"https:\/\/tucomarca.whitekongsoftware.com\/ca\/wp-json\/wp\/v2\/media\/107385"}],"wp:attachment":[{"href":"https:\/\/tucomarca.whitekongsoftware.com\/ca\/wp-json\/wp\/v2\/media?parent=107388"}],"wp:term":[{"taxonomy":"category","embeddable":true,"href":"https:\/\/tucomarca.whitekongsoftware.com\/ca\/wp-json\/wp\/v2\/categories?post=107388"},{"taxonomy":"post_tag","embeddable":true,"href":"https:\/\/tucomarca.whitekongsoftware.com\/ca\/wp-json\/wp\/v2\/tags?post=107388"}],"curies":[{"name":"wp","href":"https:\/\/api.w.org\/{rel}","templated":true}]}}