{"id":107182,"date":"2020-05-26T19:20:55","date_gmt":"2020-05-26T17:20:55","guid":{"rendered":"http:\/\/www.tucomarca.com\/wordpress\/segunda\/?p=107182"},"modified":"2020-05-26T19:21:22","modified_gmt":"2020-05-26T17:21:22","slug":"xest-sunix-als-10-dies-de-dol-per-les-victimes-del-coronavirus","status":"publish","type":"post","link":"https:\/\/tucomarca.whitekongsoftware.com\/ca\/xest-sunix-als-10-dies-de-dol-per-les-victimes-del-coronavirus\/","title":{"rendered":"Xest s&#8217;unix als 10 dies de dol per les v\u00edctimes del coronavirus"},"content":{"rendered":"\n<p class=\"wp-block-paragraph\">Espanya comen\u00e7a hui deu dies de dol oficial per les v\u00edctimes de la pand\u00e8mia Covid-19, el per\u00edode de dolc m\u00e9s prolongat de la recent etapa democr\u00e0tica d&#8217;Espanya, segons va afirmar dissabte passat, 23 de maig, el president del Govern.<\/p>\n\n\n\n<p class=\"wp-block-paragraph\">El dol s&#8217;inicia amb tot el territori espanyol almenys en la fase 1 de la desescalada del Pla per a la Transici\u00f3 a una Nova Normalitat. Durant deu dies ondejaran a mitja asta les banderes de tots els edificis p\u00fablics i dels barcos de l&#8217;Armada. A este dol se sumar\u00e0, al final de la desescalada, un acte d&#8217;homenatge oficial, aix\u00ed com altres commemoracions i memorials.<\/p>\n","protected":false},"excerpt":{"rendered":"<div class=\"mh-excerpt\">Espanya comen\u00e7a hui deu dies de dol oficial per les v\u00edctimes de la pand\u00e8mia Covid-19, el per\u00edode de dolc m\u00e9s prolongat de la recent etapa democr\u00e0tica d&#8217;Espanya, segons va afirmar dissabte passat, 23 de maig, <a class=\"mh-excerpt-more\" href=\"https:\/\/tucomarca.whitekongsoftware.com\/ca\/xest-sunix-als-10-dies-de-dol-per-les-victimes-del-coronavirus\/\" title=\"Xest s&#8217;unix als 10 dies de dol per les v\u00edctimes del coronavirus\">[+] <\/a><\/div>\n","protected":false},"author":12,"featured_media":107181,"comment_status":"open","ping_status":"open","sticky":false,"template":"","format":"standard","meta":{"footnotes":""},"categories":[11010,10948,10894,10912,10903,10947,10896,10897,10974],"tags":[11222,11939,11940,10914],"class_list":["post-107182","post","type-post","status-publish","format-standard","has-post-thumbnail","category-canal-salud","category-infraestructuras-ca","category-la-comarca-ca","category-la-hoya-ca","category-medio-ambiente-la-comarca-ca","category-politica","category-seccion-ca","category-sucesos-la-comarca-ca","category-cheste-ca","tag-ayuntamiento-de-cheste-ca","tag-coronavirus-ca","tag-covid-19-ca","tag-la-hoya-de-bunol-chiva-ca"],"_links":{"self":[{"href":"https:\/\/tucomarca.whitekongsoftware.com\/ca\/wp-json\/wp\/v2\/posts\/107182","targetHints":{"allow":["GET"]}}],"collection":[{"href":"https:\/\/tucomarca.whitekongsoftware.com\/ca\/wp-json\/wp\/v2\/posts"}],"about":[{"href":"https:\/\/tucomarca.whitekongsoftware.com\/ca\/wp-json\/wp\/v2\/types\/post"}],"author":[{"embeddable":true,"href":"https:\/\/tucomarca.whitekongsoftware.com\/ca\/wp-json\/wp\/v2\/users\/12"}],"replies":[{"embeddable":true,"href":"https:\/\/tucomarca.whitekongsoftware.com\/ca\/wp-json\/wp\/v2\/comments?post=107182"}],"version-history":[{"count":0,"href":"https:\/\/tucomarca.whitekongsoftware.com\/ca\/wp-json\/wp\/v2\/posts\/107182\/revisions"}],"wp:featuredmedia":[{"embeddable":true,"href":"https:\/\/tucomarca.whitekongsoftware.com\/ca\/wp-json\/wp\/v2\/media\/107181"}],"wp:attachment":[{"href":"https:\/\/tucomarca.whitekongsoftware.com\/ca\/wp-json\/wp\/v2\/media?parent=107182"}],"wp:term":[{"taxonomy":"category","embeddable":true,"href":"https:\/\/tucomarca.whitekongsoftware.com\/ca\/wp-json\/wp\/v2\/categories?post=107182"},{"taxonomy":"post_tag","embeddable":true,"href":"https:\/\/tucomarca.whitekongsoftware.com\/ca\/wp-json\/wp\/v2\/tags?post=107182"}],"curies":[{"name":"wp","href":"https:\/\/api.w.org\/{rel}","templated":true}]}}