{"id":107110,"date":"2020-04-02T19:20:52","date_gmt":"2020-04-02T17:20:52","guid":{"rendered":"http:\/\/www.tucomarca.com\/wordpress\/segunda\/?p=107110"},"modified":"2020-05-25T19:23:24","modified_gmt":"2020-05-25T17:23:24","slug":"publireportatge-el-centre-residencial-savia-de-xest-celebra-el-dia-internacional-de-la-dona","status":"publish","type":"post","link":"https:\/\/tucomarca.whitekongsoftware.com\/ca\/publireportatge-el-centre-residencial-savia-de-xest-celebra-el-dia-internacional-de-la-dona\/","title":{"rendered":"Publireportatge: El centre residencial Savia de Xest celebra el Dia Internacional de la Dona"},"content":{"rendered":"\n<p class=\"wp-block-paragraph\">Al llarg de la primera setmana de mar\u00e7 el Centre Residencial Savia va realitzar diferents activitats relacionades amb el Dia Internacional de la Dona.<\/p>\n\n\n\n<p class=\"wp-block-paragraph\">&#8220;Vam comen\u00e7ar la setmana amb un taller conversacional on parlem dels drets que els nostres i les nostres residents han anat adquirint amb el pas dels anys, com ara el dret a vot les dones, recordem com va ser la primera vegada que van votar i que van sentir, aix\u00ed com an\u00e8cdotes relacionades que cada un anaven aportant&#8221;.<\/p>\n\n\n\n<p class=\"wp-block-paragraph\">&#8220;Recordar \u00e9s un proc\u00e9s de el cicle vital que \u00e9s saludable i normal. Aquest taller conversacional va tenir grans beneficis sobre els \/ les residents, ja que recordar moments de l&#8217;passat exercita la mem\u00f2ria. A m\u00e9s, es veuen beneficiades diferents \u00e0rees com l&#8217;estimulaci\u00f3, la comunicaci\u00f3, la socialitzaci\u00f3 i l&#8217;entrenament&#8221;, com han explicat des de Savia.<\/p>\n\n\n\n<p class=\"wp-block-paragraph\">Tamb\u00e9 els i les residents al taller de manualitats van confeccionar un mural amb algunes de les dones m\u00e9s importants de la hist\u00f2ria que van lluitar pels drets de la dona, amb la idea d&#8217;exposar-lo posteriorment.<\/p>\n\n\n\n<p class=\"wp-block-paragraph\">&#8220;Diumenge 8, alguns dels nostres i les nostres residents van voler agrair a les nostres professionals l&#8217;esfor\u00e7 i la dedicaci\u00f3 que li posen cada dia a la seva tasca. Per tant, va ser una setmana repleta de diverses activitats on compartim els nostres records i temps junts, demostrant-un cop m\u00e9s l&#8217;afecte i agra\u00efment que sentim els uns pels altres &#8220;, han finalitzat des Savia Xest.<\/p>\n","protected":false},"excerpt":{"rendered":"<div class=\"mh-excerpt\">Al llarg de la primera setmana de mar\u00e7 el Centre Residencial Savia va realitzar diferents activitats relacionades amb el Dia Internacional de la Dona. &#8220;Vam comen\u00e7ar la setmana amb un taller conversacional on parlem dels <a class=\"mh-excerpt-more\" href=\"https:\/\/tucomarca.whitekongsoftware.com\/ca\/publireportatge-el-centre-residencial-savia-de-xest-celebra-el-dia-internacional-de-la-dona\/\" title=\"Publireportatge: El centre residencial Savia de Xest celebra el Dia Internacional de la Dona\">[+] <\/a><\/div>\n","protected":false},"author":12,"featured_media":107108,"comment_status":"open","ping_status":"open","sticky":false,"template":"","format":"standard","meta":{"footnotes":""},"categories":[11010,10948,10894,10912,10896,10974],"tags":[12134,12135,11071,5952,10914],"class_list":["post-107110","post","type-post","status-publish","format-standard","has-post-thumbnail","category-canal-salud","category-infraestructuras-ca","category-la-comarca-ca","category-la-hoya-ca","category-seccion-ca","category-cheste-ca","tag-centro-residencial-savia","tag-centro-residencial-savia-ca","tag-cheste","tag-la-hoya-de-bunol-chiva","tag-la-hoya-de-bunol-chiva-ca"],"_links":{"self":[{"href":"https:\/\/tucomarca.whitekongsoftware.com\/ca\/wp-json\/wp\/v2\/posts\/107110","targetHints":{"allow":["GET"]}}],"collection":[{"href":"https:\/\/tucomarca.whitekongsoftware.com\/ca\/wp-json\/wp\/v2\/posts"}],"about":[{"href":"https:\/\/tucomarca.whitekongsoftware.com\/ca\/wp-json\/wp\/v2\/types\/post"}],"author":[{"embeddable":true,"href":"https:\/\/tucomarca.whitekongsoftware.com\/ca\/wp-json\/wp\/v2\/users\/12"}],"replies":[{"embeddable":true,"href":"https:\/\/tucomarca.whitekongsoftware.com\/ca\/wp-json\/wp\/v2\/comments?post=107110"}],"version-history":[{"count":0,"href":"https:\/\/tucomarca.whitekongsoftware.com\/ca\/wp-json\/wp\/v2\/posts\/107110\/revisions"}],"wp:featuredmedia":[{"embeddable":true,"href":"https:\/\/tucomarca.whitekongsoftware.com\/ca\/wp-json\/wp\/v2\/media\/107108"}],"wp:attachment":[{"href":"https:\/\/tucomarca.whitekongsoftware.com\/ca\/wp-json\/wp\/v2\/media?parent=107110"}],"wp:term":[{"taxonomy":"category","embeddable":true,"href":"https:\/\/tucomarca.whitekongsoftware.com\/ca\/wp-json\/wp\/v2\/categories?post=107110"},{"taxonomy":"post_tag","embeddable":true,"href":"https:\/\/tucomarca.whitekongsoftware.com\/ca\/wp-json\/wp\/v2\/tags?post=107110"}],"curies":[{"name":"wp","href":"https:\/\/api.w.org\/{rel}","templated":true}]}}