{"id":107026,"date":"2020-05-25T13:41:57","date_gmt":"2020-05-25T11:41:57","guid":{"rendered":"http:\/\/www.tucomarca.com\/wordpress\/segunda\/?p=107026"},"modified":"2020-05-25T13:41:59","modified_gmt":"2020-05-25T11:41:59","slug":"lajuntament-de-bunyol-informa-dels-horaris-de-lautobus-urba","status":"publish","type":"post","link":"https:\/\/tucomarca.whitekongsoftware.com\/ca\/lajuntament-de-bunyol-informa-dels-horaris-de-lautobus-urba\/","title":{"rendered":"L&#8217;Ajuntament de Bunyol informa dels horaris de l&#8217;autob\u00fas urb\u00e0"},"content":{"rendered":"\n<p class=\"wp-block-paragraph\"><strong>Els divendres a la vesprada l&#8217;\u00faltim bus ser\u00e0 a les 20,00 h amb el recorregut alternatiu ja que es peatonaliza la pla\u00e7a, afavorint l&#8217;aflu\u00e8ncia de consumidors en les terrasses<\/strong><\/p>\n\n\n\n<p class=\"wp-block-paragraph\">Juncal Carrascosa, alcaldessa de Bunyol, ha informat tota la poblaci\u00f3 en general dels horaris de l&#8217;Autob\u00fas Urb\u00e0 en esta setmana que encara estem immersos en Fase 1 per\u00f2 comptem amb beneficis per ser un municipi menor a 10.000 habitants.<\/p>\n\n\n\n<p class=\"wp-block-paragraph\">L&#8217;Ajuntament de Bunyol ha llan\u00e7at un b\u00e0ner informatiu en qu\u00e8 detalla que l&#8217;aflu\u00e8ncia m\u00e0xima per viatge \u00e9s de 10 persones en el microb\u00fas i de 15 en l&#8217;autob\u00fas. Tenen prefer\u00e8ncia les persones majors o amb problemes de mobilitat. \u00c9s gratu\u00eft per a tots els passatgers fins al passe a la fase 2. S&#8217;entra per la porta posterior per a evitar el contacte amb el conductor. Han de respectar-se les mesures de seguretat i higiene establides.<\/p>\n\n\n\n<p class=\"wp-block-paragraph\">L&#8217;horari, amb eixides de l&#8217;Avinguda de la Foia, \u00e9s pels matins: 6h, 7.10, 7.40, 8.10, 8.40, 9.20, 10, 10.40, 11.20, 12, 12.40 i 13.20h. A les vesprades l&#8217;horari \u00e9s: 14h, 14.40, 15.20, 16, 16.40,17.20, 18, 18.40, 19.20, 20, 20.40 i 21.20h (divendres vesprada l&#8217;\u00faltim bus ser\u00e0 a les 20h, amb el recorregut alternatiu) . Els dissabtes l&#8217;horari \u00e9s: 7.20, 8, 8.40, 9.20, 10, 10.40, 11.20, 12, 12.40, 13.20 i 14h. Per a anar al cementeri l&#8217;horari \u00e9s de dilluns a dijous a les 17.20, a les 18h i a les 18.40h.<\/p>\n\n\n\n<p class=\"wp-block-paragraph\">Els divendres a la vesprada l&#8217;\u00faltim bus ser\u00e0 a les 20,00 h amb el recorregut alternatiu. Des de l&#8217;Ajuntament confirmen que eixe horari s&#8217;ha pensat per a peatonalizar la pla\u00e7a i aix\u00ed afavorir l&#8217;aflu\u00e8ncia de consumidors en les terrasses.<\/p>\n","protected":false},"excerpt":{"rendered":"<div class=\"mh-excerpt\">Els divendres a la vesprada l&#8217;\u00faltim bus ser\u00e0 a les 20,00 h amb el recorregut alternatiu ja que es peatonaliza la pla\u00e7a, afavorint l&#8217;aflu\u00e8ncia de consumidors en les terrasses Juncal Carrascosa, alcaldessa de Bunyol, ha <a class=\"mh-excerpt-more\" href=\"https:\/\/tucomarca.whitekongsoftware.com\/ca\/lajuntament-de-bunyol-informa-dels-horaris-de-lautobus-urba\/\" title=\"L&#8217;Ajuntament de Bunyol informa dels horaris de l&#8217;autob\u00fas urb\u00e0\">[+] <\/a><\/div>\n","protected":false},"author":12,"featured_media":107025,"comment_status":"open","ping_status":"open","sticky":false,"template":"","format":"standard","meta":{"footnotes":""},"categories":[10911,11010,10948,10894,10912,10903,10947,10896,10897],"tags":[5335,11937,11938,5952],"class_list":["post-107026","post","type-post","status-publish","format-standard","has-post-thumbnail","category-bunol-ca","category-canal-salud","category-infraestructuras-ca","category-la-comarca-ca","category-la-hoya-ca","category-medio-ambiente-la-comarca-ca","category-politica","category-seccion-ca","category-sucesos-la-comarca-ca","tag-ayuntamiento-de-bunol","tag-coronavirus","tag-covid-19","tag-la-hoya-de-bunol-chiva"],"_links":{"self":[{"href":"https:\/\/tucomarca.whitekongsoftware.com\/ca\/wp-json\/wp\/v2\/posts\/107026","targetHints":{"allow":["GET"]}}],"collection":[{"href":"https:\/\/tucomarca.whitekongsoftware.com\/ca\/wp-json\/wp\/v2\/posts"}],"about":[{"href":"https:\/\/tucomarca.whitekongsoftware.com\/ca\/wp-json\/wp\/v2\/types\/post"}],"author":[{"embeddable":true,"href":"https:\/\/tucomarca.whitekongsoftware.com\/ca\/wp-json\/wp\/v2\/users\/12"}],"replies":[{"embeddable":true,"href":"https:\/\/tucomarca.whitekongsoftware.com\/ca\/wp-json\/wp\/v2\/comments?post=107026"}],"version-history":[{"count":0,"href":"https:\/\/tucomarca.whitekongsoftware.com\/ca\/wp-json\/wp\/v2\/posts\/107026\/revisions"}],"wp:featuredmedia":[{"embeddable":true,"href":"https:\/\/tucomarca.whitekongsoftware.com\/ca\/wp-json\/wp\/v2\/media\/107025"}],"wp:attachment":[{"href":"https:\/\/tucomarca.whitekongsoftware.com\/ca\/wp-json\/wp\/v2\/media?parent=107026"}],"wp:term":[{"taxonomy":"category","embeddable":true,"href":"https:\/\/tucomarca.whitekongsoftware.com\/ca\/wp-json\/wp\/v2\/categories?post=107026"},{"taxonomy":"post_tag","embeddable":true,"href":"https:\/\/tucomarca.whitekongsoftware.com\/ca\/wp-json\/wp\/v2\/tags?post=107026"}],"curies":[{"name":"wp","href":"https:\/\/api.w.org\/{rel}","templated":true}]}}