{"id":107008,"date":"2020-05-23T13:11:09","date_gmt":"2020-05-23T11:11:09","guid":{"rendered":"http:\/\/www.tucomarca.com\/wordpress\/segunda\/?p=107008"},"modified":"2020-05-23T13:53:30","modified_gmt":"2020-05-23T11:53:30","slug":"lajuntament-de-xest-senyalitza-un-circuit-de-vianants","status":"publish","type":"post","link":"https:\/\/tucomarca.whitekongsoftware.com\/ca\/lajuntament-de-xest-senyalitza-un-circuit-de-vianants\/","title":{"rendered":"L&#8217;Ajuntament de Xest senyalitza un circuit de vianants"},"content":{"rendered":"\n<p class=\"wp-block-paragraph\">Des de l&#8217;entrada en la fase 0 de el pla de desescalada, l&#8217;aflu\u00e8ncia de ve\u00efns i ve\u00efnes que surten a caminar ha augmentat, de manera que l&#8217;Ajuntament de cheste ha senyalitzat una ruta que voreja el municipi, passant per la Im\u00e9s i el pol\u00edgon Pi Blay .<\/p>\n\n\n\n<p class=\"wp-block-paragraph\">El circuit de vianants complet t\u00e9 un recorregut circular de 6 km, es pot comen\u00e7ar des de qualsevol punt de la perif\u00e8ria de Xest i \u00e9s de doble sentit en tot el trajecte. Ja s&#8217;han instal\u00b7lat senyals, tant a terra com a panells, per indicar la direcci\u00f3 a aquelles persones que vulguin seguir-lo.<\/p>\n\n\n\n<p class=\"wp-block-paragraph\">Es recorda a la poblaci\u00f3 que les sortides amb nens i nenes, per fer passejades i per fer esport s&#8217;han de fer en les franges hor\u00e0ries establertes.<\/p>\n\n\n\n<figure class=\"wp-block-image\"><img loading=\"lazy\" decoding=\"async\" width=\"696\" height=\"984\" src=\"http:\/\/www.tucomarca.com\/wordpress\/segunda\/wp-content\/uploads\/2020\/05\/ChesteCircuitoPeatonal1.jpg\" alt=\"\" class=\"wp-image-107003\" srcset=\"https:\/\/tucomarca.whitekongsoftware.com\/wp-content\/uploads\/2020\/05\/ChesteCircuitoPeatonal1.jpg 696w, https:\/\/tucomarca.whitekongsoftware.com\/wp-content\/uploads\/2020\/05\/ChesteCircuitoPeatonal1-212x300.jpg 212w\" sizes=\"auto, (max-width: 696px) 100vw, 696px\" \/><\/figure>\n","protected":false},"excerpt":{"rendered":"<div class=\"mh-excerpt\">Des de l&#8217;entrada en la fase 0 de el pla de desescalada, l&#8217;aflu\u00e8ncia de ve\u00efns i ve\u00efnes que surten a caminar ha augmentat, de manera que l&#8217;Ajuntament de cheste ha senyalitzat una ruta que voreja <a class=\"mh-excerpt-more\" href=\"https:\/\/tucomarca.whitekongsoftware.com\/ca\/lajuntament-de-xest-senyalitza-un-circuit-de-vianants\/\" title=\"L&#8217;Ajuntament de Xest senyalitza un circuit de vianants\">[+] <\/a><\/div>\n","protected":false},"author":1,"featured_media":107006,"comment_status":"open","ping_status":"open","sticky":false,"template":"","format":"standard","meta":{"footnotes":""},"categories":[11010,10948,10894,10912,10903,10947,10896,10897,10974],"tags":[11939,11937,11940,11938,11951,11952,10914,5952],"class_list":["post-107008","post","type-post","status-publish","format-standard","has-post-thumbnail","category-canal-salud","category-infraestructuras-ca","category-la-comarca-ca","category-la-hoya-ca","category-medio-ambiente-la-comarca-ca","category-politica","category-seccion-ca","category-sucesos-la-comarca-ca","category-cheste-ca","tag-coronavirus-ca","tag-coronavirus","tag-covid-19-ca","tag-covid-19","tag-covid2019","tag-covid2019-ca","tag-la-hoya-de-bunol-chiva-ca","tag-la-hoya-de-bunol-chiva"],"_links":{"self":[{"href":"https:\/\/tucomarca.whitekongsoftware.com\/ca\/wp-json\/wp\/v2\/posts\/107008","targetHints":{"allow":["GET"]}}],"collection":[{"href":"https:\/\/tucomarca.whitekongsoftware.com\/ca\/wp-json\/wp\/v2\/posts"}],"about":[{"href":"https:\/\/tucomarca.whitekongsoftware.com\/ca\/wp-json\/wp\/v2\/types\/post"}],"author":[{"embeddable":true,"href":"https:\/\/tucomarca.whitekongsoftware.com\/ca\/wp-json\/wp\/v2\/users\/1"}],"replies":[{"embeddable":true,"href":"https:\/\/tucomarca.whitekongsoftware.com\/ca\/wp-json\/wp\/v2\/comments?post=107008"}],"version-history":[{"count":0,"href":"https:\/\/tucomarca.whitekongsoftware.com\/ca\/wp-json\/wp\/v2\/posts\/107008\/revisions"}],"wp:featuredmedia":[{"embeddable":true,"href":"https:\/\/tucomarca.whitekongsoftware.com\/ca\/wp-json\/wp\/v2\/media\/107006"}],"wp:attachment":[{"href":"https:\/\/tucomarca.whitekongsoftware.com\/ca\/wp-json\/wp\/v2\/media?parent=107008"}],"wp:term":[{"taxonomy":"category","embeddable":true,"href":"https:\/\/tucomarca.whitekongsoftware.com\/ca\/wp-json\/wp\/v2\/categories?post=107008"},{"taxonomy":"post_tag","embeddable":true,"href":"https:\/\/tucomarca.whitekongsoftware.com\/ca\/wp-json\/wp\/v2\/tags?post=107008"}],"curies":[{"name":"wp","href":"https:\/\/api.w.org\/{rel}","templated":true}]}}