{"id":106979,"date":"2020-05-23T13:42:57","date_gmt":"2020-05-23T11:42:57","guid":{"rendered":"http:\/\/www.tucomarca.com\/wordpress\/segunda\/?p=106979"},"modified":"2020-05-23T13:43:31","modified_gmt":"2020-05-23T11:43:31","slug":"lajuntament-de-bunyol-informa-de-les-franges-horaries-a-complir-despres-de-la-publicacio-en-boe-per-a-municipis-de-menys-de-10-000-habitants","status":"publish","type":"post","link":"https:\/\/tucomarca.whitekongsoftware.com\/ca\/lajuntament-de-bunyol-informa-de-les-franges-horaries-a-complir-despres-de-la-publicacio-en-boe-per-a-municipis-de-menys-de-10-000-habitants\/","title":{"rendered":"L&#8217;Ajuntament de Bunyol informa de les franges hor\u00e0ries a complir despr\u00e9s de la publicaci\u00f3 en BOE per a municipis de menys de 10.000 habitants"},"content":{"rendered":"\n<p class=\"wp-block-paragraph\"><strong>La Regidoria d&#8217;Interior i RRHH de l&#8217;Ajuntament de Bu\u00f1ol informa a la poblaci\u00f3 de que despr\u00e9s de la publicaci\u00f3 al BOE sobre les franges hor\u00e0ries com a municipi menor de 10.000 habitants amb densitat de poblaci\u00f3 inferior a 100 habitants per quil\u00f2metre quadrat, aix\u00ed com el tancament de la pla\u00e7a de l&#8217;Poble a l&#8217;tr\u00e0nsit divendres a la tarda, i des del dissabte a la tarda fins diumenge a la nit<\/strong><\/p>\n\n\n\n<p class=\"wp-block-paragraph\">El BOE arreplega hui divendres 22 de maig les noves mesures del Pla de Desescalada a la nova normalitat on des de hui els municipis de menys de 10.000 habitants tindran canvis respecte a la resta de localitats sobre les normes durant l&#8217;estat d&#8217;alarma pel coronavirus.<\/p>\n\n\n\n<p class=\"wp-block-paragraph\">Les mesures afectaran els municipis que tinguen menys de 10.001 habitants i no compten amb una densitat superior a 100 habitants per quil\u00f2metre quadrat. En les mesures s&#8217;arreplega que s&#8217;eliminen les franges hor\u00e0ries per als menors de 14 anys i per a fer esport, sempre que s&#8217;estiga empadronat en el municipi o si han estat convivint en el dit lloc els \u00faltims 14 dies durant les fases de desescalada. Tamb\u00e9 s&#8217;elimina la norma que nom\u00e9s un adult pot acompanyar a un m\u00e0xim de tres menors de 14 anys en els seus passejos.<\/p>\n\n\n\n<p class=\"wp-block-paragraph\">Respecte d&#8217;aix\u00f2, la regidora d&#8217;Interior i Recursos Humans del Consistori bunyolense, Mar\u00eda Vall\u00e9s, informa la poblaci\u00f3 del tancament de la Pla\u00e7a del Poble del divendres des de les 20h fins a la 1h de la nit, el dissabte al mat\u00ed obert per a facilitar el consum en comer\u00e7os, per\u00f2 es tancar\u00e0 a la vesprada, des de les 17h fins al diumenge a les 24h.<\/p>\n\n\n\n<p class=\"wp-block-paragraph\">&#8220;Adem\u00e9s, a causa del BOE els bars poden obrir els seus establiments en la seua part interna a un 40% del seu aforament. Tamb\u00e9 els esportistes s&#8217;eliminen les franges hor\u00e0ries sense ser professionals i per a menors de 14 anys. La resta de ciutadans ha de mantindre les franges hor\u00e0ries establides per a passejar. No est\u00e0 perm\u00e9s passar la vesprada en algun dels nostres parajes&#8221;, detalla Vall\u00e9s.<\/p>\n\n\n\n<p class=\"wp-block-paragraph\">Les activitats esportives es podran fer dins del municipi o en un espai de fins a cinc quil\u00f2metres, sempre que els pobles pr\u00f2xims es troben en la mateixa fase de desescalada i es trobe en la mateixa situaci\u00f3 en nombre d&#8217;habitants i en densitat geogr\u00e0fica per metre quadrat.<br><\/p>\n","protected":false},"excerpt":{"rendered":"<div class=\"mh-excerpt\">La Regidoria d&#8217;Interior i RRHH de l&#8217;Ajuntament de Bu\u00f1ol informa a la poblaci\u00f3 de que despr\u00e9s de la publicaci\u00f3 al BOE sobre les franges hor\u00e0ries com a municipi menor de 10.000 habitants amb densitat de <a class=\"mh-excerpt-more\" href=\"https:\/\/tucomarca.whitekongsoftware.com\/ca\/lajuntament-de-bunyol-informa-de-les-franges-horaries-a-complir-despres-de-la-publicacio-en-boe-per-a-municipis-de-menys-de-10-000-habitants\/\" title=\"L&#8217;Ajuntament de Bunyol informa de les franges hor\u00e0ries a complir despr\u00e9s de la publicaci\u00f3 en BOE per a municipis de menys de 10.000 habitants\">[+] <\/a><\/div>\n","protected":false},"author":12,"featured_media":106978,"comment_status":"open","ping_status":"open","sticky":false,"template":"","format":"standard","meta":{"footnotes":""},"categories":[10911,11010,10948,10894,10912,10947,10896],"tags":[11158,11939,11940,10914,12159],"class_list":["post-106979","post","type-post","status-publish","format-standard","has-post-thumbnail","category-bunol-ca","category-canal-salud","category-infraestructuras-ca","category-la-comarca-ca","category-la-hoya-ca","category-politica","category-seccion-ca","tag-ayuntamiento-de-bunol-ca","tag-coronavirus-ca","tag-covid-19-ca","tag-la-hoya-de-bunol-chiva-ca","tag-maria-valles-ca"],"_links":{"self":[{"href":"https:\/\/tucomarca.whitekongsoftware.com\/ca\/wp-json\/wp\/v2\/posts\/106979","targetHints":{"allow":["GET"]}}],"collection":[{"href":"https:\/\/tucomarca.whitekongsoftware.com\/ca\/wp-json\/wp\/v2\/posts"}],"about":[{"href":"https:\/\/tucomarca.whitekongsoftware.com\/ca\/wp-json\/wp\/v2\/types\/post"}],"author":[{"embeddable":true,"href":"https:\/\/tucomarca.whitekongsoftware.com\/ca\/wp-json\/wp\/v2\/users\/12"}],"replies":[{"embeddable":true,"href":"https:\/\/tucomarca.whitekongsoftware.com\/ca\/wp-json\/wp\/v2\/comments?post=106979"}],"version-history":[{"count":0,"href":"https:\/\/tucomarca.whitekongsoftware.com\/ca\/wp-json\/wp\/v2\/posts\/106979\/revisions"}],"wp:featuredmedia":[{"embeddable":true,"href":"https:\/\/tucomarca.whitekongsoftware.com\/ca\/wp-json\/wp\/v2\/media\/106978"}],"wp:attachment":[{"href":"https:\/\/tucomarca.whitekongsoftware.com\/ca\/wp-json\/wp\/v2\/media?parent=106979"}],"wp:term":[{"taxonomy":"category","embeddable":true,"href":"https:\/\/tucomarca.whitekongsoftware.com\/ca\/wp-json\/wp\/v2\/categories?post=106979"},{"taxonomy":"post_tag","embeddable":true,"href":"https:\/\/tucomarca.whitekongsoftware.com\/ca\/wp-json\/wp\/v2\/tags?post=106979"}],"curies":[{"name":"wp","href":"https:\/\/api.w.org\/{rel}","templated":true}]}}