{"id":106943,"date":"2020-05-22T23:55:53","date_gmt":"2020-05-22T21:55:53","guid":{"rendered":"http:\/\/www.tucomarca.com\/wordpress\/segunda\/?p=106943"},"modified":"2020-05-23T11:52:32","modified_gmt":"2020-05-23T09:52:32","slug":"sajorna-a-octubre-de-2021-la-fira-utiel-gastronomica-daquest-any-per-la-possibilitat-de-rebrots-de-coronavirus","status":"publish","type":"post","link":"https:\/\/tucomarca.whitekongsoftware.com\/ca\/sajorna-a-octubre-de-2021-la-fira-utiel-gastronomica-daquest-any-per-la-possibilitat-de-rebrots-de-coronavirus\/","title":{"rendered":"S&#8217;ajorna a octubre de 2021 la Fira Utiel Gastron\u00f2mica d&#8217;aquest any per la possibilitat de rebrots de coronavirus"},"content":{"rendered":"\n<p class=\"wp-block-paragraph\">L&#8217;Ajuntament d&#8217;Utiel i el comit\u00e8 organitzador de la Fira Utiel Gastron\u00f2mica han acordat &#8220;per unanimitat suspendre l&#8217;edici\u00f3 2020 tenint en compte l&#8217;actual situaci\u00f3 d&#8217;alerta sanit\u00e0ria provocada per la COVID-19 i la possibilitat de rebrots de la malaltia al llarg de l&#8217;any , segons han informat fonts municipals.<\/p>\n\n\n\n<p class=\"wp-block-paragraph\">&#8220;Una decisi\u00f3 especialment dolorosa ja que aquest any la fira complia 25 anys i l&#8217;organitzaci\u00f3 havia planificat novetats per a la celebraci\u00f3 del seu aniversari&#8221;, han afegit.<\/p>\n\n\n\n<p class=\"wp-block-paragraph\">No obstant aix\u00f2, &#8220;la incertesa que la crisi sanit\u00e0ria est\u00e0 generant i les dificultats que suposa la posada en marxa d&#8217;una fira agroaliment\u00e0ria d&#8217;aquestes caracter\u00edstiques en per\u00edode d&#8217;alerta sanit\u00e0ria, han portat a prendre aquesta determinaci\u00f3&#8221;.<\/p>\n\n\n\n<p class=\"wp-block-paragraph\">Cal destacar que Utiel Gastron\u00f2mica s&#8217;ha convertit en un dels principals reclams tur\u00edstics de la Comunitat Valenciana i atrau milers de visitants cada any. A m\u00e9s, la fira suposa el despla\u00e7ament d&#8217;expositors de diferents punts de la geografia espanyola.<\/p>\n\n\n\n<p class=\"wp-block-paragraph\">&#8220;Tenint en compte aquestes circumst\u00e0ncies, la posada en marxa d&#8217;Utiel Gastron\u00f2mica suposaria un risc per a la seguretat i la salut de tots&#8221;, segons les fonts municipals.<\/p>\n\n\n\n<p class=\"wp-block-paragraph\">L&#8217;Ajuntament d&#8217;Utiel i els representants dels sectors agroalimentari, hostaler i tur\u00edstic implicats en l&#8217;organitzaci\u00f3 d&#8217;aquesta fira, han &#8220;lamentat haver de prendre aquesta decisi\u00f3&#8221;, per\u00f2 han coincidit en la &#8220;necessitat de suspendre totes les activitats programades a la XXV edici\u00f3 d&#8217;Utiel Gastron\u00f2mica com una mostra de responsabilitat davant l&#8217;actual escenari de pand\u00e8mia&#8221;.<\/p>\n\n\n\n<p class=\"wp-block-paragraph\">El consistori utielano i la comissi\u00f3 organitzadora envien un missatge de &#8220;\u00e0nim a tots els participants&#8221; i esperen &#8220;amb especial il\u00b7lusi\u00f3 l&#8217;arribada de la XXV edici\u00f3 de la Fira Utiel Gastron\u00f2mica el 2021&#8221;.<\/p>\n","protected":false},"excerpt":{"rendered":"<div class=\"mh-excerpt\">L&#8217;Ajuntament d&#8217;Utiel i el comit\u00e8 organitzador de la Fira Utiel Gastron\u00f2mica han acordat &#8220;per unanimitat suspendre l&#8217;edici\u00f3 2020 tenint en compte l&#8217;actual situaci\u00f3 d&#8217;alerta sanit\u00e0ria provocada per la COVID-19 i la possibilitat de rebrots de <a class=\"mh-excerpt-more\" href=\"https:\/\/tucomarca.whitekongsoftware.com\/ca\/sajorna-a-octubre-de-2021-la-fira-utiel-gastronomica-daquest-any-per-la-possibilitat-de-rebrots-de-coronavirus\/\" title=\"S&#8217;ajorna a octubre de 2021 la Fira Utiel Gastron\u00f2mica d&#8217;aquest any per la possibilitat de rebrots de coronavirus\">[+] <\/a><\/div>\n","protected":false},"author":1,"featured_media":94179,"comment_status":"open","ping_status":"open","sticky":false,"template":"","format":"standard","meta":{"footnotes":""},"categories":[10905,11010,10898,10948,10894,10947,10909,10896,10897,11059],"tags":[11939,11937,11940,11938,11951,11952,10910,10387],"class_list":["post-106943","post","type-post","status-publish","format-standard","has-post-thumbnail","category-agricultura-la-comarca-ca","category-canal-salud","category-ventana-ca","category-infraestructuras-ca","category-la-comarca-ca","category-politica","category-requena-utiel-ca","category-seccion-ca","category-sucesos-la-comarca-ca","category-utiel-ca","tag-coronavirus-ca","tag-coronavirus","tag-covid-19-ca","tag-covid-19","tag-covid2019","tag-covid2019-ca","tag-requena-utiel-ca","tag-requena-utiel"],"_links":{"self":[{"href":"https:\/\/tucomarca.whitekongsoftware.com\/ca\/wp-json\/wp\/v2\/posts\/106943","targetHints":{"allow":["GET"]}}],"collection":[{"href":"https:\/\/tucomarca.whitekongsoftware.com\/ca\/wp-json\/wp\/v2\/posts"}],"about":[{"href":"https:\/\/tucomarca.whitekongsoftware.com\/ca\/wp-json\/wp\/v2\/types\/post"}],"author":[{"embeddable":true,"href":"https:\/\/tucomarca.whitekongsoftware.com\/ca\/wp-json\/wp\/v2\/users\/1"}],"replies":[{"embeddable":true,"href":"https:\/\/tucomarca.whitekongsoftware.com\/ca\/wp-json\/wp\/v2\/comments?post=106943"}],"version-history":[{"count":0,"href":"https:\/\/tucomarca.whitekongsoftware.com\/ca\/wp-json\/wp\/v2\/posts\/106943\/revisions"}],"wp:featuredmedia":[{"embeddable":true,"href":"https:\/\/tucomarca.whitekongsoftware.com\/ca\/wp-json\/wp\/v2\/media\/94179"}],"wp:attachment":[{"href":"https:\/\/tucomarca.whitekongsoftware.com\/ca\/wp-json\/wp\/v2\/media?parent=106943"}],"wp:term":[{"taxonomy":"category","embeddable":true,"href":"https:\/\/tucomarca.whitekongsoftware.com\/ca\/wp-json\/wp\/v2\/categories?post=106943"},{"taxonomy":"post_tag","embeddable":true,"href":"https:\/\/tucomarca.whitekongsoftware.com\/ca\/wp-json\/wp\/v2\/tags?post=106943"}],"curies":[{"name":"wp","href":"https:\/\/api.w.org\/{rel}","templated":true}]}}