{"id":106939,"date":"2020-05-22T23:00:57","date_gmt":"2020-05-22T21:00:57","guid":{"rendered":"http:\/\/www.tucomarca.com\/wordpress\/segunda\/?p=106939"},"modified":"2020-05-23T11:42:59","modified_gmt":"2020-05-23T09:42:59","slug":"baixa-un-50-locupacio-de-les-uci-i-un-40-les-persones-malaltes-de-covid-19-hospitalitzades-en-lultima-setmana","status":"publish","type":"post","link":"https:\/\/tucomarca.whitekongsoftware.com\/ca\/baixa-un-50-locupacio-de-les-uci-i-un-40-les-persones-malaltes-de-covid-19-hospitalitzades-en-lultima-setmana\/","title":{"rendered":"Baixa un 50% l&#8217;ocupaci\u00f3 de les UCI i un 40% les persones malaltes de COVID-19 hospitalitzades en l&#8217;\u00faltima setmana"},"content":{"rendered":"\n<p class=\"wp-block-paragraph\">El nombre de pacients en les unitats de cures intensives per COVID-19 a la Comunitat Valenciana s&#8217;ha redu\u00eft un 50% en l&#8217;\u00faltima setmana. A dia d&#8217;avui, nom\u00e9s hi ha 34 persones que requereixen aquestes cures en tota la Comunitat, 5 menys que en l&#8217;actualitzaci\u00f3 d&#8217;aquest dijous. Per prov\u00edncies: 4 en Castell\u00f3, 19 a Alacant i 11 a la prov\u00edncia de Val\u00e8ncia.<\/p>\n\n\n\n<p class=\"wp-block-paragraph\">Per la seva banda, el nombre de persones malaltes de coronavirus hospitalitzades tamb\u00e9 ha experimentat un descens de l&#8217;40% en l&#8217;\u00faltima setmana. En aquests moments hi ha 245 persones ingressades, 26 menys que aquest dijous. Per prov\u00edncies: 18 a Castell\u00f3, 77 a Alacant i 150 a la prov\u00edncia de Val\u00e8ncia.<\/p>\n\n\n\n<p class=\"wp-block-paragraph\">Les altes a pacients amb coronavirus tamb\u00e9 segueixen en augment. S&#8217;han registrat 186 m\u00e9s des de l&#8217;\u00faltima actualitzaci\u00f3, el que eleva a 10.709 el total de persones que s&#8217;han curat a la Comunitat: 1.418 a la prov\u00edncia de Castell\u00f3, 3.872 a la d&#8217;Alacant i 5.414 a la de Val\u00e8ncia, a les que hi ha sumar unes altres 5 corresponents a persones despla\u00e7ades. Suposen ja el 70% de l&#8217;total de casos positius<\/p>\n\n\n\n<p class=\"wp-block-paragraph\">Pel que fa a casos positius nous, des de l&#8217;actualitzaci\u00f3 d&#8217;aquest dijous s&#8217;han detectat 35 nous casos a trav\u00e9s de PCR que eleven a 11.021 el total de positius des que va comen\u00e7ar la pand\u00e8mia. Per prov\u00edncies:<\/p>\n\n\n\n<p class=\"wp-block-paragraph\">\u00b7 -1 a Castell\u00f3. Total: 1.505 (*)<\/p>\n\n\n\n<p class=\"wp-block-paragraph\">\u00b7 12 a Alacant. Total: 3.840<\/p>\n\n\n\n<p class=\"wp-block-paragraph\">\u00b7 23 a Val\u00e8ncia. Total: 5.671<\/p>\n\n\n\n<p class=\"wp-block-paragraph\">\u00b7 5 despla\u00e7ats (no nous)<\/p>\n\n\n\n<p class=\"wp-block-paragraph\">(*) A Castell\u00f3 cal restar un cas positiu que es va comptabilitzar aquest dijous i que, despr\u00e9s de la prova de confirmaci\u00f3, finalment ha donat negatiu.<\/p>\n\n\n\n<p class=\"wp-block-paragraph\">De tots els casos positius detectats, es troben actius a hores d&#8217;ara 3.156, el que suposa nom\u00e9s el 20,6%.<\/p>\n\n\n\n<p class=\"wp-block-paragraph\">Des d&#8217;ahir s&#8217;han produ\u00eft 7 nous morts, el que eleva a 1.407 les persones que han mort a la Comunitat Valenciana per coronavirus: 212 a la prov\u00edncia de Castell\u00f3, 494 a Alacant i 701 a la prov\u00edncia de Val\u00e8ncia.<\/p>\n\n\n\n<p class=\"wp-block-paragraph\">El nombre d&#8217;altes de professionals sanitaris \u00e9s de 2.119 i el nombre total de positius en professionals a hores d&#8217;ara \u00e9s de 578.<\/p>\n\n\n\n<p class=\"wp-block-paragraph\">El nombre total de proves dutes a terme per a la detecci\u00f3 de l&#8217;coronavirus han estat 278.579 de les quals 187.257 han estat a trav\u00e9s de PCR i 91.322 a trav\u00e9s de test r\u00e0pid.<\/p>\n\n\n\n<p class=\"wp-block-paragraph\">Actualitzaci\u00f3 de la situaci\u00f3 en resid\u00e8ncies<\/p>\n\n\n\n<p class=\"wp-block-paragraph\">Per tercer dia consecutiu no es registra cap mort de residents per coronavirus. A dia d&#8217;avui hi ha algun cas positiu en 82 centres (10 a la prov\u00edncia de Castell\u00f3, 35 a la d&#8217;Alacant i 37 a la prov\u00edncia de Val\u00e8ncia).<\/p>\n\n\n\n<p class=\"wp-block-paragraph\">\u00b7 Residents nous positius: 0<\/p>\n\n\n\n<p class=\"wp-block-paragraph\">\u00b7 Personal nou positiu: 10<\/p>\n\n\n\n<p class=\"wp-block-paragraph\">A hores d&#8217;ara, es troben sota vigil\u00e0ncia activa de control sanitari 28 resid\u00e8ncies a la Comunitat Valenciana: 8 a la prov\u00edncia de Castell\u00f3, 7 a la prov\u00edncia d&#8217;Alacant i 13 a la prov\u00edncia de Val\u00e8ncia.<\/p>\n","protected":false},"excerpt":{"rendered":"<div class=\"mh-excerpt\">El nombre de pacients en les unitats de cures intensives per COVID-19 a la Comunitat Valenciana s&#8217;ha redu\u00eft un 50% en l&#8217;\u00faltima setmana. A dia d&#8217;avui, nom\u00e9s hi ha 34 persones que requereixen aquestes cures <a class=\"mh-excerpt-more\" href=\"https:\/\/tucomarca.whitekongsoftware.com\/ca\/baixa-un-50-locupacio-de-les-uci-i-un-40-les-persones-malaltes-de-covid-19-hospitalitzades-en-lultima-setmana\/\" title=\"Baixa un 50% l&#8217;ocupaci\u00f3 de les UCI i un 40% les persones malaltes de COVID-19 hospitalitzades en l&#8217;\u00faltima setmana\">[+] <\/a><\/div>\n","protected":false},"author":1,"featured_media":103586,"comment_status":"open","ping_status":"open","sticky":false,"template":"","format":"standard","meta":{"footnotes":""},"categories":[11010,10898,10948,10894,10904,10903,10947,10896,10897],"tags":[11939,11937,11940,11938,11956,11955,11951,11952],"class_list":["post-106939","post","type-post","status-publish","format-standard","has-post-thumbnail","category-canal-salud","category-ventana-ca","category-infraestructuras-ca","category-la-comarca-ca","category-sin-categorizar-ca","category-medio-ambiente-la-comarca-ca","category-politica","category-seccion-ca","category-sucesos-la-comarca-ca","tag-coronavirus-ca","tag-coronavirus","tag-covid-19-ca","tag-covid-19","tag-covid19-ca","tag-covid19","tag-covid2019","tag-covid2019-ca"],"_links":{"self":[{"href":"https:\/\/tucomarca.whitekongsoftware.com\/ca\/wp-json\/wp\/v2\/posts\/106939","targetHints":{"allow":["GET"]}}],"collection":[{"href":"https:\/\/tucomarca.whitekongsoftware.com\/ca\/wp-json\/wp\/v2\/posts"}],"about":[{"href":"https:\/\/tucomarca.whitekongsoftware.com\/ca\/wp-json\/wp\/v2\/types\/post"}],"author":[{"embeddable":true,"href":"https:\/\/tucomarca.whitekongsoftware.com\/ca\/wp-json\/wp\/v2\/users\/1"}],"replies":[{"embeddable":true,"href":"https:\/\/tucomarca.whitekongsoftware.com\/ca\/wp-json\/wp\/v2\/comments?post=106939"}],"version-history":[{"count":0,"href":"https:\/\/tucomarca.whitekongsoftware.com\/ca\/wp-json\/wp\/v2\/posts\/106939\/revisions"}],"wp:featuredmedia":[{"embeddable":true,"href":"https:\/\/tucomarca.whitekongsoftware.com\/ca\/wp-json\/wp\/v2\/media\/103586"}],"wp:attachment":[{"href":"https:\/\/tucomarca.whitekongsoftware.com\/ca\/wp-json\/wp\/v2\/media?parent=106939"}],"wp:term":[{"taxonomy":"category","embeddable":true,"href":"https:\/\/tucomarca.whitekongsoftware.com\/ca\/wp-json\/wp\/v2\/categories?post=106939"},{"taxonomy":"post_tag","embeddable":true,"href":"https:\/\/tucomarca.whitekongsoftware.com\/ca\/wp-json\/wp\/v2\/tags?post=106939"}],"curies":[{"name":"wp","href":"https:\/\/api.w.org\/{rel}","templated":true}]}}