{"id":106906,"date":"2020-05-22T19:04:21","date_gmt":"2020-05-22T17:04:21","guid":{"rendered":"http:\/\/www.tucomarca.com\/wordpress\/segunda\/?p=106906"},"modified":"2020-05-22T19:04:23","modified_gmt":"2020-05-22T17:04:23","slug":"lajuntament-de-leliana-actualitzara-lordenanca-del-poligon-industrial-davant-el-seu-imminent-posada-en-marxa","status":"publish","type":"post","link":"https:\/\/tucomarca.whitekongsoftware.com\/ca\/lajuntament-de-leliana-actualitzara-lordenanca-del-poligon-industrial-davant-el-seu-imminent-posada-en-marxa\/","title":{"rendered":"L&#8217;Ajuntament de l&#8217;Eliana actualitzar\u00e0 l&#8217;ordenan\u00e7a del pol\u00edgon industrial davant el seu imminent posada en marxa"},"content":{"rendered":"\n<p class=\"wp-block-paragraph\">L&#8217;Ajuntament de l&#8217;Eliana ha mantingut una reuni\u00f3 t\u00e8cnica amb els agents implicats en la posada en la marxa del pol\u00edgon industrial. Els grups municipals, al costat dels t\u00e8cnics del consistori i el president de l&#8217;agrupaci\u00f3 de propietaris han comprovat l&#8217;estat de les obres, que finalitzaran en els pr\u00f2xims mesos. Per part de l&#8217;equip de govern, la trobada ha comptat amb la pres\u00e8ncia de Marta Andr\u00e9s, regidora de Grans Projectes, de l&#8217;edil d&#8217;Urbanisme, Vicente Zamora, i de l&#8217;alcalde de la localitat, Salva Torrent.\u00a0<\/p>\n\n\n\n<p class=\"wp-block-paragraph\">La reuni\u00f3 ha versat sobre la modificaci\u00f3 de l&#8217;Ordenan\u00e7a actual, amb la finalitat d&#8217;adequar-la a la nova realitat del parc empresarial, rectificant els usos permesos i el disseny del pol\u00edgon per a adaptar-lo als nous temps i contribuir a fer-ho m\u00e9s competitiu. L&#8217;objectiu del consistori \u00e9s avan\u00e7ar en paral\u00b7lel cap a la conclusi\u00f3 de les obres al mateix temps que s&#8217;actualitzen i adapten necess\u00e0riament les normes urban\u00edstiques que regeixen la zona industrial des de fa m\u00e9s de 20 anys.<\/p>\n\n\n\n<p class=\"wp-block-paragraph\">El nou entorn empresarial busca erigir-se en un espai d&#8217;innovaci\u00f3, tant per la seua cuidada ubicaci\u00f3 amb acc\u00e9s directe a l&#8217;Autovia CV-35, la seua proximitat a l&#8217;aeroport o la seua proximitat al nucli urb\u00e0, que li dota de multitud de serveis, com per la seua dotaci\u00f3 de zones verdes i aparcaments. Aquesta futura zona, de prop de 200.000 metres quadrats, posar\u00e0 en valor l&#8217;assentament empresarial de car\u00e0cter industrial, no-contaminant, a trav\u00e9s d&#8217;un programa d&#8217;actuacions intel\u00b7ligents que utilitze els recursos existents en el sistema de ci\u00e8ncia-tecnologia-empresa, dotant-los de recursos econ\u00f2mics i humans.&nbsp;<\/p>\n\n\n\n<p class=\"wp-block-paragraph\">L&#8217;alcalde, Salva Torrent, ha explicat que durant aquests mesos de confinament l&#8217;Ajuntament no s&#8217;ha paralitzat i ha estat comprom\u00e9s a rematar i buscar nous i grans projectes per a l&#8217;Eliana. \u201cEl treball ha donat els seus fruits ja que, abans de la seua posada en funcionament, el pol\u00edgon industrial ja ha sigut capa\u00e7 d&#8217;atraure a diverses empreses que crearan molts llocs de treball i major riquesa a la localitat\u201d, ha afirmat.<\/p>\n","protected":false},"excerpt":{"rendered":"<div class=\"mh-excerpt\">L&#8217;Ajuntament de l&#8217;Eliana ha mantingut una reuni\u00f3 t\u00e8cnica amb els agents implicats en la posada en la marxa del pol\u00edgon industrial. Els grups municipals, al costat dels t\u00e8cnics del consistori i el president de l&#8217;agrupaci\u00f3 <a class=\"mh-excerpt-more\" href=\"https:\/\/tucomarca.whitekongsoftware.com\/ca\/lajuntament-de-leliana-actualitzara-lordenanca-del-poligon-industrial-davant-el-seu-imminent-posada-en-marxa\/\" title=\"L&#8217;Ajuntament de l&#8217;Eliana actualitzar\u00e0 l&#8217;ordenan\u00e7a del pol\u00edgon industrial davant el seu imminent posada en marxa\">[+] <\/a><\/div>\n","protected":false},"author":1,"featured_media":106904,"comment_status":"open","ping_status":"open","sticky":false,"template":"","format":"standard","meta":{"footnotes":""},"categories":[10892,11010,10948,10894,10893,10947,10896,10897],"tags":[10899,10395,11939,11937,11940,11938,11951,11952],"class_list":["post-106906","post","type-post","status-publish","format-standard","has-post-thumbnail","category-camp-de-turia-ca","category-canal-salud","category-infraestructuras-ca","category-la-comarca-ca","category-leliana-ca","category-politica","category-seccion-ca","category-sucesos-la-comarca-ca","tag-camp-de-turia-ca","tag-camp-de-turia","tag-coronavirus-ca","tag-coronavirus","tag-covid-19-ca","tag-covid-19","tag-covid2019","tag-covid2019-ca"],"_links":{"self":[{"href":"https:\/\/tucomarca.whitekongsoftware.com\/ca\/wp-json\/wp\/v2\/posts\/106906","targetHints":{"allow":["GET"]}}],"collection":[{"href":"https:\/\/tucomarca.whitekongsoftware.com\/ca\/wp-json\/wp\/v2\/posts"}],"about":[{"href":"https:\/\/tucomarca.whitekongsoftware.com\/ca\/wp-json\/wp\/v2\/types\/post"}],"author":[{"embeddable":true,"href":"https:\/\/tucomarca.whitekongsoftware.com\/ca\/wp-json\/wp\/v2\/users\/1"}],"replies":[{"embeddable":true,"href":"https:\/\/tucomarca.whitekongsoftware.com\/ca\/wp-json\/wp\/v2\/comments?post=106906"}],"version-history":[{"count":0,"href":"https:\/\/tucomarca.whitekongsoftware.com\/ca\/wp-json\/wp\/v2\/posts\/106906\/revisions"}],"wp:featuredmedia":[{"embeddable":true,"href":"https:\/\/tucomarca.whitekongsoftware.com\/ca\/wp-json\/wp\/v2\/media\/106904"}],"wp:attachment":[{"href":"https:\/\/tucomarca.whitekongsoftware.com\/ca\/wp-json\/wp\/v2\/media?parent=106906"}],"wp:term":[{"taxonomy":"category","embeddable":true,"href":"https:\/\/tucomarca.whitekongsoftware.com\/ca\/wp-json\/wp\/v2\/categories?post=106906"},{"taxonomy":"post_tag","embeddable":true,"href":"https:\/\/tucomarca.whitekongsoftware.com\/ca\/wp-json\/wp\/v2\/tags?post=106906"}],"curies":[{"name":"wp","href":"https:\/\/api.w.org\/{rel}","templated":true}]}}