{"id":106774,"date":"2020-05-21T22:51:06","date_gmt":"2020-05-21T20:51:06","guid":{"rendered":"http:\/\/www.tucomarca.com\/wordpress\/segunda\/?p=106774"},"modified":"2020-05-21T22:51:42","modified_gmt":"2020-05-21T20:51:42","slug":"lajuntament-de-bunyol-a-traves-de-la-seua-societat-municipal-buinsa-convoca-dos-linies-dajudes-per-a-autonoms-i-microempreses-del-municipi","status":"publish","type":"post","link":"https:\/\/tucomarca.whitekongsoftware.com\/ca\/lajuntament-de-bunyol-a-traves-de-la-seua-societat-municipal-buinsa-convoca-dos-linies-dajudes-per-a-autonoms-i-microempreses-del-municipi\/","title":{"rendered":"L&#8217;Ajuntament de Bunyol, a trav\u00e9s de la seua societat municipal Buinsa, convoca dos l\u00ednies d&#8217;ajudes per a aut\u00f2noms i microempreses del municipi"},"content":{"rendered":"\n<p class=\"wp-block-paragraph\"><strong>L&#8217;Ajuntament de Bunyol, es proposa ajudar a aut\u00f2noms i microempreses de Bu\u00f1ol afectades per la crisi del Covid 19, per a aix\u00f2 ha convocat dos l\u00ednies d&#8217;ajuda a trav\u00e9s de la seua societat municipal, BUINSA<\/strong><\/p>\n\n\n\n<p class=\"wp-block-paragraph\">L&#8217;alcaldessa de Bunyol i responsable de l&#8217;\u00e0rea d&#8217;Ind\u00fastria, Comer\u00e7 i Ocupaci\u00f3 de l&#8217;Ajuntament de Bunyol, Juncal Carrascosa, ha informat de la celebraci\u00f3 en el dia d&#8217;ahir d&#8217;una segona Reuni\u00f3 Pacte Local per Covid19. En aquesta reuni\u00f3 van estar presents tots els partits pol\u00edtics del plenari, els sindicats, Associaci\u00f3 d&#8217;Empresaris i Aut\u00f2noms de Bunyol, aix\u00ed com BUINSA i altres entitats socials de la localitat.<\/p>\n\n\n\n<p class=\"wp-block-paragraph\">L&#8217;objectiu d&#8217;aquesta reuni\u00f3 era posar de manifest les bases de la convocat\u00f2ria d&#8217;ajudes que ja poden sol\u00b7licitar-se a trav\u00e9s d&#8217;BUINSA i que compten amb un pressupost de 110.000 euros per a aut\u00f2noms i microempreses de la localitat. Establir mesures pal\u00b7liatives per millorar l&#8217;actual situaci\u00f3 per la qual estan travessant nombrosos empresaris de Bunyol \u00e9s el gran objectiu de l&#8217;equip de govern. A m\u00e9s, un altre prop\u00f2sit era acordar mesures pal\u00b7liatives segons les propostes que havien format els integrants d&#8217;aquesta reuni\u00f3.<\/p>\n\n\n\n<p class=\"wp-block-paragraph\">Aquests ajuts s\u00f3n extretes de fons \u00edntegres municipals i les condicions de les mateixes han estat acordades amb l&#8217;Associaci\u00f3 d&#8217;Empresaris i Aut\u00f2noms de Bunyol. Per facilitar els tr\u00e0mits BUINSA \u00e9s l&#8217;encarregada de recollir les sol\u00b7licituds i gestionar aquestes ajudes.<\/p>\n\n\n\n<p class=\"wp-block-paragraph\">Juncal Carrascosa recorda que aquesta \u00e9s la segona l\u00ednia d&#8217;ajuts, la primera tramitada a trav\u00e9s de Serveis Socials i destinada a les fam\u00edlies en situaci\u00f3 d&#8217;emerg\u00e8ncia. Per a elles es va establir una quantitat de 50.000 \u20ac, ampliable si f\u00f3ra necessari. Tamb\u00e9 recorda que aquestes ajudes continuen obertes.<\/p>\n\n\n\n<p class=\"wp-block-paragraph\">Per\u00f2 referent als ajuts a aut\u00f2noms i comerciants s&#8217;ha establert que siguen compatibles amb les primeres de l&#8217;Ajuntament i amb les que fa\u00e7a el Ministeri. &#8220;Estem treballant de forma incansable per donar suport a un teixit empresarial de comer\u00e7 i serveis molt necessari en la nostra localitat i que est\u00e0 patint directament els danys d&#8217;aquesta crisi nombrosos danys col\u00b7laterals en el municipi&#8221;, assenyala Carrascosa.<\/p>\n\n\n\n<p class=\"wp-block-paragraph\">La primer edil reconeix que aquesta situaci\u00f3 \u00e9s molt complicada i que estan treballant bra\u00e7 a bra\u00e7 amb l&#8217;associaci\u00f3 de comerciants per a altres campanyes que puguen necessitar. &#8220;Anime que tots els aut\u00f2noms i microempreses entren a les webs de BUINSA i Ajuntament de Bunyol per a con\u00e8ixer aquestes ajudes i els seus requisits. \u00c9s una segona fase d&#8217;ajudes, que han estat molt consensuades amb tots els agents socials. Aglutina la majoria d&#8217;aquest sector tan perjudicat &#8220;, finalitza Juncal Carrascosa.<\/p>\n\n\n\n<p class=\"wp-block-paragraph\">Des de la Federaci\u00f3 de Municipis i Prov\u00edncies els ha semblat que les bases d&#8217;aquestes mesures s\u00f3n molt positives i fins i tot diuen poder-se adaptar a altres municipis.<\/p>\n\n\n\n<p class=\"wp-block-paragraph\">Enlla\u00e7 d&#8217;informaci\u00f3 de les ajudes:<\/p>\n\n\n\n<p class=\"wp-block-paragraph\">1.- Ajudes a aut\u00f2noms i microempreses que han susp\u00e9s la seua activitat.<\/p>\n\n\n\n<p class=\"wp-block-paragraph\">2.- Ajudes a aut\u00f2noms i microempreses que NO han susp\u00e9s la seua activitat.<\/p>\n","protected":false},"excerpt":{"rendered":"<div class=\"mh-excerpt\">L&#8217;Ajuntament de Bunyol, es proposa ajudar a aut\u00f2noms i microempreses de Bu\u00f1ol afectades per la crisi del Covid 19, per a aix\u00f2 ha convocat dos l\u00ednies d&#8217;ajuda a trav\u00e9s de la seua societat municipal, BUINSA <a class=\"mh-excerpt-more\" href=\"https:\/\/tucomarca.whitekongsoftware.com\/ca\/lajuntament-de-bunyol-a-traves-de-la-seua-societat-municipal-buinsa-convoca-dos-linies-dajudes-per-a-autonoms-i-microempreses-del-municipi\/\" title=\"L&#8217;Ajuntament de Bunyol, a trav\u00e9s de la seua societat municipal Buinsa, convoca dos l\u00ednies d&#8217;ajudes per a aut\u00f2noms i microempreses del municipi\">[+] <\/a><\/div>\n","protected":false},"author":12,"featured_media":103477,"comment_status":"open","ping_status":"open","sticky":false,"template":"","format":"standard","meta":{"footnotes":""},"categories":[10911,11010,10948,10894,10912,10947,10896,10897],"tags":[11939,11940,11952],"class_list":["post-106774","post","type-post","status-publish","format-standard","has-post-thumbnail","category-bunol-ca","category-canal-salud","category-infraestructuras-ca","category-la-comarca-ca","category-la-hoya-ca","category-politica","category-seccion-ca","category-sucesos-la-comarca-ca","tag-coronavirus-ca","tag-covid-19-ca","tag-covid2019-ca"],"_links":{"self":[{"href":"https:\/\/tucomarca.whitekongsoftware.com\/ca\/wp-json\/wp\/v2\/posts\/106774","targetHints":{"allow":["GET"]}}],"collection":[{"href":"https:\/\/tucomarca.whitekongsoftware.com\/ca\/wp-json\/wp\/v2\/posts"}],"about":[{"href":"https:\/\/tucomarca.whitekongsoftware.com\/ca\/wp-json\/wp\/v2\/types\/post"}],"author":[{"embeddable":true,"href":"https:\/\/tucomarca.whitekongsoftware.com\/ca\/wp-json\/wp\/v2\/users\/12"}],"replies":[{"embeddable":true,"href":"https:\/\/tucomarca.whitekongsoftware.com\/ca\/wp-json\/wp\/v2\/comments?post=106774"}],"version-history":[{"count":0,"href":"https:\/\/tucomarca.whitekongsoftware.com\/ca\/wp-json\/wp\/v2\/posts\/106774\/revisions"}],"wp:featuredmedia":[{"embeddable":true,"href":"https:\/\/tucomarca.whitekongsoftware.com\/ca\/wp-json\/wp\/v2\/media\/103477"}],"wp:attachment":[{"href":"https:\/\/tucomarca.whitekongsoftware.com\/ca\/wp-json\/wp\/v2\/media?parent=106774"}],"wp:term":[{"taxonomy":"category","embeddable":true,"href":"https:\/\/tucomarca.whitekongsoftware.com\/ca\/wp-json\/wp\/v2\/categories?post=106774"},{"taxonomy":"post_tag","embeddable":true,"href":"https:\/\/tucomarca.whitekongsoftware.com\/ca\/wp-json\/wp\/v2\/tags?post=106774"}],"curies":[{"name":"wp","href":"https:\/\/api.w.org\/{rel}","templated":true}]}}