{"id":106751,"date":"2020-05-20T18:30:43","date_gmt":"2020-05-20T16:30:43","guid":{"rendered":"http:\/\/www.tucomarca.com\/wordpress\/segunda\/?p=106751"},"modified":"2020-05-20T19:18:13","modified_gmt":"2020-05-20T17:18:13","slug":"la-comunitat-valenciana-no-pedira-todavia-por-prudencia-pasar-a-la-fase-2-de-desescalada-por-el-leve-repunte-en-los-contagios","status":"publish","type":"post","link":"https:\/\/tucomarca.whitekongsoftware.com\/ca\/la-comunitat-valenciana-no-pedira-todavia-por-prudencia-pasar-a-la-fase-2-de-desescalada-por-el-leve-repunte-en-los-contagios\/","title":{"rendered":"La Comunitat Valenciana no demanar\u00e0 encara &#8220;per prud\u00e8ncia&#8221; passar a la Fase 2 de desescalada pel lleu repunt en els contagis"},"content":{"rendered":"\n<p class=\"wp-block-paragraph\">La consellera de Sanitat Universal i Salut P\u00fablica, Ana Barcel\u00f3, ha donat a con\u00e8ixer que la Comunitat Valenciana no demanar\u00e0 aquesta setmana el pas a la fase 2 del proc\u00e9s de desescalada. Segons ha comentat Barcel\u00f3, &#8220;ha estat una decisi\u00f3 molt meditada, adoptada per prud\u00e8ncia, ja que la nostra principal obligaci\u00f3 \u00e9s protegir la salut dels valencians i valencianes&#8221;.<\/p>\n\n\n\n<p class=\"wp-block-paragraph\">Per la seua banda, la sotsdirectora general d&#8217;Epidemiologia, Vigil\u00e0ncia de la Salut i Sanitat Ambiental, Hermelinda Vanaclocha, ha explicat que la ra\u00f3 principal que ha motivat la presa d&#8217;aquesta decisi\u00f3 \u00e9s l&#8217;augment de l&#8217;\u00edndex de reproducci\u00f3 b\u00e0sic, que ha passat de 0, 66-,85.<\/p>\n\n\n\n<p class=\"wp-block-paragraph\">&#8220;Aquest augment s&#8217;ha registrat amb el passi dels deu primers departaments a la fase 1, per la qual cosa creiem convenient estudiar l&#8217;evoluci\u00f3 que es produeixi amb el passi dels 14 departaments restants&#8221;.<\/p>\n\n\n\n<p class=\"wp-block-paragraph\">D&#8217;altra banda, ha anunciat la contractaci\u00f3 de 1.210 professionals per al seguiment de contactes de casos positius de coronavirus a trav\u00e9s d&#8217;Atenci\u00f3 Prim\u00e0ria. L&#8217;objectiu \u00e9s aconseguir la major tra\u00e7abilitat de tots els contagis que es produeixin al llarg de l&#8217;proc\u00e9s de desescalada.<\/p>\n\n\n\n<p class=\"wp-block-paragraph\">En aquest sentit, ha explicat que es van a incorporar 600 professionals d&#8217;Infermeria, 334 auxiliars d&#8217;Administraci\u00f3, 185 zeladors i zeladores i 91 t\u00e8cnics i t\u00e8cniques en Cures Auxiliars d&#8217;Infermeria.<\/p>\n\n\n\n<p class=\"wp-block-paragraph\"><strong>Actualitzaci\u00f3 de la incid\u00e8ncia de coronavirus<\/strong><\/p>\n\n\n\n<p class=\"wp-block-paragraph\">Durant les \u00faltimes 24 hores s&#8217;han produ\u00eft 215 noves altes de pacients diagnosticats de coronavirus. Per tant, amb aquestes noves altes s&#8217;eleva a 10.185 el nombre de persones que ja han superat la malaltia a tot el territori (1.386 a Castell\u00f3, 3.736 a Alacant i 5.063 persones a la prov\u00edncia de Val\u00e8ncia). Suposen ja el 70% de l&#8217;total de casos positius.<\/p>\n\n\n\n<p class=\"wp-block-paragraph\">Pel que fa a casos positius nous, des de l&#8217;actualitzaci\u00f3 d&#8217;aquest diumenge s&#8217;han detectat 16 nous casos a trav\u00e9s de PCR que eleven a 10.930 el total de positius des que va comen\u00e7ar la pand\u00e8mia. Per prov\u00edncies:<\/p>\n\n\n\n<p class=\"wp-block-paragraph\">\u00b7 6 a Castell\u00f3. Total: 1.492<\/p>\n\n\n\n<p class=\"wp-block-paragraph\">\u00b7 6 a Alacant. Total: 3.808<\/p>\n\n\n\n<p class=\"wp-block-paragraph\">\u00b7 3 a Val\u00e8ncia. Total: 5.625<\/p>\n\n\n\n<p class=\"wp-block-paragraph\">\u00b7 1 despla\u00e7at<\/p>\n\n\n\n<p class=\"wp-block-paragraph\">\u00b7 4 despla\u00e7ats (no nous)<\/p>\n\n\n\n<p class=\"wp-block-paragraph\">A dia d&#8217;avui hi ha 333 persones ingressades en hospitals de la Comunitat Valenciana, 26 menys des de l&#8217;\u00faltima actualitzaci\u00f3 (30 a Castell\u00f3, 103 a Alacant i 200 a Val\u00e8ncia). A les UCI hi ha 51 pacients ingressats, 8 menys que ahir (5 a Castell\u00f3, 27 a Alacant i 19 a Val\u00e8ncia).<\/p>\n\n\n\n<p class=\"wp-block-paragraph\">Des d&#8217;ahir s&#8217;han produ\u00eft 6 nous morts, el que eleva a 1.394 les persones que han mort a la Comunitat Valenciana per coronavirus: 211 a la prov\u00edncia de Castell\u00f3, 488 a Alacant i 695 a la prov\u00edncia de Val\u00e8ncia.<\/p>\n\n\n\n<p class=\"wp-block-paragraph\">El nombre d&#8217;altes de professionals sanitaris \u00e9s de 2.061 i el nombre total de positius en professionals a hores d&#8217;ara \u00e9s de 628.<\/p>\n\n\n\n<p class=\"wp-block-paragraph\">El nombre total de proves dutes a terme per a la detecci\u00f3 de l&#8217;coronavirus han estat 258.219, de les quals 171.775 han estat a trav\u00e9s de PCR i 86.444 a trav\u00e9s de test r\u00e0pid.<\/p>\n\n\n\n<p class=\"wp-block-paragraph\">Actualitzaci\u00f3 de la situaci\u00f3 en resid\u00e8ncies<\/p>\n\n\n\n<p class=\"wp-block-paragraph\">A dia d&#8217;avui, hi ha algun cas positiu en 86 centres (12 a la prov\u00edncia de Castell\u00f3, 34 a la d&#8217;Alacant i 40 a la prov\u00edncia de Val\u00e8ncia).<\/p>\n\n\n\n<p class=\"wp-block-paragraph\">\u00b7 Residents nous positius: 5<\/p>\n\n\n\n<p class=\"wp-block-paragraph\">\u00b7 Personal nou positiu: 2<\/p>\n\n\n\n<p class=\"wp-block-paragraph\">\u00b7 Residents que han mort: 2<\/p>\n\n\n\n<p class=\"wp-block-paragraph\">A hores d&#8217;ara, es troben sota vigil\u00e0ncia activa de control sanitari 28 resid\u00e8ncies a la Comunitat Valenciana: 8 a la prov\u00edncia de Castell\u00f3, 7 a la prov\u00edncia d&#8217;Alacant i 13 a la prov\u00edncia de Val\u00e8ncia.<\/p>\n","protected":false},"excerpt":{"rendered":"<div class=\"mh-excerpt\">La consellera de Sanitat Universal i Salut P\u00fablica, Ana Barcel\u00f3, ha donat a con\u00e8ixer que la Comunitat Valenciana no demanar\u00e0 aquesta setmana el pas a la fase 2 del proc\u00e9s de desescalada. Segons ha comentat <a class=\"mh-excerpt-more\" href=\"https:\/\/tucomarca.whitekongsoftware.com\/ca\/la-comunitat-valenciana-no-pedira-todavia-por-prudencia-pasar-a-la-fase-2-de-desescalada-por-el-leve-repunte-en-los-contagios\/\" title=\"La Comunitat Valenciana no demanar\u00e0 encara &#8220;per prud\u00e8ncia&#8221; passar a la Fase 2 de desescalada pel lleu repunt en els contagis\">[+] <\/a><\/div>\n","protected":false},"author":1,"featured_media":106748,"comment_status":"open","ping_status":"open","sticky":false,"template":"","format":"standard","meta":{"footnotes":""},"categories":[11010,10898,10948,10894,10904,10903,10947,10896,10897],"tags":[11939,11940,11952],"class_list":["post-106751","post","type-post","status-publish","format-standard","has-post-thumbnail","category-canal-salud","category-ventana-ca","category-infraestructuras-ca","category-la-comarca-ca","category-sin-categorizar-ca","category-medio-ambiente-la-comarca-ca","category-politica","category-seccion-ca","category-sucesos-la-comarca-ca","tag-coronavirus-ca","tag-covid-19-ca","tag-covid2019-ca"],"_links":{"self":[{"href":"https:\/\/tucomarca.whitekongsoftware.com\/ca\/wp-json\/wp\/v2\/posts\/106751","targetHints":{"allow":["GET"]}}],"collection":[{"href":"https:\/\/tucomarca.whitekongsoftware.com\/ca\/wp-json\/wp\/v2\/posts"}],"about":[{"href":"https:\/\/tucomarca.whitekongsoftware.com\/ca\/wp-json\/wp\/v2\/types\/post"}],"author":[{"embeddable":true,"href":"https:\/\/tucomarca.whitekongsoftware.com\/ca\/wp-json\/wp\/v2\/users\/1"}],"replies":[{"embeddable":true,"href":"https:\/\/tucomarca.whitekongsoftware.com\/ca\/wp-json\/wp\/v2\/comments?post=106751"}],"version-history":[{"count":0,"href":"https:\/\/tucomarca.whitekongsoftware.com\/ca\/wp-json\/wp\/v2\/posts\/106751\/revisions"}],"wp:featuredmedia":[{"embeddable":true,"href":"https:\/\/tucomarca.whitekongsoftware.com\/ca\/wp-json\/wp\/v2\/media\/106748"}],"wp:attachment":[{"href":"https:\/\/tucomarca.whitekongsoftware.com\/ca\/wp-json\/wp\/v2\/media?parent=106751"}],"wp:term":[{"taxonomy":"category","embeddable":true,"href":"https:\/\/tucomarca.whitekongsoftware.com\/ca\/wp-json\/wp\/v2\/categories?post=106751"},{"taxonomy":"post_tag","embeddable":true,"href":"https:\/\/tucomarca.whitekongsoftware.com\/ca\/wp-json\/wp\/v2\/tags?post=106751"}],"curies":[{"name":"wp","href":"https:\/\/api.w.org\/{rel}","templated":true}]}}