{"id":106722,"date":"2020-05-20T15:21:17","date_gmt":"2020-05-20T13:21:17","guid":{"rendered":"http:\/\/www.tucomarca.com\/wordpress\/segunda\/?p=106722"},"modified":"2020-05-20T15:22:10","modified_gmt":"2020-05-20T13:22:10","slug":"el-71-de-la-poblacio-considera-de-risc-baix-acudir-a-petits-comercos-segons-lenquesta-de-la-generalitat-sobre-covid-19","status":"publish","type":"post","link":"https:\/\/tucomarca.whitekongsoftware.com\/ca\/el-71-de-la-poblacio-considera-de-risc-baix-acudir-a-petits-comercos-segons-lenquesta-de-la-generalitat-sobre-covid-19\/","title":{"rendered":"El 71 % de la poblaci\u00f3 considera de risc baix acudir a petits comer\u00e7os, segons l&#8217;enquesta de la Generalitat sobre Covid-19"},"content":{"rendered":"\n<p class=\"wp-block-paragraph\"><strong>La sisena onada de l&#8217;estudi realitzat pel grup de treball Data Science for COVID-19 analitza la percepci\u00f3 de la ciutadania sobre el risc que impliquen diverses activitats&nbsp;<br>&#8220;\u00c9s important transmetre que aquelles activitats que es poden tornar a fer, ho faran amb les mesures de seguretat necess\u00e0ries&#8221;, subratlla la directora general d&#8217;An\u00e0lisi i Pol\u00edtiques P\u00fabliques, Ana Berenguer<\/strong><\/p>\n\n\n\n<p class=\"wp-block-paragraph\">El 70,9 % de la poblaci\u00f3 considera de risc baix fer la compra en petits comer\u00e7os mantenint la dist\u00e0ncia de seguretat i el 82,3 % afirma que percep com a segur fer esport de manera individual, segons la sisena onada de l&#8217;enquesta elaborada pel grup de treball Data Science for COVID-19, dirigit per la comissionada de la Presid\u00e8ncia per a l&#8217;Estrat\u00e8gia Valenciana per a la Intel\u00b7lig\u00e8ncia Artificial, Nuria Oliver.&nbsp;<\/p>\n\n\n\n<p class=\"wp-block-paragraph\">L&#8217;enquesta, que es fa de manera peri\u00f2dica des de l&#8217;inici de l&#8217;estat d&#8217;alarma, ha incl\u00f2s en aquesta onada una pregunta referent a la percepci\u00f3 de risc en diverses activitats que es tornaran a fer com a conseq\u00fc\u00e8ncia de l&#8217;avan\u00e7 en la desescalada una vegada estiguen permeses.&nbsp;<\/p>\n\n\n\n<p class=\"wp-block-paragraph\">La directora d&#8217;An\u00e0lisi i Pol\u00edtiques P\u00fabliques, Ana Berenguer, considera positiu que la major part de la ciutadania perceba com a segur acudir a petits comer\u00e7os per l&#8217;impacte que tindr\u00e0 en la reactivaci\u00f3 de l&#8217;economia. &#8220;El petit comer\u00e7 ha resultat especialment castigat per la situaci\u00f3 i \u00e9s molt important que tinga la confian\u00e7a dels valencians i les valencianes&#8221;, ha indicat.&nbsp;<\/p>\n\n\n\n<p class=\"wp-block-paragraph\">L&#8217;assist\u00e8ncia a locals xicotets, com perruqueries, amb cita pr\u00e8via, tamb\u00e9 \u00e9s percebuda com una activitat de risc baix per al 59 % de les persones enquestades. Altres activitats, com reunir-se a casa amb amistats, \u00e9s de risc baix per a un 27 %; menjar o sopar en restaurants amb limitaci\u00f3 d&#8217;aforament, per a un 23,2 %, o estar en terrasses de bars en grup, per a un 21,9 %; s\u00f3n indicadors que reflecteixen la prud\u00e8ncia de la ciutadania respecte a aquestes activitats.&nbsp;<\/p>\n\n\n\n<p class=\"wp-block-paragraph\">&#8220;Hem iniciat el cam\u00ed de tornada a la normalitat sanit\u00e0ria, econ\u00f2mica i social, i \u00e9s important transmetre que les activitats que es poden tornar a fer ho faran amb les mesures de seguretat necess\u00e0ries per a minimitzar-ne el risc&#8221;, explica Berenguer.&nbsp;<\/p>\n\n\n\n<p class=\"wp-block-paragraph\">Fer viatges en transport urb\u00e0 o interurb\u00e0, amb un 19,7 %; acudir a cines, teatres o espectacles, amb un 16,8 %; participar en oficis religiosos, amb un 14,88 %; assistir a l&#8217;escola o l&#8217;institut, amb un 7,9 %, i viatjar amb avi\u00f3, amb un 5,4%, tenen els percentatges m\u00e9s baixos sobre les activitats que la poblaci\u00f3 considera que ser\u00e0 possible fer amb un risc baix de contagi una vegada estiguen permeses.&nbsp;&nbsp;<\/p>\n\n\n\n<p class=\"wp-block-paragraph\">Aquestes s\u00f3n algunes de les conclusions de l&#8217;enquesta duta a terme pel grup de treball Data Science for COVID-19 l&#8217;objectiu del qual \u00e9s l&#8217;aplicaci\u00f3 de t\u00e8cniques d&#8217;intel\u00b7lig\u00e8ncia artificial (IA) i l&#8217;an\u00e0lisi de dades per a ajudar en la presa de decisions p\u00fabliques en el context de la pand\u00e8mia del coronavirus.&nbsp;<\/p>\n\n\n\n<p class=\"wp-block-paragraph\"><strong>Q\u00fcestionari<\/strong><\/p>\n\n\n\n<p class=\"wp-block-paragraph\">El q\u00fcestionari, que disposa de 180.000 respostes acumulades, ha sigut dissenyat pel grup de treball liderat per Nuria Oliver, del qual formen part persones expertes de la Universitat Jaume I, la Universitat de Val\u00e8ncia, la Universitat Polit\u00e8cnica de Val\u00e8ncia, la Universitat Miguel Hern\u00e1ndez, la Universitat d&#8217;Alacant, la CEU Cardenal Herrera i Fisabio.&nbsp;<\/p>\n\n\n\n<p class=\"wp-block-paragraph\">La sisena ronda de l&#8217;enquesta sobre la COVID-19 es va fer entre l&#8217;1 i el 7 de maig i es van obtindre 9.177 respostes a Espanya, el 41 % a la Comunitat Valenciana.&nbsp;<\/p>\n\n\n\n<p class=\"wp-block-paragraph\">M\u00e9s informaci\u00f3:&nbsp;<a href=\"http:\/\/w3.argos.gva.es\/es\/encuestas\/covid-19\" target=\"_blank\" rel=\"noreferrer noopener\">consulteu ac\u00ed<\/a>.<\/p>\n","protected":false},"excerpt":{"rendered":"<div class=\"mh-excerpt\">La sisena onada de l&#8217;estudi realitzat pel grup de treball Data Science for COVID-19 analitza la percepci\u00f3 de la ciutadania sobre el risc que impliquen diverses activitats&nbsp;&#8220;\u00c9s important transmetre que aquelles activitats que es poden <a class=\"mh-excerpt-more\" href=\"https:\/\/tucomarca.whitekongsoftware.com\/ca\/el-71-de-la-poblacio-considera-de-risc-baix-acudir-a-petits-comercos-segons-lenquesta-de-la-generalitat-sobre-covid-19\/\" title=\"El 71 % de la poblaci\u00f3 considera de risc baix acudir a petits comer\u00e7os, segons l&#8217;enquesta de la Generalitat sobre Covid-19\">[+] <\/a><\/div>\n","protected":false},"author":12,"featured_media":106719,"comment_status":"open","ping_status":"open","sticky":false,"template":"","format":"standard","meta":{"footnotes":""},"categories":[11010,10898,10948,10894,10904,10903,10947,10896,10897],"tags":[11939,11940,11498,10914],"class_list":["post-106722","post","type-post","status-publish","format-standard","has-post-thumbnail","category-canal-salud","category-ventana-ca","category-infraestructuras-ca","category-la-comarca-ca","category-sin-categorizar-ca","category-medio-ambiente-la-comarca-ca","category-politica","category-seccion-ca","category-sucesos-la-comarca-ca","tag-coronavirus-ca","tag-covid-19-ca","tag-generalitat-valenciana-ca","tag-la-hoya-de-bunol-chiva-ca"],"_links":{"self":[{"href":"https:\/\/tucomarca.whitekongsoftware.com\/ca\/wp-json\/wp\/v2\/posts\/106722","targetHints":{"allow":["GET"]}}],"collection":[{"href":"https:\/\/tucomarca.whitekongsoftware.com\/ca\/wp-json\/wp\/v2\/posts"}],"about":[{"href":"https:\/\/tucomarca.whitekongsoftware.com\/ca\/wp-json\/wp\/v2\/types\/post"}],"author":[{"embeddable":true,"href":"https:\/\/tucomarca.whitekongsoftware.com\/ca\/wp-json\/wp\/v2\/users\/12"}],"replies":[{"embeddable":true,"href":"https:\/\/tucomarca.whitekongsoftware.com\/ca\/wp-json\/wp\/v2\/comments?post=106722"}],"version-history":[{"count":0,"href":"https:\/\/tucomarca.whitekongsoftware.com\/ca\/wp-json\/wp\/v2\/posts\/106722\/revisions"}],"wp:featuredmedia":[{"embeddable":true,"href":"https:\/\/tucomarca.whitekongsoftware.com\/ca\/wp-json\/wp\/v2\/media\/106719"}],"wp:attachment":[{"href":"https:\/\/tucomarca.whitekongsoftware.com\/ca\/wp-json\/wp\/v2\/media?parent=106722"}],"wp:term":[{"taxonomy":"category","embeddable":true,"href":"https:\/\/tucomarca.whitekongsoftware.com\/ca\/wp-json\/wp\/v2\/categories?post=106722"},{"taxonomy":"post_tag","embeddable":true,"href":"https:\/\/tucomarca.whitekongsoftware.com\/ca\/wp-json\/wp\/v2\/tags?post=106722"}],"curies":[{"name":"wp","href":"https:\/\/api.w.org\/{rel}","templated":true}]}}