{"id":106714,"date":"2020-05-20T14:45:49","date_gmt":"2020-05-20T12:45:49","guid":{"rendered":"http:\/\/www.tucomarca.com\/wordpress\/segunda\/?p=106714"},"modified":"2020-05-20T14:45:52","modified_gmt":"2020-05-20T12:45:52","slug":"detenen-una-persona-i-investiguen-a-altres-dos-per-un-presumpte-delicte-de-trafic-de-drogues-en-una-urbanitzacio-de-godelleta","status":"publish","type":"post","link":"https:\/\/tucomarca.whitekongsoftware.com\/ca\/detenen-una-persona-i-investiguen-a-altres-dos-per-un-presumpte-delicte-de-trafic-de-drogues-en-una-urbanitzacio-de-godelleta\/","title":{"rendered":"Detenen una persona i investiguen a altres dos per un presumpte delicte de tr\u00e0fic de drogues en una urbanitzaci\u00f3 de Godelleta"},"content":{"rendered":"\n<p class=\"wp-block-paragraph\">La Gu\u00e0rdia Civil de Chiva, en col\u00b7laboraci\u00f3 amb la Policia Local de Godelleta i Xiva, en el marc de l&#8217;Operaci\u00f3 &#8220;Green Triple&#8221; desenvolupada a la prov\u00edncia de Val\u00e8ncia han aconseguit detenir un home de nacionalitat espanyola de 45 anys d&#8217;edat a qu\u00e8 es li imputa un delicte contra la salut p\u00fablica per tr\u00e0fic, cultiu i elaboraci\u00f3 de drogues i investigar a dues persones m\u00e9s: un home i una dona de 34 a 44 anys d&#8217;edat de nacionalitat espanyola per la seva possible participaci\u00f3 en el delicte de cultiu de drogues i un altre per defraudaci\u00f3 de fluid el\u00e8ctric.<\/p>\n\n\n\n<p class=\"wp-block-paragraph\">Les investigacions van comen\u00e7ar a primers del mes de maig, quan es va aturar a la matinada el 4 a el 5 de maig de 2020 a una persona que, sense ra\u00f3 justificada, circulava per una urbanitzaci\u00f3 de el terme municipal de Chiva, vulnerant d&#8217;aquesta manera la limitaci\u00f3 de circulaci\u00f3 sense causa justificada que es trobava vigent en aquest moment a conseq\u00fc\u00e8ncia de la pand\u00e8mia de covid-19 que s&#8217;est\u00e0 patint.<\/p>\n\n\n\n<p class=\"wp-block-paragraph\">Despr\u00e9s de l&#8217;an\u00e0lisi de la informaci\u00f3 recollida, &#8220;es van iniciar de forma r\u00e0pida les investigacions per poder d&#8217;aquesta manera, localitzar, identificar i detenir els membres de el grup que podria haver estat dedicant-se des de feia temps a el cultiu, elaboraci\u00f3 i tr\u00e0fic de marihuana a urbanitzacions de Chiva i Godelleta i que \u00faltimament haurien estat distribuint droga aprofitant les vies de comunicaci\u00f3 amb menys tr\u00e0nsit i d&#8217;aquesta manera contravenint les limitacions de circulaci\u00f3 de persones establertes per l&#8217;actual estat d&#8217;alarma &#8220;, segons fonts de la Comand\u00e0ncia de la Gu\u00e0rdia Civil de Val\u00e8ncia .<\/p>\n\n\n\n<p class=\"wp-block-paragraph\">&#8220;De les investigacions dutes a terme pels agents encarregats de el cas, es va poder esbrinar que un grup de persones s&#8217;assentava en dues diferents localitzacions, situades entre els termes municipals de Chiva i Godelleta, havent-se dut a terme manipulacions a la xarxa el\u00e8ctrica d&#8217;una dels habitatges, un pont als comptadors, amb el que consumien energia el\u00e8ctrica de forma gratu\u00efta &#8220;.<\/p>\n\n\n\n<p class=\"wp-block-paragraph\">Amb aquests indicis van comen\u00e7ar les indagacions, &#8220;que van permetre constatar que un home podria estar cultivant droga a l&#8217;interior d&#8217;un habitatge i posteriorment distribuint per la zona, aprofitant les vies de comunicaci\u00f3 menys transitades i prenent per a aix\u00f2 precaucions tals com viatjar a altes hores de la nit. Fruit de la coordinaci\u00f3 operativa per al compliment efectiu de les limitacions de moviment de persones per l&#8217;estat d&#8217;alarma que v\u00e9nen duent a terme la Gu\u00e0rdia Civil de Chiva i les policies locals de Chiva i Godelleta, la nit de el 4 a el 5 de maig es va detectar el despla\u00e7ament d&#8217;un turisme i a l&#8217;intentar verificar si aquest moviment estava justificat, es va sorprendre el conductor de 45 anys portant tres bosses de mig quilo aproximat cadascuna d&#8217;elles i que contenien marihuana a punt per ser venuda &#8220;.<\/p>\n\n\n\n<p class=\"wp-block-paragraph\">Un cop es va haver detingut l&#8217;autor, &#8220;es van iniciar r\u00e0pides indagacions per localitzar el lloc de qu\u00e8 podria procedir la droga confiscada, arribant als agents a les poques hores, fins un habitatge adossada de la urbanitzaci\u00f3 de Godelleta en la qual es trobava residint un home i una dona de 34 i 44 anys d&#8217;edat de nacionalitat espanyola i on finalment es va dur a terme un registre domiciliari que va culminar amb la intervenci\u00f3 de materials i elements per a la instal\u00b7laci\u00f3 completa d&#8217;un laboratori de marihuana aix\u00ed com la detecci\u00f3 d&#8217;una defraudaci\u00f3 d&#8217;electricitat que en el seu conjunt, demostraria una anterior activitat continuada de cultiu i elaboraci\u00f3 de droga, de manera que aquests efectes van ser intervinguts, retirats de el lloc i posats a disposici\u00f3 judicial &#8220;.<\/p>\n\n\n\n<p class=\"wp-block-paragraph\">Els detinguts estaven defraudant el fluid el\u00e8ctric, ja que havien pontejat els sistemes el\u00e8ctrics per no haver de fer front a l&#8217;alt cost de les factures. El xalet registrat comptava amb &#8220;un sofisticat circuit il\u00b7legal el\u00e8ctric&#8221; en qu\u00e8 el corrent el\u00e8ctric era subministrada a la propietat de forma il\u00b7l\u00edcita.<\/p>\n\n\n\n<p class=\"wp-block-paragraph\">Aquesta operaci\u00f3 policial s&#8217;emmarca dins dels serveis establerts per la Gu\u00e0rdia Civil en tot el territori nacional per prevenir el tr\u00e0fic i cultiu de subst\u00e0ncies estupefaents a la prov\u00edncia de Val\u00e8ncia i eradicar els punts de venda de droga a la venda al detall dins el Pla Operatiu de resposta policial a l&#8217;tr\u00e0nsit minorista i consum de drogues en zones, llocs i locals d&#8217;oci i diversi\u00f3 aix\u00ed com serveis establerts per a la realitzaci\u00f3 dels diferents dispositius operatius en via p\u00fablica a l&#8217;objecte de controlar el compliment de el Reial Decret 463\/2020 de 14 de mar\u00e7, tot aix\u00f2 dins d&#8217;el marc de l&#8217;Operaci\u00f3 Echo-Alfa.<\/p>\n\n\n\n<p class=\"wp-block-paragraph\"><strong>Efectes intervinguts<\/strong><\/p>\n\n\n\n<p class=\"wp-block-paragraph\">S&#8217;han confiscat al voltant de 1.600 grams de marihuana llista per a la seva venda i distribuci\u00f3, aix\u00ed com nombr\u00f3s material, infraestructura, estris i efectes t\u00e8cnics necessaris per al cultiu, elaboraci\u00f3, recol\u00b7lecci\u00f3 i tr\u00e0fic de plantes de c\u00e0nnabis, sent la valoraci\u00f3 de l&#8217;total de la droga intervinguda d&#8217;aproximadament 8.200 euros al mercat il\u00b7l\u00edcit i la valoraci\u00f3 econ\u00f2mica estimada de l&#8217;total dels materials, necessaris per al cultiu de plantes de c\u00e0nnabis rondaria els 9.000 euros de manera que la valoraci\u00f3 econ\u00f2mica estimada de l&#8217;total dels efectes intervinguts puja a 17.200 euros.<\/p>\n\n\n\n<p class=\"wp-block-paragraph\">Els detinguts, investigats i efectes intervinguts han passat a disposici\u00f3 del Jutjat n\u00famero 1 de Requena.<\/p>\n","protected":false},"excerpt":{"rendered":"<div class=\"mh-excerpt\">La Gu\u00e0rdia Civil de Chiva, en col\u00b7laboraci\u00f3 amb la Policia Local de Godelleta i Xiva, en el marc de l&#8217;Operaci\u00f3 &#8220;Green Triple&#8221; desenvolupada a la prov\u00edncia de Val\u00e8ncia han aconseguit detenir un home de nacionalitat <a class=\"mh-excerpt-more\" href=\"https:\/\/tucomarca.whitekongsoftware.com\/ca\/detenen-una-persona-i-investiguen-a-altres-dos-per-un-presumpte-delicte-de-trafic-de-drogues-en-una-urbanitzacio-de-godelleta\/\" title=\"Detenen una persona i investiguen a altres dos per un presumpte delicte de tr\u00e0fic de drogues en una urbanitzaci\u00f3 de Godelleta\">[+] <\/a><\/div>\n","protected":false},"author":1,"featured_media":106712,"comment_status":"open","ping_status":"open","sticky":false,"template":"","format":"standard","meta":{"footnotes":""},"categories":[11010,10977,10948,10894,10912,10947,10896,10897],"tags":[11939,11937,11940,11938,11955,11956,11087,10383,5952,10914],"class_list":["post-106714","post","type-post","status-publish","format-standard","has-post-thumbnail","category-canal-salud","category-godelleta-ca","category-infraestructuras-ca","category-la-comarca-ca","category-la-hoya-ca","category-politica","category-seccion-ca","category-sucesos-la-comarca-ca","tag-coronavirus-ca","tag-coronavirus","tag-covid-19-ca","tag-covid-19","tag-covid19","tag-covid19-ca","tag-godelleta-ca","tag-godelleta","tag-la-hoya-de-bunol-chiva","tag-la-hoya-de-bunol-chiva-ca"],"_links":{"self":[{"href":"https:\/\/tucomarca.whitekongsoftware.com\/ca\/wp-json\/wp\/v2\/posts\/106714","targetHints":{"allow":["GET"]}}],"collection":[{"href":"https:\/\/tucomarca.whitekongsoftware.com\/ca\/wp-json\/wp\/v2\/posts"}],"about":[{"href":"https:\/\/tucomarca.whitekongsoftware.com\/ca\/wp-json\/wp\/v2\/types\/post"}],"author":[{"embeddable":true,"href":"https:\/\/tucomarca.whitekongsoftware.com\/ca\/wp-json\/wp\/v2\/users\/1"}],"replies":[{"embeddable":true,"href":"https:\/\/tucomarca.whitekongsoftware.com\/ca\/wp-json\/wp\/v2\/comments?post=106714"}],"version-history":[{"count":0,"href":"https:\/\/tucomarca.whitekongsoftware.com\/ca\/wp-json\/wp\/v2\/posts\/106714\/revisions"}],"wp:featuredmedia":[{"embeddable":true,"href":"https:\/\/tucomarca.whitekongsoftware.com\/ca\/wp-json\/wp\/v2\/media\/106712"}],"wp:attachment":[{"href":"https:\/\/tucomarca.whitekongsoftware.com\/ca\/wp-json\/wp\/v2\/media?parent=106714"}],"wp:term":[{"taxonomy":"category","embeddable":true,"href":"https:\/\/tucomarca.whitekongsoftware.com\/ca\/wp-json\/wp\/v2\/categories?post=106714"},{"taxonomy":"post_tag","embeddable":true,"href":"https:\/\/tucomarca.whitekongsoftware.com\/ca\/wp-json\/wp\/v2\/tags?post=106714"}],"curies":[{"name":"wp","href":"https:\/\/api.w.org\/{rel}","templated":true}]}}