{"id":106663,"date":"2020-05-20T10:01:15","date_gmt":"2020-05-20T08:01:15","guid":{"rendered":"http:\/\/www.tucomarca.com\/wordpress\/segunda\/?p=106663"},"modified":"2020-05-20T13:08:14","modified_gmt":"2020-05-20T11:08:14","slug":"el-pp-planteja-esmenes-per-aprimar-en-350-000-euros-les-aportacions-dels-ajuntaments-a-la-mancomunitat-per-destinar-los-als-pobles","status":"publish","type":"post","link":"https:\/\/tucomarca.whitekongsoftware.com\/ca\/el-pp-planteja-esmenes-per-aprimar-en-350-000-euros-les-aportacions-dels-ajuntaments-a-la-mancomunitat-per-destinar-los-als-pobles\/","title":{"rendered":"El PP planteja esmenes per aprimar en 350.000 euros les aportacions dels ajuntaments a la mancomunitat per destinar-los als pobles"},"content":{"rendered":"\n<p class=\"wp-block-paragraph\">Des del PP del Camp de T\u00faria entenen que s\u00f3n &#8220;moments en qu\u00e8 els ajuntaments necessiten disposar de tots els recursos possibles i que el pressupost aprovat setmanes abans de la greu crisi sanit\u00e0ria no reflecteix la realitat actual i futura de la nostra comarca&#8221;, Segons han informat.<\/p>\n\n\n\n<p class=\"wp-block-paragraph\">&#8220;Ja ho vam dir en la reuni\u00f3 de portaveus el passat divendres 24 d&#8217;abril, la Mancomunitat Camp de T\u00faria ha d&#8217;abandonar la pol\u00edtica de partits en aquesta instituci\u00f3 de perman\u00e8ncia volunt\u00e0ria per fer front com\u00fa&#8221;.<\/p>\n\n\n\n<p class=\"wp-block-paragraph\">Des del Grup Comarcal Popular &#8220;ja ho avancem en el seu moment quan es van presentar aquests pressupostos i ara, amb la greu situaci\u00f3 actual i futura, en fase d&#8217;al\u00b7legacions ens reiterem, els ajuntaments no poden seguir augmentant les seves aportacions de recursos econ\u00f2mics per fer front a l&#8217; augment de despeses de la Mancomunitat. Ara m\u00e9s que mai necessitem d&#8217;aquestes quanties per atendre les nostres localitats. En alguns casos per exemple es pret\u00e9n passar de pagar 30.000 \u20ac anuals a 80.000 \u20ac com aportacions a la Mancomunitat&#8221;.<\/p>\n\n\n\n<p class=\"wp-block-paragraph\">A m\u00e9s d&#8217;aquella reflexi\u00f3, realitzada en el seu dia en sessi\u00f3 plen\u00e0ria i davant els esdeveniment actuals, des del PP demanen a el govern comarcal format per PSOE, Comprom\u00eds i Ciutadans en la Mancomunitat que &#8220;reconsideri projectes que en alguns casos s\u00f3n compet\u00e8ncia de la Generalitat i no dels ajuntaments com ara implantar un servei de transport comarcal per a centres ocupacionals que si b\u00e9, el considerem molt necessari, ha de ser assumit per qui t\u00e9 compet\u00e8ncies en la mat\u00e8ria, la Conselleria de transport o la Conselleria d&#8217;Igualtat i Pol\u00edtiques Inclusives&#8221;.<\/p>\n\n\n\n<p class=\"wp-block-paragraph\">&#8220;Les esmenes que vam presentar afecten aquelles aportacions municipals perqu\u00e8 entenem que amb aquesta reducci\u00f3 de gaireb\u00e9 350.000 \u20ac, els ajuntaments de la comarca de Camp de T\u00faria tindran m\u00e9s recursos per ajudar els seus ve\u00efns i ve\u00efnes&#8221;.<\/p>\n\n\n\n<p class=\"wp-block-paragraph\">El Grup Popular Comarcal assegura que s\u00f3n &#8220;conscients de la import\u00e0ncia de la Mancomunitat per\u00f2 la nostra prioritat i m\u00e9s en aquests moments, s\u00f3n els municipis&#8221;, han finalitzat.<\/p>\n","protected":false},"excerpt":{"rendered":"<div class=\"mh-excerpt\">Des del PP del Camp de T\u00faria entenen que s\u00f3n &#8220;moments en qu\u00e8 els ajuntaments necessiten disposar de tots els recursos possibles i que el pressupost aprovat setmanes abans de la greu crisi sanit\u00e0ria no <a class=\"mh-excerpt-more\" href=\"https:\/\/tucomarca.whitekongsoftware.com\/ca\/el-pp-planteja-esmenes-per-aprimar-en-350-000-euros-les-aportacions-dels-ajuntaments-a-la-mancomunitat-per-destinar-los-als-pobles\/\" title=\"El PP planteja esmenes per aprimar en 350.000 euros les aportacions dels ajuntaments a la mancomunitat per destinar-los als pobles\">[+] <\/a><\/div>\n","protected":false},"author":1,"featured_media":74456,"comment_status":"open","ping_status":"open","sticky":false,"template":"","format":"standard","meta":{"footnotes":""},"categories":[10952,10938,10937,10892,11010,10930,10929,10948,10894,10915,10928,10931,10893,10932,10903,10936,10935,10947,10906,10934,10896,10933,10897,10927],"tags":[10395,11937,11938,11951],"class_list":["post-106663","post","type-post","status-publish","format-standard","has-post-thumbnail","category-benaguasil-ca","category-benisano-ca","category-betera-ca","category-camp-de-turia-ca","category-canal-salud","category-casinos-ca","category-gatova-ca","category-infraestructuras-ca","category-la-comarca-ca","category-la-pobla-ca","category-lliria-ca","category-loriguilla-ca","category-leliana-ca","category-marines-ca","category-medio-ambiente-la-comarca-ca","category-naquera-ca","category-olocau-ca","category-politica","category-riba-roja-ca","category-san-antonio-de-benageber-ca","category-seccion-ca","category-serra-ca","category-sucesos-la-comarca-ca","category-vilamarxant-ca","tag-camp-de-turia","tag-coronavirus","tag-covid-19","tag-covid2019"],"_links":{"self":[{"href":"https:\/\/tucomarca.whitekongsoftware.com\/ca\/wp-json\/wp\/v2\/posts\/106663","targetHints":{"allow":["GET"]}}],"collection":[{"href":"https:\/\/tucomarca.whitekongsoftware.com\/ca\/wp-json\/wp\/v2\/posts"}],"about":[{"href":"https:\/\/tucomarca.whitekongsoftware.com\/ca\/wp-json\/wp\/v2\/types\/post"}],"author":[{"embeddable":true,"href":"https:\/\/tucomarca.whitekongsoftware.com\/ca\/wp-json\/wp\/v2\/users\/1"}],"replies":[{"embeddable":true,"href":"https:\/\/tucomarca.whitekongsoftware.com\/ca\/wp-json\/wp\/v2\/comments?post=106663"}],"version-history":[{"count":0,"href":"https:\/\/tucomarca.whitekongsoftware.com\/ca\/wp-json\/wp\/v2\/posts\/106663\/revisions"}],"wp:featuredmedia":[{"embeddable":true,"href":"https:\/\/tucomarca.whitekongsoftware.com\/ca\/wp-json\/wp\/v2\/media\/74456"}],"wp:attachment":[{"href":"https:\/\/tucomarca.whitekongsoftware.com\/ca\/wp-json\/wp\/v2\/media?parent=106663"}],"wp:term":[{"taxonomy":"category","embeddable":true,"href":"https:\/\/tucomarca.whitekongsoftware.com\/ca\/wp-json\/wp\/v2\/categories?post=106663"},{"taxonomy":"post_tag","embeddable":true,"href":"https:\/\/tucomarca.whitekongsoftware.com\/ca\/wp-json\/wp\/v2\/tags?post=106663"}],"curies":[{"name":"wp","href":"https:\/\/api.w.org\/{rel}","templated":true}]}}