{"id":106645,"date":"2020-05-19T23:01:59","date_gmt":"2020-05-19T21:01:59","guid":{"rendered":"http:\/\/www.tucomarca.com\/wordpress\/segunda\/?p=106645"},"modified":"2020-05-20T10:01:04","modified_gmt":"2020-05-20T08:01:04","slug":"els-agricultors-valencians-ultimen-les-labors-de-desinfeccio-contra-el-covid-19-per-la-desescalada","status":"publish","type":"post","link":"https:\/\/tucomarca.whitekongsoftware.com\/ca\/els-agricultors-valencians-ultimen-les-labors-de-desinfeccio-contra-el-covid-19-per-la-desescalada\/","title":{"rendered":"Els agricultors valencians ultimen les labors de desinfecci\u00f3 contra el Covid-19 per la desescalada"},"content":{"rendered":"\n<p class=\"wp-block-paragraph\"><strong>AVA-ASAJA agra\u00efx esta campanya volunt\u00e0ria i altruista del sector agrari duta a terme en m\u00e9s de 100 pobles de totes les comarques de la Comunitat Valenciana<\/strong><\/p>\n\n\n\n<p class=\"wp-block-paragraph\">La imatge, convertida ja en tot un s\u00edmbol, dels tractors desinfectant els carrers contra el Covid-19 va desapareixent en els pobles valencians a mesura que avan\u00e7a la desescalada i, des de hui, amb el passe a la fase 1 de tota la Comunitat Valenciana. L&#8217;Associaci\u00f3 Valenciana d&#8217;Agricultors (AVA-ASAJA) estima que prop d&#8217;un miler d&#8217;agricultors estan ultimant la seua col\u00b7laboraci\u00f3, de manera volunt\u00e0ria i altruista, en estes labors de desinfecci\u00f3 per a mantindre el m\u00e9s netes i segures possibles del virus els carrers de m\u00e9s d&#8217;un centenar de municipis de totes les comarques valencianes.<\/p>\n\n\n\n<p class=\"wp-block-paragraph\">Esta campanya solid\u00e0ria del sector agrari ha comptat amb la coordinaci\u00f3 dels ajuntaments, a trav\u00e9s dels consells agraris locals, amb AVA-ASAJA, altres organitzacions professionals agr\u00e0ries, cooperatives, comunitats de regants i totes aquelles entitats del camp que han prestat la seua ajuda desinteressada en els moments m\u00e9s cr\u00edtics de l&#8217;expansi\u00f3 del Covid-19. A nivell nacional, l&#8217;organitzaci\u00f3 ASAJA ha aplicat esta iniciativa en bona part de les comunitats aut\u00f2nomes.<\/p>\n\n\n\n<p class=\"wp-block-paragraph\">El president d&#8217;AVA-ASAJA, Crist\u00f3bal Aguado, afirma que &#8220;los agricultors estem mostrant el nostre costat m\u00e9s solidari en esta emerg\u00e8ncia sanit\u00e0ria. A m\u00e9s de seguir al peu del can\u00f3 per a garantir el subministrament d&#8217;aliments, no hem dubtat a tirar una m\u00e0 a l&#8217;hora de previndre la pand\u00e8mia i col\u00b7laborar en donacions a les fam\u00edlies m\u00e9s vulnerables. Hem passat de manifestar-nos per la baixa rendibilitat a traure els nostres tractors per a ajudar a la societat i eixe comprom\u00eds hauria de comportar preus dignes i un reconeixement social&#8221;.<\/p>\n\n\n\n<p class=\"wp-block-paragraph\">En la major part de les localitats valencianes, el sector agrari ja ha deixat d&#8217;escometre les tasques de desinfecci\u00f3 per a evitar mol\u00e8sties als ciutadans durant els seus passejos a poqueta nit. En molts d&#8217;eixos casos els consistoris han reempla\u00e7at la col\u00b7laboraci\u00f3 dels agricultors per servicis municipals o a c\u00e0rrec d&#8217;empreses privades que efectuen una desinfecci\u00f3 de mode m\u00e9s localitzat. Per la seua banda, aquells municipis que encara mantenen les labors del col\u00b7lectiu agrari han decidit retardar l&#8217;horari de les mateixes a partir de les 23 hores.<\/p>\n\n\n\n<p class=\"wp-block-paragraph\">Aguado destaca &#8220;las mostres d&#8217;agra\u00efment que la ciutadania ens ha traslladat. Ara que la situaci\u00f3 del virus pareix m\u00e9s controlada, que la gent ix m\u00e9s de les seues cases i que en el camp s&#8217;acumulen les labors agr\u00e0ries pr\u00f2pies d&#8217;esta \u00e8poca de l&#8217;any, creiem l\u00f2gic aparcar la nostra col\u00b7laboraci\u00f3. Tenim les m\u00e0quines d&#8217;aplicaci\u00f3, els equips de protecci\u00f3 individual (EPIs) , la formaci\u00f3 necess\u00e0ria per a escometre estes tasques de manera segura. I volem que s\u00e0pien tots que estarem ac\u00ed quan fa\u00e7a falta&#8221;.<\/p>\n","protected":false},"excerpt":{"rendered":"<div class=\"mh-excerpt\">AVA-ASAJA agra\u00efx esta campanya volunt\u00e0ria i altruista del sector agrari duta a terme en m\u00e9s de 100 pobles de totes les comarques de la Comunitat Valenciana La imatge, convertida ja en tot un s\u00edmbol, dels <a class=\"mh-excerpt-more\" href=\"https:\/\/tucomarca.whitekongsoftware.com\/ca\/els-agricultors-valencians-ultimen-les-labors-de-desinfeccio-contra-el-covid-19-per-la-desescalada\/\" title=\"Els agricultors valencians ultimen les labors de desinfecci\u00f3 contra el Covid-19 per la desescalada\">[+] <\/a><\/div>\n","protected":false},"author":12,"featured_media":106644,"comment_status":"open","ping_status":"open","sticky":false,"template":"","format":"standard","meta":{"footnotes":""},"categories":[10905,11010,10898,10948,10894,10904,10903,10896,10897],"tags":[11924,11939,11940],"class_list":["post-106645","post","type-post","status-publish","format-standard","has-post-thumbnail","category-agricultura-la-comarca-ca","category-canal-salud","category-ventana-ca","category-infraestructuras-ca","category-la-comarca-ca","category-sin-categorizar-ca","category-medio-ambiente-la-comarca-ca","category-seccion-ca","category-sucesos-la-comarca-ca","tag-ava-asaja-ca","tag-coronavirus-ca","tag-covid-19-ca"],"_links":{"self":[{"href":"https:\/\/tucomarca.whitekongsoftware.com\/ca\/wp-json\/wp\/v2\/posts\/106645","targetHints":{"allow":["GET"]}}],"collection":[{"href":"https:\/\/tucomarca.whitekongsoftware.com\/ca\/wp-json\/wp\/v2\/posts"}],"about":[{"href":"https:\/\/tucomarca.whitekongsoftware.com\/ca\/wp-json\/wp\/v2\/types\/post"}],"author":[{"embeddable":true,"href":"https:\/\/tucomarca.whitekongsoftware.com\/ca\/wp-json\/wp\/v2\/users\/12"}],"replies":[{"embeddable":true,"href":"https:\/\/tucomarca.whitekongsoftware.com\/ca\/wp-json\/wp\/v2\/comments?post=106645"}],"version-history":[{"count":0,"href":"https:\/\/tucomarca.whitekongsoftware.com\/ca\/wp-json\/wp\/v2\/posts\/106645\/revisions"}],"wp:featuredmedia":[{"embeddable":true,"href":"https:\/\/tucomarca.whitekongsoftware.com\/ca\/wp-json\/wp\/v2\/media\/106644"}],"wp:attachment":[{"href":"https:\/\/tucomarca.whitekongsoftware.com\/ca\/wp-json\/wp\/v2\/media?parent=106645"}],"wp:term":[{"taxonomy":"category","embeddable":true,"href":"https:\/\/tucomarca.whitekongsoftware.com\/ca\/wp-json\/wp\/v2\/categories?post=106645"},{"taxonomy":"post_tag","embeddable":true,"href":"https:\/\/tucomarca.whitekongsoftware.com\/ca\/wp-json\/wp\/v2\/tags?post=106645"}],"curies":[{"name":"wp","href":"https:\/\/api.w.org\/{rel}","templated":true}]}}