{"id":106547,"date":"2020-05-19T19:55:03","date_gmt":"2020-05-19T17:55:03","guid":{"rendered":"http:\/\/www.tucomarca.com\/wordpress\/segunda\/?p=106547"},"modified":"2020-05-19T20:05:59","modified_gmt":"2020-05-19T18:05:59","slug":"els-barris-de-turis-renova-a-les-seues-falleres-majors-i-presidents-per-a-2021","status":"publish","type":"post","link":"https:\/\/tucomarca.whitekongsoftware.com\/ca\/els-barris-de-turis-renova-a-les-seues-falleres-majors-i-presidents-per-a-2021\/","title":{"rendered":"Els Barris de Tur\u00eds renova a les seues falleres majors i presidents per a 2021"},"content":{"rendered":"\n<p class=\"wp-block-paragraph\"><strong>Els representants d\u2019este any prolongaran el seu regnat fins les pr\u00f2ximes festes<\/strong><\/p>\n\n\n\n<p class=\"wp-block-paragraph\">La Falla Els Barris de Tur\u00eds ha renovat als seues m\u00e0xims representants per&nbsp; a les Falles de 2021 davant la suspensi\u00f3 de les festes per la pand\u00e8mia de la Covid-19.<\/p>\n\n\n\n<p class=\"wp-block-paragraph\">La Fallera Major de 2020, Silvia Torres Borred\u00e1, seguir\u00e0 compartint el quadre d\u2019honor amb Ainhoa Agust\u00ed Iranzo i Pablo Lashayas Blasco \u2014Fallera Major y President Infantil\u2014 durant un any m\u00e9s. Els tres han acceptat prolongar el seu regnat en una Junta General telem\u00e0tica celebrada este dissabte.<\/p>\n\n\n\n<p class=\"wp-block-paragraph\">Tornaran a acompanyar al president de la comissi\u00f3, Iv\u00e1n Torres, que afronta ja el seu huit\u00e9 any al capdavant de la comissi\u00f3 m\u00e9s nombrosa de Tur\u00eds, amb al voltant de 460 fallers censats.<\/p>\n","protected":false},"excerpt":{"rendered":"<div class=\"mh-excerpt\">Els representants d\u2019este any prolongaran el seu regnat fins les pr\u00f2ximes festes La Falla Els Barris de Tur\u00eds ha renovat als seues m\u00e0xims representants per&nbsp; a les Falles de 2021 davant la suspensi\u00f3 de les <a class=\"mh-excerpt-more\" href=\"https:\/\/tucomarca.whitekongsoftware.com\/ca\/els-barris-de-turis-renova-a-les-seues-falleres-majors-i-presidents-per-a-2021\/\" title=\"Els Barris de Tur\u00eds renova a les seues falleres majors i presidents per a 2021\">[+] <\/a><\/div>\n","protected":false},"author":12,"featured_media":106544,"comment_status":"open","ping_status":"open","sticky":false,"template":"","format":"standard","meta":{"footnotes":""},"categories":[10894,10902,11004,11007,11008,10896,11047],"tags":[11937,11938,12144,11564,10394],"class_list":["post-106547","post","type-post","status-publish","format-standard","has-post-thumbnail","category-la-comarca-ca","category-la-ribera-ca","category-la-semana-en-imagenes-ca","category-ocio-y-cultura-ca","category-pueblos-en-fiestas-ca","category-seccion-ca","category-turis-ca","tag-coronavirus","tag-covid-19","tag-fallas-2021","tag-fallas-turis","tag-turis"],"_links":{"self":[{"href":"https:\/\/tucomarca.whitekongsoftware.com\/ca\/wp-json\/wp\/v2\/posts\/106547","targetHints":{"allow":["GET"]}}],"collection":[{"href":"https:\/\/tucomarca.whitekongsoftware.com\/ca\/wp-json\/wp\/v2\/posts"}],"about":[{"href":"https:\/\/tucomarca.whitekongsoftware.com\/ca\/wp-json\/wp\/v2\/types\/post"}],"author":[{"embeddable":true,"href":"https:\/\/tucomarca.whitekongsoftware.com\/ca\/wp-json\/wp\/v2\/users\/12"}],"replies":[{"embeddable":true,"href":"https:\/\/tucomarca.whitekongsoftware.com\/ca\/wp-json\/wp\/v2\/comments?post=106547"}],"version-history":[{"count":0,"href":"https:\/\/tucomarca.whitekongsoftware.com\/ca\/wp-json\/wp\/v2\/posts\/106547\/revisions"}],"wp:featuredmedia":[{"embeddable":true,"href":"https:\/\/tucomarca.whitekongsoftware.com\/ca\/wp-json\/wp\/v2\/media\/106544"}],"wp:attachment":[{"href":"https:\/\/tucomarca.whitekongsoftware.com\/ca\/wp-json\/wp\/v2\/media?parent=106547"}],"wp:term":[{"taxonomy":"category","embeddable":true,"href":"https:\/\/tucomarca.whitekongsoftware.com\/ca\/wp-json\/wp\/v2\/categories?post=106547"},{"taxonomy":"post_tag","embeddable":true,"href":"https:\/\/tucomarca.whitekongsoftware.com\/ca\/wp-json\/wp\/v2\/tags?post=106547"}],"curies":[{"name":"wp","href":"https:\/\/api.w.org\/{rel}","templated":true}]}}