{"id":106537,"date":"2020-05-20T10:09:08","date_gmt":"2020-05-20T08:09:08","guid":{"rendered":"http:\/\/www.tucomarca.com\/wordpress\/segunda\/?p=106537"},"modified":"2020-05-20T10:09:36","modified_gmt":"2020-05-20T08:09:36","slug":"lajuntament-de-bunyol-planifica-la-installacio-de-terrasses-de-bars-i-restaurants-de-la-poblacio","status":"publish","type":"post","link":"https:\/\/tucomarca.whitekongsoftware.com\/ca\/lajuntament-de-bunyol-planifica-la-installacio-de-terrasses-de-bars-i-restaurants-de-la-poblacio\/","title":{"rendered":"L&#8217;Ajuntament de Bunyol planifica la instal\u00b7laci\u00f3 de terrasses de bars i restaurants de la poblaci\u00f3"},"content":{"rendered":"\n<p class=\"wp-block-paragraph\"><strong>Mar\u00eda Vall\u00e9s, regidora de Govern Interior, i Rafael P\u00e9rez, regidor de Patrimoni, estan estudiant totes les sol\u00b7licituds dels restauradors de la localitat per a poder instal\u00b7lar les seues terrasses amb el 50% de l&#8217;aforament sense que supose eliminar espai en via p\u00fablica per al vianant i places d&#8217;aparcament en zones molt transitades<\/strong><\/p>\n\n\n\n<p class=\"wp-block-paragraph\">La Regidoria de Patrimoni, i la de Govern Interior de l&#8217;Ajuntament de Bu\u00f1ol, continuen treballant en la planificaci\u00f3 d&#8217;instal\u00b7laci\u00f3 de terrasses de bars i restaurants de la poblaci\u00f3. Despr\u00e9s de sol\u00b7licitar propostes dels restauradors han sigut moltes les rebudes pel Consistori i totes s&#8217;estan estudiant perqu\u00e8 el bar puga posar en marxa la seua terrassa al 50%, ampliar l&#8217;espai per a taules sense que minve l&#8217;espai perqu\u00e8 el vianant puga caminar guardant la dist\u00e0ncia de seguretat entre les taules i la resta de vianants en la via p\u00fablica.<\/p>\n\n\n\n<p class=\"wp-block-paragraph\">Fa uns dies es va anunciar que El Govern Municipal estava estudiant el tall del tr\u00e0fic en caps de setmana en les zones m\u00e9s c\u00e8ntriques per a afavorir tant als establiments com als vianants, i fer m\u00e9s f\u00e0cil la conciliaci\u00f3 en estes fases de desescalada. A a\u00e7\u00f2 s&#8217;unix la mesura adoptada pel Govern Municipal sobre l&#8217;exempci\u00f3 del pagament d&#8217;ocupaci\u00f3 de les terrasses l&#8217;any 2020. Finalment, tal com s&#8217;implanta tots els estius, en els pr\u00f2xims dies es posar\u00e0 en marxa esta mesura de tancament de tr\u00e0fic en la zona de la Pla\u00e7a del Poble els divendres a partir de les 20h; els dissabtes al mat\u00ed s&#8217;obrir\u00e0 per als comer\u00e7os i el pas necessari de cotxes; per\u00f2 dissabte a la vesprada i tot el diumenge permancer\u00e1 tancada. A aix\u00f2 se li unix la zona del Pont Nou, deixant que es puguen instal\u00b7lar terrasses i que el vianant puga caminar amb espai.&nbsp;<\/p>\n\n\n\n<p class=\"wp-block-paragraph\">L&#8217;edil de Govern Interior, Mar\u00eda Vall\u00e9s ha destacat que en estos moments est\u00e0 sent molt efica\u00e7 la cooperaci\u00f3 i empatia d&#8217;hostalers, comerciants i ve\u00efns per a aconseguir equilibrar un consens entre la necessitat d&#8217;obrir del bar, i que el ve\u00ed i vianant puga caminar amb espai per a complir la dist\u00e0ncia de seguretat exigida.<\/p>\n\n\n\n<p class=\"wp-block-paragraph\">Vall\u00e9s, en una entrevista realitzada en els servicis informatius de R\u00e0dio Bu\u00f1ol TV s&#8217;ha mostrat molt satisfeta per com s&#8217;ha produ\u00eft el primer dia d&#8217;obertura de terrasses, &#8220;a pesar de que no tots els bars han pogut obrir encara per la grand\u00e0ria dels seus locals, estem treballant a facilitar al m\u00e0xim la seua obertura com m\u00e9s prompte millor. Per\u00f2 ja en el dia d&#8217;ahir vam veure com la zona de la Pla\u00e7a 5 de Mar\u00e7, on hi ha 4 bars, han aconseguit establir uns acords i un protocol de seguretat exemplar perqu\u00e8 es complisquen les mesures de seguretat i de dist\u00e0ncia entre les taules. Tots han arribat a un consens excepcional i a m\u00e9s deixant lliure el pas dels peatones&#8221;.<\/p>\n\n\n\n<p class=\"wp-block-paragraph\">Encara que insistix en el fet que hi ha zones de dif\u00edcil enquadrament com la zona de Mercadona perqu\u00e8 el lloc \u00e9s molt redu\u00eft si eliminem places d&#8217;aparcament i si llevem zona de vorera. &#8220;Estamos treballant en aix\u00f2 tamb\u00e9. Hi ha una altra zona com la de la Pla\u00e7a Vendes on veiem que \u00e9s relativament f\u00e0cil que es puguen posar taules amb dist\u00e0ncia entre elles i que els xiquets i ve\u00efns puguen tamb\u00e9 estar seguint les recomendaciones&#8221;.<\/p>\n\n\n\n<p class=\"wp-block-paragraph\">Finalment, la regidora de Govern Interior bu\u00f1olense ha recordat als grups de j\u00f3vens que no poden instal\u00b7lar taulers en la via p\u00fablica. No est\u00e0 perm\u00e9s. &#8220;Pueden quedar amb els amics per\u00f2 guardant la dist\u00e0ncia de seguretat i en la terrasses, per\u00f2 no muntant taulers. A m\u00e9s tamb\u00e9 vull recordar que el BOE encara no ha publicat la permisivitat que en els municipis de menys de 10.000 habitants no hi ha limitaci\u00f3 d&#8217;entrada i eixida. Per aix\u00f2, demane paci\u00e8ncia i prud\u00e8ncia. Pot tardar uns dies res m\u00e9s, cal continuar complint les normes, i entre elles recordem que es poden reunir 10 persones no convivients per\u00f2 mantenint les mesures de distanciament i protecci\u00f3.<\/p>\n","protected":false},"excerpt":{"rendered":"<div class=\"mh-excerpt\">Mar\u00eda Vall\u00e9s, regidora de Govern Interior, i Rafael P\u00e9rez, regidor de Patrimoni, estan estudiant totes les sol\u00b7licituds dels restauradors de la localitat per a poder instal\u00b7lar les seues terrasses amb el 50% de l&#8217;aforament sense <a class=\"mh-excerpt-more\" href=\"https:\/\/tucomarca.whitekongsoftware.com\/ca\/lajuntament-de-bunyol-planifica-la-installacio-de-terrasses-de-bars-i-restaurants-de-la-poblacio\/\" title=\"L&#8217;Ajuntament de Bunyol planifica la instal\u00b7laci\u00f3 de terrasses de bars i restaurants de la poblaci\u00f3\">[+] <\/a><\/div>\n","protected":false},"author":12,"featured_media":106535,"comment_status":"open","ping_status":"open","sticky":false,"template":"","format":"standard","meta":{"footnotes":""},"categories":[10911,11010,10948,10894,10912,10903,10947,10896,10897],"tags":[11158,11939,11940,10914],"class_list":["post-106537","post","type-post","status-publish","format-standard","has-post-thumbnail","category-bunol-ca","category-canal-salud","category-infraestructuras-ca","category-la-comarca-ca","category-la-hoya-ca","category-medio-ambiente-la-comarca-ca","category-politica","category-seccion-ca","category-sucesos-la-comarca-ca","tag-ayuntamiento-de-bunol-ca","tag-coronavirus-ca","tag-covid-19-ca","tag-la-hoya-de-bunol-chiva-ca"],"_links":{"self":[{"href":"https:\/\/tucomarca.whitekongsoftware.com\/ca\/wp-json\/wp\/v2\/posts\/106537","targetHints":{"allow":["GET"]}}],"collection":[{"href":"https:\/\/tucomarca.whitekongsoftware.com\/ca\/wp-json\/wp\/v2\/posts"}],"about":[{"href":"https:\/\/tucomarca.whitekongsoftware.com\/ca\/wp-json\/wp\/v2\/types\/post"}],"author":[{"embeddable":true,"href":"https:\/\/tucomarca.whitekongsoftware.com\/ca\/wp-json\/wp\/v2\/users\/12"}],"replies":[{"embeddable":true,"href":"https:\/\/tucomarca.whitekongsoftware.com\/ca\/wp-json\/wp\/v2\/comments?post=106537"}],"version-history":[{"count":0,"href":"https:\/\/tucomarca.whitekongsoftware.com\/ca\/wp-json\/wp\/v2\/posts\/106537\/revisions"}],"wp:featuredmedia":[{"embeddable":true,"href":"https:\/\/tucomarca.whitekongsoftware.com\/ca\/wp-json\/wp\/v2\/media\/106535"}],"wp:attachment":[{"href":"https:\/\/tucomarca.whitekongsoftware.com\/ca\/wp-json\/wp\/v2\/media?parent=106537"}],"wp:term":[{"taxonomy":"category","embeddable":true,"href":"https:\/\/tucomarca.whitekongsoftware.com\/ca\/wp-json\/wp\/v2\/categories?post=106537"},{"taxonomy":"post_tag","embeddable":true,"href":"https:\/\/tucomarca.whitekongsoftware.com\/ca\/wp-json\/wp\/v2\/tags?post=106537"}],"curies":[{"name":"wp","href":"https:\/\/api.w.org\/{rel}","templated":true}]}}