{"id":106497,"date":"2020-05-18T22:55:24","date_gmt":"2020-05-18T20:55:24","guid":{"rendered":"http:\/\/www.tucomarca.com\/wordpress\/segunda\/?p=106497"},"modified":"2020-05-18T22:56:06","modified_gmt":"2020-05-18T20:56:06","slug":"maria-jose-mira-el-consell-ha-cobert-les-seues-necessitats-amb-la-compra-de-quasi-mil-tones-de-material-per-a-salvar-vides-en-la-lluita-contra-la-covid-19","status":"publish","type":"post","link":"https:\/\/tucomarca.whitekongsoftware.com\/ca\/maria-jose-mira-el-consell-ha-cobert-les-seues-necessitats-amb-la-compra-de-quasi-mil-tones-de-material-per-a-salvar-vides-en-la-lluita-contra-la-covid-19\/","title":{"rendered":"Mar\u00eda Jos\u00e9 Mira: &#8220;El Consell ha cobert les seues necessitats amb la compra de quasi mil tones de material per a salvar vides en la lluita contra la COVID-19&#8221;"},"content":{"rendered":"\n<p class=\"wp-block-paragraph\"><strong>La comissionada de Presid\u00e8ncia de la Generalitat per a la compra i gesti\u00f3 de subministraments ha firmat 63 contractes per import de m\u00e9s de 81,7 milions amb empreses internacionals i nacionals<\/strong><\/p>\n\n\n\n<p class=\"wp-block-paragraph\"><strong>Mira destaca en la seua compareixen\u00e7a en les Corts la col\u00b7laboraci\u00f3 de l&#8217;Invassat, de l&#8217;Institut Tecnol\u00f2gic de l&#8217;Embalatge, Transport i Log\u00edstica i de l&#8217;INSST per a garantir els productes i adequar el seu \u00fas<\/strong><\/p>\n\n\n\n<p class=\"wp-block-paragraph\"><strong>La comissionada proposa el manteniment d&#8217;una reserva estrat\u00e8gica de material davant de possibles rebrots del virus<\/strong><\/p>\n\n\n\n<p class=\"wp-block-paragraph\">La secret\u00e0ria auton\u00f2mica de Model Econ\u00f2mic i Finan\u00e7ament i comissionada de la Presid\u00e8ncia de la Generalitat per a la coordinaci\u00f3 de subministraments enfront de la COVID-19, Mar\u00eda Jos\u00e9 Mira, ha manifestat durant la seua intervenci\u00f3 en Les Corts que &#8220;el Consell ha aconseguit cobrir les necessitats de material per salvar vides en la lluita contra el coronavirus a la Comunitat Valenciana despr\u00e9s de dos mesos de molt esfor\u00e7 i treball &#8220;.<\/p>\n\n\n\n<p class=\"wp-block-paragraph\">Mira, que ha comparegut a petici\u00f3 pr\u00f2pia a la Comissi\u00f3 d&#8217;Economia, Pressupostos i Hisenda, ha informat sobre els tr\u00e0mits duts a terme en la compra i gesti\u00f3 dels subministraments necessaris per al prove\u00efment de material contra la COVID-19.<\/p>\n\n\n\n<p class=\"wp-block-paragraph\">En concret, la secret\u00e0ria auton\u00f2mica ha assegurat que han estat adquirits a trav\u00e9s de compres internacionals amb avions i vaixells, nacionals i donacions &#8220;gaireb\u00e9 mil tones de material de protecci\u00f3, que ha detallat en 30 milions i mig de m\u00e0scares, 30 milions de guants, un mili\u00f3 i mig de bussos, 700.000 ulleres de protecci\u00f3, 534 respiradors, 20.000 term\u00f2metres d&#8217;infrarojos, 600.000 bates, 100.000 test r\u00e0pids, un mili\u00f3 i mig de gorres, cinc milions de cobresabates i 10.000 fundes de difunts &#8220;.<\/p>\n\n\n\n<p class=\"wp-block-paragraph\">Tot aquest material ha estat adquirit mitjan\u00e7ant la formalitzaci\u00f3 de 63 contractes amb un cost de 81,7 milions d&#8217;euros. En concret, 38 contractes es corresponen amb 63 milions d&#8217;euros en compra de material; 14 contractes per valor de 1,7 milions d&#8217;euros en serveis vinculats a la plataforma log\u00edstica i als hospitals de campanya; 8 contractes amb un cost de 11 milions d&#8217;euros en equipament, i tres contractes per valor de 6 milions d&#8217;euros en transport.<\/p>\n\n\n\n<p class=\"wp-block-paragraph\"><strong>Dificultats en les compres<\/strong><\/p>\n\n\n\n<p class=\"wp-block-paragraph\">Durant la seua intervenci\u00f3, Mira ha explicat que el treball s&#8217;ha realitzat &#8220;sota una enorme pressi\u00f3 perqu\u00e8 les previsions de l&#8217;estat d&#8217;alarma decretat pel govern Espanyol s&#8217;havien desbordat i els i les professionals necessitaven m\u00e9s material espec\u00edfic&#8221;.<\/p>\n\n\n\n<p class=\"wp-block-paragraph\">La comissionada tamb\u00e9 s&#8217;ha referit a la picaresca detectada a l&#8217;realitzar les compres &#8220;perqu\u00e8 molta gent aprofitava la trag\u00e8dia per rendibilitzar els seus negocis, en molts casos poc fiables, ja que el mercat mundial s&#8217;havia convertit poc menys que en una cova de pirates i xarlatans que venien productes miracle que resultaven ser un frau &#8220;.<\/p>\n\n\n\n<p class=\"wp-block-paragraph\">En aquest sentit, Mira ha denunciat la pressi\u00f3 d &#8216; &#8220;alguns intermediaris internacionals, que fins i tot van arribar a amena\u00e7ar amb vendre la seva mercaderia a millors postors en una tessitura en qu\u00e8 si no compl\u00edem amb el pagament a la bestreta ni es plantejaven la possibilitat de confirmar una comanda &#8220;.<\/p>\n\n\n\n<p class=\"wp-block-paragraph\"><strong>Aportaci\u00f3 de les empreses valencianes<\/strong><\/p>\n\n\n\n<p class=\"wp-block-paragraph\">La comissionada ha detallat els passos seguits per aconseguir material, comen\u00e7ant per la contractaci\u00f3 dels serveis d&#8217;aprovisionament de diverses empreses valencianes, com el contracte amb l&#8217;Associaci\u00f3 d&#8217;Empresaris d&#8217;Ibi, subscrit el 30 mar\u00e7, per comprar 150.000 pantalles facials per 181.000 euros, o amb Marie Claire, el 8 d&#8217;abril, per adquirir m\u00e9s d&#8217;un mili\u00f3 de mascaretes per 1.019.546 euros.<\/p>\n\n\n\n<p class=\"wp-block-paragraph\">&#8220;Contractes similars han estat tancats amb EMO (Especialitats M\u00e8dic Ortop\u00e8diques) o Orliman&#8221;, ha indicat la secret\u00e0ria auton\u00f2mica, que ha agra\u00eft a Ivace ia la Direcci\u00f3 General de Farm\u00e0cia, &#8220;el suport en mat\u00e8ria d&#8217;assessorament en un temps r\u00e8cord a les nostres empreses per que pogueren adequar la seua fabricaci\u00f3 a l&#8217;material COVID-19 &#8220;.<\/p>\n\n\n\n<p class=\"wp-block-paragraph\">Mira ha aclarit tamb\u00e9 que &#8220;per negociar en el canviant mercat internacional, en qu\u00e8 la Xina ha anat modificant la seva normativa duanera gaireb\u00e9 di\u00e0riament, hem contractat els serveis de consultoria log\u00edstica i assessoria en duanes d&#8217;empreses de reconegut prestigi&#8221;.<\/p>\n\n\n\n<p class=\"wp-block-paragraph\">&#8220;De la mateixa manera \u2014ha afegit\u2014 s&#8217;ha comptat amb companyies valencianes que han ofert la seua estructura al pa\u00eds asi\u00e0tic com Anon o Comit\u00e8 T\u00e8xtil per obtenir mercaderia, o de transit\u00e0ries com Tiba o Raminatrans&#8221;.<\/p>\n\n\n\n<p class=\"wp-block-paragraph\">Aix\u00ed mateix, Mira ha assegurat que per a exercir la funci\u00f3 d&#8217;aprovisionament seva gesti\u00f3 ha estat recolzada per un marc regulador que avalava tant el seu exercici de negociaci\u00f3, com el de contractaci\u00f3, pagaments anticipats i posada a disposici\u00f3 el material necessari.<\/p>\n\n\n\n<p class=\"wp-block-paragraph\"><strong>Donacions i log\u00edstica<\/strong><\/p>\n\n\n\n<p class=\"wp-block-paragraph\">D&#8217;altra banda, la comissionada ha destacat els centenars de donacions de material realitzades per empreses i entitats com Divina Pastora, Dulcesol, Inditex, Telef\u00f3nica, BBVA, Santander, Val\u00e8ncia Club de Futbol, \u200b\u200bLlevant Uni\u00f3 Esportiva, o Associaci\u00f3 Kuki, entre moltes altres.<\/p>\n\n\n\n<p class=\"wp-block-paragraph\">De la mateixa manera, ha posat en valor l&#8217;ajuda de les empreses &#8220;que de forma volunt\u00e0ria han donat suport a la log\u00edstica, com Transports Mall, Transports Virosque, Transports Torres, ADE Log\u00edstica, Walkers dons o Anon, totes elles vinculades a la CEV i coordinades pel seu president, Salvador Navarro&#8221;.<\/p>\n\n\n\n<p class=\"wp-block-paragraph\">Pel que fa al magatzematge i distribuci\u00f3 dels productes que arribaven, Mar\u00eda Jos\u00e9 Mira ha explicat com es van adequar els pavellons 8 i 11 de Fira Val\u00e8ncia per convertir-los en el &#8216;magatzem COVID&#8217; de la Comunitat Valenciana i ha indicat que van obtenir &#8220;les llic\u00e8ncies, les aplicacions inform\u00e0tiques i el personal necessaris per organitzar el treball &#8220;.<\/p>\n\n\n\n<p class=\"wp-block-paragraph\"><strong>Distribuci\u00f3 de material<\/strong><\/p>\n\n\n\n<p class=\"wp-block-paragraph\">Durant la seua compareixen\u00e7a, Mira ha assegurat que el material adquirit per les diferents vies &#8220;s&#8217;ha destinat a tots els \u00e0mbits i s&#8217;ha fet arribar a la poblaci\u00f3 de major risc a trav\u00e9s de les farm\u00e0cies, ha cobert tamb\u00e9 la protecci\u00f3 de les forces de seguretat com a Policia Local i Auton\u00f2mica, i dels centres sociosanitaris, ja que les nostres resid\u00e8ncies han rebut gaireb\u00e9 5 milions de guants, 8 mil bussos o m\u00e9s d&#8217;1 mili\u00f3 de m\u00e0scares &#8220;.<\/p>\n\n\n\n<p class=\"wp-block-paragraph\">Aix\u00ed mateix ha continuat el material tamb\u00e9 s&#8217;ha distribu\u00eft entre ajuntaments, funer\u00e0ries, instituts de medicina forense, habitatges de tutelats, bombers, forestals, personal d&#8217;emerg\u00e8ncies, plantes de gesti\u00f3 de residus, les seus judicials o centre de transfusions &#8220;.<\/p>\n\n\n\n<p class=\"wp-block-paragraph\">Sobre el procediment de selecci\u00f3 de l&#8217;material importat, la seua adquisici\u00f3 i subministrament, la comissionada ha explicat que &#8220;s&#8217;han assumit uns mecanismes de control per assegurar els est\u00e0ndards adequats aplicables i s&#8217;han complert totes les normatives existents, tant la Directiva 93\/42 \/ CEE de Consell de 14 de juny de 1993, relativa als productes sanitaris, com el reglament 2016\/425 de el Parlament Europeu i de Consell, de 9 de mar\u00e7 de 2016, relatiu als equips de protecci\u00f3 individual &#8220;.<\/p>\n\n\n\n<p class=\"wp-block-paragraph\">Aix\u00ed mateix, per garantir els productes i adequar el seu \u00fas als diferents \u00e0mbits de la poblaci\u00f3, &#8220;hem comptat amb la col\u00b7laboraci\u00f3 de l&#8217;Institut Valenci\u00e0 de Seguretat i Salut en el Treball (Invassat), que emetia fitxes t\u00e8cniques, i amb l&#8217;Institut Tecnol\u00f2gic de l&#8217;Embalatge , Transport i Log\u00edstica (ITENE) que ha elaborat assajos sobre cada producte, i de l&#8217;Institut Nacional de Seguretat i Salut en el Treball, que a trav\u00e9s de Centre Nacional de Mitjans de Protecci\u00f3 ha ofert suport t\u00e8cnic &#8220;, ha aclarit.<\/p>\n\n\n\n<p class=\"wp-block-paragraph\"><strong>Reserva estrat\u00e8gica<\/strong><\/p>\n\n\n\n<p class=\"wp-block-paragraph\">La comissionada tamb\u00e9 s&#8217;ha referit a el pla per mantenir una reserva estrat\u00e8gica de material que pugui donar cobertura a la poblaci\u00f3 i als professionals davant de nous rebrots de la pand\u00e8mia.<\/p>\n\n\n\n<p class=\"wp-block-paragraph\">Mira ha insistit que &#8220;per assegurar la disponibilitat de material de protecci\u00f3 pel que fa a quantitat, temps i lloc, amb el menor cost possible s&#8217;ha de mantenir un dip\u00f2sit dimensionat tant per als mesos de consum est\u00e0ndard, com per als mesos de consum d&#8217;emerg\u00e8ncia &#8220;.<\/p>\n\n\n\n<p class=\"wp-block-paragraph\">Finalment, la comissionada ha volgut agrair, davant els diputats valencians, la confian\u00e7a que ha dipositat en ella el president Ximo Puig i ha elogiat la dilig\u00e8ncia del seu equip compost pel subsecretari de Sanitat, David Fern\u00e1ndez, la secret\u00e0ria auton\u00f2mica d&#8217;Economia, Rebeca Torr\u00f3, la directora general de Coordinaci\u00f3 del Di\u00e0leg Social, Zulima P\u00e9rez, i la directora general de l&#8217;Institut Valenci\u00e0 de Competitivitat Empresarial, J\u00falia Company.<\/p>\n","protected":false},"excerpt":{"rendered":"<div class=\"mh-excerpt\">La comissionada de Presid\u00e8ncia de la Generalitat per a la compra i gesti\u00f3 de subministraments ha firmat 63 contractes per import de m\u00e9s de 81,7 milions amb empreses internacionals i nacionals Mira destaca en la <a class=\"mh-excerpt-more\" href=\"https:\/\/tucomarca.whitekongsoftware.com\/ca\/maria-jose-mira-el-consell-ha-cobert-les-seues-necessitats-amb-la-compra-de-quasi-mil-tones-de-material-per-a-salvar-vides-en-la-lluita-contra-la-covid-19\/\" title=\"Mar\u00eda Jos\u00e9 Mira: &#8220;El Consell ha cobert les seues necessitats amb la compra de quasi mil tones de material per a salvar vides en la lluita contra la COVID-19&#8221;\">[+] <\/a><\/div>\n","protected":false},"author":12,"featured_media":102216,"comment_status":"open","ping_status":"open","sticky":false,"template":"","format":"standard","meta":{"footnotes":""},"categories":[10890,10951,10892,11010,11046,10898,10948,10963,10894,10904,10912,10902,10947,10896,10897],"tags":[11939,11940,11952],"class_list":["post-106497","post","type-post","status-publish","format-standard","has-post-thumbnail","category-ademus","category-ayora-cofrentes-ca","category-camp-de-turia-ca","category-canal-salud","category-los-serranos-ca","category-ventana-ca","category-infraestructuras-ca","category-la-canal-de-navarres-ca","category-la-comarca-ca","category-sin-categorizar-ca","category-la-hoya-ca","category-la-ribera-ca","category-politica","category-seccion-ca","category-sucesos-la-comarca-ca","tag-coronavirus-ca","tag-covid-19-ca","tag-covid2019-ca"],"_links":{"self":[{"href":"https:\/\/tucomarca.whitekongsoftware.com\/ca\/wp-json\/wp\/v2\/posts\/106497","targetHints":{"allow":["GET"]}}],"collection":[{"href":"https:\/\/tucomarca.whitekongsoftware.com\/ca\/wp-json\/wp\/v2\/posts"}],"about":[{"href":"https:\/\/tucomarca.whitekongsoftware.com\/ca\/wp-json\/wp\/v2\/types\/post"}],"author":[{"embeddable":true,"href":"https:\/\/tucomarca.whitekongsoftware.com\/ca\/wp-json\/wp\/v2\/users\/12"}],"replies":[{"embeddable":true,"href":"https:\/\/tucomarca.whitekongsoftware.com\/ca\/wp-json\/wp\/v2\/comments?post=106497"}],"version-history":[{"count":0,"href":"https:\/\/tucomarca.whitekongsoftware.com\/ca\/wp-json\/wp\/v2\/posts\/106497\/revisions"}],"wp:featuredmedia":[{"embeddable":true,"href":"https:\/\/tucomarca.whitekongsoftware.com\/ca\/wp-json\/wp\/v2\/media\/102216"}],"wp:attachment":[{"href":"https:\/\/tucomarca.whitekongsoftware.com\/ca\/wp-json\/wp\/v2\/media?parent=106497"}],"wp:term":[{"taxonomy":"category","embeddable":true,"href":"https:\/\/tucomarca.whitekongsoftware.com\/ca\/wp-json\/wp\/v2\/categories?post=106497"},{"taxonomy":"post_tag","embeddable":true,"href":"https:\/\/tucomarca.whitekongsoftware.com\/ca\/wp-json\/wp\/v2\/tags?post=106497"}],"curies":[{"name":"wp","href":"https:\/\/api.w.org\/{rel}","templated":true}]}}