{"id":106463,"date":"2020-05-18T16:19:27","date_gmt":"2020-05-18T14:19:27","guid":{"rendered":"http:\/\/www.tucomarca.com\/wordpress\/segunda\/?p=106463"},"modified":"2020-05-18T16:23:08","modified_gmt":"2020-05-18T14:23:08","slug":"el-conservatori-de-bunyol-continua-amb-gran-exit-de-participacio-el-seu-ciber-festival-entre-professors-alumnes-i-formacions-de-cambra","status":"publish","type":"post","link":"https:\/\/tucomarca.whitekongsoftware.com\/ca\/el-conservatori-de-bunyol-continua-amb-gran-exit-de-participacio-el-seu-ciber-festival-entre-professors-alumnes-i-formacions-de-cambra\/","title":{"rendered":"El Conservatori de Bunyol continua amb gran \u00e8xit de participaci\u00f3 el seu Ciber-Festival entre professors, alumnes i formacions de cambra"},"content":{"rendered":"\n<p class=\"wp-block-paragraph\"><strong>Bernat Fabra, director del dit centre educatiu musical bunyolense, afirma que davant de la impossibilitat de realitzar concerts i actuacions de final de curs han optat per llan\u00e7ar v\u00eddeos setmanalment de format curt. L&#8217;acceptaci\u00f3 ha sigut enorme<\/strong><\/p>\n\n\n\n<p class=\"wp-block-paragraph\">El Conservatori de M\u00fasica Professional Sant Rafael de Bu\u00f1ol va informar el passat 30 d&#8217;abril de l&#8217;organitzaci\u00f3 d&#8217;un Ciber-Festival on participen tant professors com alumnes i diferents formacions de m\u00fasica de cambra. Este centre educatiu, sempre amb molta activitat extraescolar i una actitud inquieta, davant de la impossibilitat de realitzar els concerts i actuacions planejades per al final de curs, ha optat per no quedar-se parat en esta \u00e8poca tan extraordin\u00e0ria. Setmanalment s&#8217;han llan\u00e7at diferents v\u00eddeos, de format curt, que aniran complementant el ciber-festival.<\/p>\n\n\n\n<p class=\"wp-block-paragraph\">Bernat Fabra, director del conservatori va manifestar que \u00e9s temps de reflexi\u00f3 i d&#8217;aprendre, per\u00f2 no excloent per a poder experimentar en nous formats per a nosaltres, que estem tan acostumats a la interpretaci\u00f3 en directo&#8221;. Este format suposa un repte per a tots, especialment per als alumnes i alumnes, perqu\u00e8 estan adquirint noves habilitats que complementen la seua formaci\u00f3. Ara, dies despr\u00e9s mostra la seua satisfacci\u00f3 per l&#8217;\u00e8xit que est\u00e0 tenint, amb el gran nombre de propostes presentades, havent de fer incl\u00fas un proc\u00e9s d&#8217;acceptaci\u00f3 de les mateixes.<\/p>\n\n\n\n<p class=\"wp-block-paragraph\">Per part de la Regidoria de Cultura de l&#8217;Ajuntament de Bu\u00f1ol, amb Juan Luis Pall\u00e1s com a edil responsable, confirmaven el suport total a este tipus d&#8217;iniciatives i a totes les que s&#8217;estan duent a terme en estos durs moments per part del Conservatori de Bu\u00f1ol. &#8220;Han demostrat tant l&#8217;equip directiu, com el professorat com l&#8217;alumnat anar en una mateixa sintonia, el seu amor per la m\u00fasica, per aprendre i per continuar amb les seues classes i el seu aprendizaje&#8221;.<\/p>\n\n\n\n<p class=\"wp-block-paragraph\">Els m\u00fasics s\u00f3n uns enamorats del p\u00fablic, del directe, de la gent, &#8220;por aix\u00f2 ja que no es poden fer concerts ni audicions \u00e9s una molt bona manera de veure com estan evolucionant els alumnes, de que els seus familiars els vegen i de fer veure a tot el poble de Bu\u00f1ol l&#8217;incre\u00efble labor que tots estan fent des de les seues cases&#8221;. Continua l&#8217;edil: &#8220;Bunyol \u00e9s cultura, Bunyol \u00e9s m\u00fasica, Bunyol \u00e9s un viver de m\u00fasics, Bunyol est\u00e0 activo&#8221;.<\/p>\n\n\n\n<p class=\"wp-block-paragraph\">L&#8217;edil incidix en que all\u00f2 que s&#8217;ha previst \u00e9s que durant tot el mes de maig i fins a principis de juny el ciber siga viu, amb la publicaci\u00f3 de 2-3 v\u00eddeos per setmana. &#8220;Creo que tenen molt esfor\u00e7 per part de tots professors i alumnes i \u00e9s una bona oportunitat per a reivindicar la important labor que realitzem en el Conservatorio&#8221;.<\/p>\n\n\n\n<p class=\"wp-block-paragraph\">Continua explicant Juan Luis Pall\u00e1s que la previsi\u00f3 \u00e9s de fer 16 v\u00eddeos nous i recuperar uns 8 d&#8217;actuacions anteriors, repartits en 2 mesos, per tant en 8 setmanes ixen a 3 per setmana. Finalitza: &#8220;Es una iniciativa \u00fanica i que ve a posar en valor la import\u00e0ncia de les Tic&#8217;s en l&#8217;ensenyan\u00e7a musical&#8221;.<\/p>\n","protected":false},"excerpt":{"rendered":"<div class=\"mh-excerpt\">Bernat Fabra, director del dit centre educatiu musical bunyolense, afirma que davant de la impossibilitat de realitzar concerts i actuacions de final de curs han optat per llan\u00e7ar v\u00eddeos setmanalment de format curt. L&#8217;acceptaci\u00f3 ha <a class=\"mh-excerpt-more\" href=\"https:\/\/tucomarca.whitekongsoftware.com\/ca\/el-conservatori-de-bunyol-continua-amb-gran-exit-de-participacio-el-seu-ciber-festival-entre-professors-alumnes-i-formacions-de-cambra\/\" title=\"El Conservatori de Bunyol continua amb gran \u00e8xit de participaci\u00f3 el seu Ciber-Festival entre professors, alumnes i formacions de cambra\">[+] <\/a><\/div>\n","protected":false},"author":12,"featured_media":102030,"comment_status":"open","ping_status":"open","sticky":false,"template":"","format":"standard","meta":{"footnotes":""},"categories":[10973,10911,11005,11010,10976,10977,10980,10948,10894,10912,10902,10978,11007,10896,10979,11047,10974,10975],"tags":[11939,11940,11952],"class_list":["post-106463","post","type-post","status-publish","format-standard","has-post-thumbnail","category-alborache-ca","category-bunol-ca","category-canal-musica","category-canal-salud","category-dos-aguas-ca","category-godelleta-ca","category-yatova-ca","category-infraestructuras-ca","category-la-comarca-ca","category-la-hoya-ca","category-la-ribera-ca","category-macastre-ca","category-ocio-y-cultura-ca","category-seccion-ca","category-siete-aguas-ca","category-turis-ca","category-cheste-ca","category-chiva-ca","tag-coronavirus-ca","tag-covid-19-ca","tag-covid2019-ca"],"_links":{"self":[{"href":"https:\/\/tucomarca.whitekongsoftware.com\/ca\/wp-json\/wp\/v2\/posts\/106463","targetHints":{"allow":["GET"]}}],"collection":[{"href":"https:\/\/tucomarca.whitekongsoftware.com\/ca\/wp-json\/wp\/v2\/posts"}],"about":[{"href":"https:\/\/tucomarca.whitekongsoftware.com\/ca\/wp-json\/wp\/v2\/types\/post"}],"author":[{"embeddable":true,"href":"https:\/\/tucomarca.whitekongsoftware.com\/ca\/wp-json\/wp\/v2\/users\/12"}],"replies":[{"embeddable":true,"href":"https:\/\/tucomarca.whitekongsoftware.com\/ca\/wp-json\/wp\/v2\/comments?post=106463"}],"version-history":[{"count":0,"href":"https:\/\/tucomarca.whitekongsoftware.com\/ca\/wp-json\/wp\/v2\/posts\/106463\/revisions"}],"wp:featuredmedia":[{"embeddable":true,"href":"https:\/\/tucomarca.whitekongsoftware.com\/ca\/wp-json\/wp\/v2\/media\/102030"}],"wp:attachment":[{"href":"https:\/\/tucomarca.whitekongsoftware.com\/ca\/wp-json\/wp\/v2\/media?parent=106463"}],"wp:term":[{"taxonomy":"category","embeddable":true,"href":"https:\/\/tucomarca.whitekongsoftware.com\/ca\/wp-json\/wp\/v2\/categories?post=106463"},{"taxonomy":"post_tag","embeddable":true,"href":"https:\/\/tucomarca.whitekongsoftware.com\/ca\/wp-json\/wp\/v2\/tags?post=106463"}],"curies":[{"name":"wp","href":"https:\/\/api.w.org\/{rel}","templated":true}]}}