{"id":106326,"date":"2020-05-15T15:26:49","date_gmt":"2020-05-15T13:26:49","guid":{"rendered":"http:\/\/www.tucomarca.com\/wordpress\/segunda\/?p=106326"},"modified":"2020-05-15T15:26:50","modified_gmt":"2020-05-15T13:26:50","slug":"el-departament-de-salut-de-manises-pateix-un-increment-de-83-contagis-i-de-24-morts-amb-coronavirus-en-els-ultims-vint-dies","status":"publish","type":"post","link":"https:\/\/tucomarca.whitekongsoftware.com\/ca\/el-departament-de-salut-de-manises-pateix-un-increment-de-83-contagis-i-de-24-morts-amb-coronavirus-en-els-ultims-vint-dies\/","title":{"rendered":"El Departament de Salut de Manises pateix un increment de 83 contagis i de 24 morts amb coronavirus en els \u00faltims vint dies"},"content":{"rendered":"\n<p class=\"wp-block-paragraph\">El Departament de Salut de Manises ha patit un augment de 78 casos en els \u00faltims vint dies. Concretament, des del passat diumenge 26 d&#8217;abril a aquest divendres, 15 de maig, els casos han pujat des dels 455 als actuals 538 persones que han estat diagnosticades amb el virus, segons les dades ofertes per la conselleria de Sanitat Universal i Salut P\u00fablica de la Generalitat Valenciana.<\/p>\n\n\n\n<p class=\"wp-block-paragraph\">Xifres que, comparades amb la setmana anterior a l&#8217;26 d&#8217;abril, s\u00f3n sensiblement inferiors ja que nom\u00e9s en els set dies anteriors a el dia 26 es van registrar un total de 72 nous contagis.<\/p>\n\n\n\n<p class=\"wp-block-paragraph\">Pel que fa a el nombre de morts, des del 26 d&#8217;abril fins aquest divendres s&#8217;han produ\u00eft un total de 66 defuncions en el departament de salut de Manises, des de les 42 que es van registrar fa vint dies, de manera que l&#8217;increment produ\u00eft en aquest interval de temps ha estat de 24 persones mortes.<\/p>\n\n\n\n<p class=\"wp-block-paragraph\">Durant els set dies anteriors a el 26 d&#8217;abril van ser un total de 6 les persones mortes, de manera que la mortalitat en aquests vint dies, a difer\u00e8ncia de l&#8217;nombre de contagis, s&#8217;ha vist notablement incrementada en el departament de salut de Manises.<\/p>\n\n\n\n<p class=\"wp-block-paragraph\">El departament de Manises cobreix la demanda sanit\u00e0ria de 207.215 persones procedents dels 14 municipis adscrits i que s\u00f3n, a m\u00e9s de Manises, els d&#8217;Alborache, Bunyol, Macastre, Y\u00e0tova, Xest, Chiva, Quart de Poblet, Godelleta, Tur\u00eds, Loriguilla, Riba -roja, Aldaia i Mislata.<\/p>\n\n\n\n<p class=\"wp-block-paragraph\">En aquesta esmentada \u00e0rea geogr\u00e0fica, les dades de qu\u00e8 disposa la Generalitat Valenciana a data de l&#8217;15 de mar\u00e7 (que s\u00f3n els comptabilitzats fins a un dia abans) s\u00f3n d&#8217;un total de 538 positius, amb 66 morts, el que ofereix una taxa de positius per cada cent mil habitants de l&#8217;259,60 i una taxa de mortalitat de l&#8217;31,90. Unes dades que, segons la comparativa amb altres departaments, segueixen situant a el de Manises en el grup dels que estan lleugerament per sota de la mitjana pel que fa a afecci\u00f3 de la pand\u00e8mia.<\/p>\n","protected":false},"excerpt":{"rendered":"<div class=\"mh-excerpt\">El Departament de Salut de Manises ha patit un augment de 78 casos en els \u00faltims vint dies. Concretament, des del passat diumenge 26 d&#8217;abril a aquest divendres, 15 de maig, els casos han pujat <a class=\"mh-excerpt-more\" href=\"https:\/\/tucomarca.whitekongsoftware.com\/ca\/el-departament-de-salut-de-manises-pateix-un-increment-de-83-contagis-i-de-24-morts-amb-coronavirus-en-els-ultims-vint-dies\/\" title=\"El Departament de Salut de Manises pateix un increment de 83 contagis i de 24 morts amb coronavirus en els \u00faltims vint dies\">[+] <\/a><\/div>\n","protected":false},"author":1,"featured_media":106324,"comment_status":"open","ping_status":"open","sticky":false,"template":"","format":"standard","meta":{"footnotes":""},"categories":[10973,10911,10892,11010,10898,10977,10980,10948,10894,10912,10902,10931,10978,10903,10947,10906,10896,10897,11047,10974,10975],"tags":[11939,11937,11940,11938,11952,11951,136,11092,10914,5952],"class_list":["post-106326","post","type-post","status-publish","format-standard","has-post-thumbnail","category-alborache-ca","category-bunol-ca","category-camp-de-turia-ca","category-canal-salud","category-ventana-ca","category-godelleta-ca","category-yatova-ca","category-infraestructuras-ca","category-la-comarca-ca","category-la-hoya-ca","category-la-ribera-ca","category-loriguilla-ca","category-macastre-ca","category-medio-ambiente-la-comarca-ca","category-politica","category-riba-roja-ca","category-seccion-ca","category-sucesos-la-comarca-ca","category-turis-ca","category-cheste-ca","category-chiva-ca","tag-coronavirus-ca","tag-coronavirus","tag-covid-19-ca","tag-covid-19","tag-covid2019-ca","tag-covid2019","tag-hospital-de-manises","tag-hospital-de-manises-ca","tag-la-hoya-de-bunol-chiva-ca","tag-la-hoya-de-bunol-chiva"],"_links":{"self":[{"href":"https:\/\/tucomarca.whitekongsoftware.com\/ca\/wp-json\/wp\/v2\/posts\/106326","targetHints":{"allow":["GET"]}}],"collection":[{"href":"https:\/\/tucomarca.whitekongsoftware.com\/ca\/wp-json\/wp\/v2\/posts"}],"about":[{"href":"https:\/\/tucomarca.whitekongsoftware.com\/ca\/wp-json\/wp\/v2\/types\/post"}],"author":[{"embeddable":true,"href":"https:\/\/tucomarca.whitekongsoftware.com\/ca\/wp-json\/wp\/v2\/users\/1"}],"replies":[{"embeddable":true,"href":"https:\/\/tucomarca.whitekongsoftware.com\/ca\/wp-json\/wp\/v2\/comments?post=106326"}],"version-history":[{"count":0,"href":"https:\/\/tucomarca.whitekongsoftware.com\/ca\/wp-json\/wp\/v2\/posts\/106326\/revisions"}],"wp:featuredmedia":[{"embeddable":true,"href":"https:\/\/tucomarca.whitekongsoftware.com\/ca\/wp-json\/wp\/v2\/media\/106324"}],"wp:attachment":[{"href":"https:\/\/tucomarca.whitekongsoftware.com\/ca\/wp-json\/wp\/v2\/media?parent=106326"}],"wp:term":[{"taxonomy":"category","embeddable":true,"href":"https:\/\/tucomarca.whitekongsoftware.com\/ca\/wp-json\/wp\/v2\/categories?post=106326"},{"taxonomy":"post_tag","embeddable":true,"href":"https:\/\/tucomarca.whitekongsoftware.com\/ca\/wp-json\/wp\/v2\/tags?post=106326"}],"curies":[{"name":"wp","href":"https:\/\/api.w.org\/{rel}","templated":true}]}}