{"id":106192,"date":"2020-05-14T14:22:06","date_gmt":"2020-05-14T12:22:06","guid":{"rendered":"http:\/\/www.tucomarca.com\/wordpress\/segunda\/?p=106192"},"modified":"2020-05-14T14:22:41","modified_gmt":"2020-05-14T12:22:41","slug":"el-cim-santa-cecilia-de-iatova-posa-en-marxa-el-projecte-encuentros-cim-des-de-casa-per-a-continuar-amb-el-projecte-musical-i-educatiu-de-la-societat","status":"publish","type":"post","link":"https:\/\/tucomarca.whitekongsoftware.com\/ca\/el-cim-santa-cecilia-de-iatova-posa-en-marxa-el-projecte-encuentros-cim-des-de-casa-per-a-continuar-amb-el-projecte-musical-i-educatiu-de-la-societat\/","title":{"rendered":"El CIM Santa Cec\u00edlia de I\u00e0tova posa en marxa el projecte &#8220;Encuentros CIM des de casa&#8221; per a continuar amb el projecte musical i educatiu de la societat"},"content":{"rendered":"\n<ul class=\"wp-block-gallery columns-1 is-cropped wp-block-gallery-1 is-layout-flex wp-block-gallery-is-layout-flex\"><li class=\"blocks-gallery-item\"><figure><img loading=\"lazy\" decoding=\"async\" width=\"787\" height=\"689\" src=\"http:\/\/www.tucomarca.com\/wordpress\/segunda\/wp-content\/uploads\/2020\/05\/SantaCeci-Virtual01.jpg\" alt=\"\" data-id=\"106183\" data-link=\"http:\/\/www.tucomarca.com\/wordpress\/segunda\/?attachment_id=106183\" class=\"wp-image-106183\" srcset=\"https:\/\/tucomarca.whitekongsoftware.com\/wp-content\/uploads\/2020\/05\/SantaCeci-Virtual01.jpg 787w, https:\/\/tucomarca.whitekongsoftware.com\/wp-content\/uploads\/2020\/05\/SantaCeci-Virtual01-300x263.jpg 300w, https:\/\/tucomarca.whitekongsoftware.com\/wp-content\/uploads\/2020\/05\/SantaCeci-Virtual01-768x672.jpg 768w\" sizes=\"auto, (max-width: 787px) 100vw, 787px\" \/><\/figure><\/li><li class=\"blocks-gallery-item\"><figure><img loading=\"lazy\" decoding=\"async\" width=\"787\" height=\"590\" src=\"http:\/\/www.tucomarca.com\/wordpress\/segunda\/wp-content\/uploads\/2020\/05\/SantaCeci-Virtual02.jpg\" alt=\"\" data-id=\"106185\" data-link=\"http:\/\/www.tucomarca.com\/wordpress\/segunda\/?attachment_id=106185\" class=\"wp-image-106185\" srcset=\"https:\/\/tucomarca.whitekongsoftware.com\/wp-content\/uploads\/2020\/05\/SantaCeci-Virtual02.jpg 787w, https:\/\/tucomarca.whitekongsoftware.com\/wp-content\/uploads\/2020\/05\/SantaCeci-Virtual02-300x225.jpg 300w, https:\/\/tucomarca.whitekongsoftware.com\/wp-content\/uploads\/2020\/05\/SantaCeci-Virtual02-768x576.jpg 768w, https:\/\/tucomarca.whitekongsoftware.com\/wp-content\/uploads\/2020\/05\/SantaCeci-Virtual02-678x509.jpg 678w, https:\/\/tucomarca.whitekongsoftware.com\/wp-content\/uploads\/2020\/05\/SantaCeci-Virtual02-326x245.jpg 326w, https:\/\/tucomarca.whitekongsoftware.com\/wp-content\/uploads\/2020\/05\/SantaCeci-Virtual02-80x60.jpg 80w\" sizes=\"auto, (max-width: 787px) 100vw, 787px\" \/><\/figure><\/li><li class=\"blocks-gallery-item\"><figure><img loading=\"lazy\" decoding=\"async\" width=\"787\" height=\"492\" src=\"http:\/\/www.tucomarca.com\/wordpress\/segunda\/wp-content\/uploads\/2020\/05\/SantaCeci-Virtual04.jpg\" alt=\"\" data-id=\"106187\" data-link=\"http:\/\/www.tucomarca.com\/wordpress\/segunda\/?attachment_id=106187\" class=\"wp-image-106187\" srcset=\"https:\/\/tucomarca.whitekongsoftware.com\/wp-content\/uploads\/2020\/05\/SantaCeci-Virtual04.jpg 787w, https:\/\/tucomarca.whitekongsoftware.com\/wp-content\/uploads\/2020\/05\/SantaCeci-Virtual04-300x188.jpg 300w, https:\/\/tucomarca.whitekongsoftware.com\/wp-content\/uploads\/2020\/05\/SantaCeci-Virtual04-768x480.jpg 768w\" sizes=\"auto, (max-width: 787px) 100vw, 787px\" \/><\/figure><\/li><li class=\"blocks-gallery-item\"><figure><img loading=\"lazy\" decoding=\"async\" width=\"787\" height=\"958\" src=\"http:\/\/www.tucomarca.com\/wordpress\/segunda\/wp-content\/uploads\/2020\/05\/SantaCeci-Virtual03-1.jpg\" alt=\"\" data-id=\"106189\" data-link=\"http:\/\/www.tucomarca.com\/wordpress\/segunda\/?attachment_id=106189\" class=\"wp-image-106189\" srcset=\"https:\/\/tucomarca.whitekongsoftware.com\/wp-content\/uploads\/2020\/05\/SantaCeci-Virtual03-1.jpg 787w, https:\/\/tucomarca.whitekongsoftware.com\/wp-content\/uploads\/2020\/05\/SantaCeci-Virtual03-1-246x300.jpg 246w, https:\/\/tucomarca.whitekongsoftware.com\/wp-content\/uploads\/2020\/05\/SantaCeci-Virtual03-1-768x935.jpg 768w\" sizes=\"auto, (max-width: 787px) 100vw, 787px\" \/><\/figure><\/li><\/ul>\n\n\n\n<p class=\"wp-block-paragraph\">El Centre Instructiu musical de I\u00e0tova est\u00e0 desenvolupant des de principis d&#8217;abril el projecte &#8220;Trobades CIM des de casa&#8221;, amb el qual busquen continuar amb el projecte musical de la societat i mantenir el contacte entre els seus membres amb activitats no nom\u00e9s musicals, sin\u00f3 tamb\u00e9 l\u00fadiques i socials.<\/p>\n\n\n\n<p class=\"wp-block-paragraph\">Les trobades, que es desenvolupen seguint la metodologia de les classes en l\u00ednia que va iniciar en el seu Escola de M\u00fasica des de finals de mar\u00e7, van sorgir davant la dificultat de continuar amb l&#8217;activitat habitual de la banda i de realitzar assajos f\u00edsics en les pr\u00f2ximes setmanes i estan coordinats pel director, Juan Manuel Alarc\u00f3n Garc\u00eda, el president de la societat, Joaqu\u00edn Ortiz, i per quatre dels m\u00fasics de la banda, que conformen la comissi\u00f3 de coordinaci\u00f3 de trobades.<\/p>\n\n\n\n<p class=\"wp-block-paragraph\">El projecte t\u00e9 com a objectius mantenir la comunicaci\u00f3 amb el director i entre els components de la banda i establir objectius musicals a curt, mitj\u00e0 i llarg termini que permeten mantenir l&#8217;activitat musical.<br>A trav\u00e9s de les xarxes socials, el canal pel qual s&#8217;informa a tota la banda, i les videoconfer\u00e8ncies, el director estableix setmanalment un calendari de trobades per cordes, en els quals tots els seus membres exposen diferents propostes de treball i material per compartir per seu posterior estudi.<\/p>\n\n\n\n<p class=\"wp-block-paragraph\">Les trobades inicialment estan programats per cordes, per\u00f2 dins d&#8217;el projecte tamb\u00e9 es contempla les trobades intercuerdas, o invitaci\u00f3 a entrar-hi a membres de la Junta Directiva, que tamb\u00e9 fan les seues reunions en l\u00ednia.<\/p>\n\n\n\n<p class=\"wp-block-paragraph\">La comissi\u00f3 de coordinaci\u00f3 es reuneix en l\u00ednia totes les setmanes per a la valoraci\u00f3 de el projecte.<\/p>\n\n\n\n<p class=\"wp-block-paragraph\">&#8220;Estem en la tercera setmana de trobades i l&#8217;acollida a el projecte i la participaci\u00f3 han estat excel\u00b7lents. Hi ha una gran predisposici\u00f3 dels nostres m\u00fasics, que han demostrat tant la seua inquietud com les seues ganes de seguir fent m\u00fasica &#8220;, ha apuntat al respecte el president de la societat Joaqu\u00edn Ortiz, qui a m\u00e9s ha confirmat que a les xarxes socials del Cim Santa Cec\u00edlia ja hi ha a disposici\u00f3 de tots els apassionats de la m\u00fasica alguns v\u00eddeos com el de quintet de metalls, trompa, obo\u00e8, saxo o percussi\u00f3, \u2026 &#8220;totes les cordes estan en actiu i molts dels projectes sortiran a les xarxes&#8221; ha reiterat Joaqu\u00edn Ortiz.<\/p>\n\n\n\n<p class=\"wp-block-paragraph\">Per la seua banda, el director de la societat, Juan Manuel Alarc\u00f3n, ha assenyalat que &#8220;l&#8217;adaptaci\u00f3 social i pedag\u00f2gica a les noves situacions \u00e9s un repte que hem d&#8217;assumir tots i totes, per\u00f2 especialment les societats musicals perqu\u00e8 el nostre necessari i inherent esperit col\u00b7lectiu \u00e9s precisament el que ara est\u00e0 m\u00e9s q\u00fcestionat &#8220;, per\u00f2 s&#8217;ha mostrat conven\u00e7ut que&#8221; m\u00e9s tard o d&#8217;hora tornarem a poder actuar davant el p\u00fablic, per\u00f2 mentrestant el CIM segueix actiu &#8220;.<\/p>\n","protected":false},"excerpt":{"rendered":"<div class=\"mh-excerpt\">El Centre Instructiu musical de I\u00e0tova est\u00e0 desenvolupant des de principis d&#8217;abril el projecte &#8220;Trobades CIM des de casa&#8221;, amb el qual busquen continuar amb el projecte musical de la societat i mantenir el contacte <a class=\"mh-excerpt-more\" href=\"https:\/\/tucomarca.whitekongsoftware.com\/ca\/el-cim-santa-cecilia-de-iatova-posa-en-marxa-el-projecte-encuentros-cim-des-de-casa-per-a-continuar-amb-el-projecte-musical-i-educatiu-de-la-societat\/\" title=\"El CIM Santa Cec\u00edlia de I\u00e0tova posa en marxa el projecte &#8220;Encuentros CIM des de casa&#8221; per a continuar amb el projecte musical i educatiu de la societat\">[+] <\/a><\/div>\n","protected":false},"author":12,"featured_media":106182,"comment_status":"open","ping_status":"open","sticky":false,"template":"","format":"gallery","meta":{"footnotes":""},"categories":[11005,11010,10980,10948,10894,10912,11007,10896,10897],"tags":[11156,11939,11940,10914],"class_list":["post-106192","post","type-post","status-publish","format-gallery","has-post-thumbnail","category-canal-musica","category-canal-salud","category-yatova-ca","category-infraestructuras-ca","category-la-comarca-ca","category-la-hoya-ca","category-ocio-y-cultura-ca","category-seccion-ca","category-sucesos-la-comarca-ca","tag-cim-santa-cecilia-yatova-ca","tag-coronavirus-ca","tag-covid-19-ca","tag-la-hoya-de-bunol-chiva-ca","post_format-post-format-gallery"],"_links":{"self":[{"href":"https:\/\/tucomarca.whitekongsoftware.com\/ca\/wp-json\/wp\/v2\/posts\/106192","targetHints":{"allow":["GET"]}}],"collection":[{"href":"https:\/\/tucomarca.whitekongsoftware.com\/ca\/wp-json\/wp\/v2\/posts"}],"about":[{"href":"https:\/\/tucomarca.whitekongsoftware.com\/ca\/wp-json\/wp\/v2\/types\/post"}],"author":[{"embeddable":true,"href":"https:\/\/tucomarca.whitekongsoftware.com\/ca\/wp-json\/wp\/v2\/users\/12"}],"replies":[{"embeddable":true,"href":"https:\/\/tucomarca.whitekongsoftware.com\/ca\/wp-json\/wp\/v2\/comments?post=106192"}],"version-history":[{"count":0,"href":"https:\/\/tucomarca.whitekongsoftware.com\/ca\/wp-json\/wp\/v2\/posts\/106192\/revisions"}],"wp:featuredmedia":[{"embeddable":true,"href":"https:\/\/tucomarca.whitekongsoftware.com\/ca\/wp-json\/wp\/v2\/media\/106182"}],"wp:attachment":[{"href":"https:\/\/tucomarca.whitekongsoftware.com\/ca\/wp-json\/wp\/v2\/media?parent=106192"}],"wp:term":[{"taxonomy":"category","embeddable":true,"href":"https:\/\/tucomarca.whitekongsoftware.com\/ca\/wp-json\/wp\/v2\/categories?post=106192"},{"taxonomy":"post_tag","embeddable":true,"href":"https:\/\/tucomarca.whitekongsoftware.com\/ca\/wp-json\/wp\/v2\/tags?post=106192"}],"curies":[{"name":"wp","href":"https:\/\/api.w.org\/{rel}","templated":true}]}}