{"id":106170,"date":"2020-05-14T12:43:25","date_gmt":"2020-05-14T10:43:25","guid":{"rendered":"http:\/\/www.tucomarca.com\/wordpress\/segunda\/?p=106170"},"modified":"2020-05-14T12:43:50","modified_gmt":"2020-05-14T10:43:50","slug":"manises-participa-en-lassaig-clinic-solidarity-per-a-la-busca-dun-tractament-per-a-pacients-de-covid19","status":"publish","type":"post","link":"https:\/\/tucomarca.whitekongsoftware.com\/ca\/manises-participa-en-lassaig-clinic-solidarity-per-a-la-busca-dun-tractament-per-a-pacients-de-covid19\/","title":{"rendered":"Manises participa en l&#8217;assaig cl\u00ednic &#8220;Solidarity&#8221; per a la busca d&#8217;un tractament per a pacients de Covid19"},"content":{"rendered":"\n<p class=\"wp-block-paragraph\"><strong>L&#8217;Hospital de Manises forma part del major assaig cl\u00ednic del m\u00f3n &#8220;Solidarity&#8221;, una proposta liderada per l&#8217;OMS i coordinada, a nivell nacional, per l&#8217;Hospital Cl\u00ednic Sant Carles de Madrid, que avaluar\u00e0 la seguretat i efic\u00e0cia de quatre tractaments en pacients de Covid19<\/strong><\/p>\n\n\n\n<p class=\"wp-block-paragraph\"><strong>La participaci\u00f3 de l&#8217;Hospital de Manises en l&#8217;assaig cl\u00ednic es coordina des del Servici de Medicina Interna en col\u00b7laboraci\u00f3 amb les \u00e0rees d&#8217;Urg\u00e8ncies, UCI, Infermeria, Laboratori i Farm\u00e0cia<\/strong><\/p>\n\n\n\n<p class=\"wp-block-paragraph\">L&#8217;Hospital de Manises s&#8217;uneix a la iniciativa &#8220;Solidarity&#8221;. Un assaig liderat per l&#8217;Organitzaci\u00f3 Mundial de la Salut i catalogat com a emerg\u00e8ncia sanit\u00e0ria, en qu\u00e8 s&#8217;estudia el perfil de seguretat i l&#8217;efic\u00e0cia cl\u00ednica de quatre medicaments per al tractament de la Covid19. El repte \u00e9s avaluar i obtenir evid\u00e8ncia cl\u00ednica de quin \u00e9s el millor tractament contra la malaltia<br> &nbsp;<br>&#8220;Solidaritat&#8221;, en espanyol, \u00e9s el nom que rep l&#8217;assaig cl\u00ednic m\u00e9s ambici\u00f3s que s&#8217;ha posat en marxa en el m\u00f3n. &#8220;La participaci\u00f3 de l&#8217;hospital de Manises en aquest estudi, promoguda per la unitat d&#8217;investigaci\u00f3 cl\u00ednica, \u00e9s una oportunitat de contribuir activament en un projecte com\u00fa en la lluita contra el virus. A l&#8217;espera d&#8217;una vacuna, formem part d&#8217;aquest projecte, on hospitals de m\u00e9s de 80 pa\u00efsos d&#8217;el m\u00f3n, de manera coordinada i altruista, avaluen la millor opci\u00f3 terap\u00e8utica per a cada pacient segons la seva simptomatologia, antecedents m\u00e8dics o evoluci\u00f3 de la malaltia. El seu disseny, flexibilitat i els milers de pacients reclutats, emmarquen l&#8217;assaig Solidarity com un dels projectes m\u00e9s esperan\u00e7adors per combatre la pand\u00e8mia.<br> &nbsp;<br>L&#8217;assaig pret\u00e9n avaluar de forma sistem\u00e0tica, l&#8217;\u00fas de l&#8217;antiviral &#8220;remdesivir&#8221; utilitzat contra l&#8217;Ebola; la combinaci\u00f3 de &#8220;lopinavir&#8221; i &#8220;ritonavir&#8221;, que fins ara han estat utilitzats en pacients portadors de VIH; el &#8220;interfer\u00f3 beta&#8221; que s&#8217;utilitza contra l&#8217;esclerosi m\u00faltiple; i la &#8220;hidroxicloroquina&#8221; que s&#8217;usa de forma habitual contra la mal\u00e0ria i el reumatisme.<\/p>\n\n\n\n<p class=\"wp-block-paragraph\">La din\u00e0mica i flexibilitat terap\u00e8utica de l&#8217;assaig, intr\u00ednseca a l&#8217;car\u00e0cter d&#8217;emerg\u00e8ncia sanit\u00e0ria d&#8217;ell mateix, permetr\u00e0 modificar els bra\u00e7os de tractament en funci\u00f3 dels resultats i respostes cl\u00edniques dels pacients, per tant, podran incorporar-se i retirar-se medicaments garantint un continu avan\u00e7 en la investigaci\u00f3. D&#8217;aquesta manera, l&#8217;hospital de Manises passa a formar part dels hospitals implicats en la recerca d&#8217;un tractament per a la Covid19.<\/p>\n","protected":false},"excerpt":{"rendered":"<div class=\"mh-excerpt\">L&#8217;Hospital de Manises forma part del major assaig cl\u00ednic del m\u00f3n &#8220;Solidarity&#8221;, una proposta liderada per l&#8217;OMS i coordinada, a nivell nacional, per l&#8217;Hospital Cl\u00ednic Sant Carles de Madrid, que avaluar\u00e0 la seguretat i efic\u00e0cia <a class=\"mh-excerpt-more\" href=\"https:\/\/tucomarca.whitekongsoftware.com\/ca\/manises-participa-en-lassaig-clinic-solidarity-per-a-la-busca-dun-tractament-per-a-pacients-de-covid19\/\" title=\"Manises participa en l&#8217;assaig cl\u00ednic &#8220;Solidarity&#8221; per a la busca d&#8217;un tractament per a pacients de Covid19\">[+] <\/a><\/div>\n","protected":false},"author":12,"featured_media":106169,"comment_status":"open","ping_status":"open","sticky":false,"template":"","format":"standard","meta":{"footnotes":""},"categories":[10973,10911,11010,10898,10977,10980,10948,10894,10904,10912,10978,10903,10896,10897,10974,10975],"tags":[11939,11940,11092],"class_list":["post-106170","post","type-post","status-publish","format-standard","has-post-thumbnail","category-alborache-ca","category-bunol-ca","category-canal-salud","category-ventana-ca","category-godelleta-ca","category-yatova-ca","category-infraestructuras-ca","category-la-comarca-ca","category-sin-categorizar-ca","category-la-hoya-ca","category-macastre-ca","category-medio-ambiente-la-comarca-ca","category-seccion-ca","category-sucesos-la-comarca-ca","category-cheste-ca","category-chiva-ca","tag-coronavirus-ca","tag-covid-19-ca","tag-hospital-de-manises-ca"],"_links":{"self":[{"href":"https:\/\/tucomarca.whitekongsoftware.com\/ca\/wp-json\/wp\/v2\/posts\/106170","targetHints":{"allow":["GET"]}}],"collection":[{"href":"https:\/\/tucomarca.whitekongsoftware.com\/ca\/wp-json\/wp\/v2\/posts"}],"about":[{"href":"https:\/\/tucomarca.whitekongsoftware.com\/ca\/wp-json\/wp\/v2\/types\/post"}],"author":[{"embeddable":true,"href":"https:\/\/tucomarca.whitekongsoftware.com\/ca\/wp-json\/wp\/v2\/users\/12"}],"replies":[{"embeddable":true,"href":"https:\/\/tucomarca.whitekongsoftware.com\/ca\/wp-json\/wp\/v2\/comments?post=106170"}],"version-history":[{"count":0,"href":"https:\/\/tucomarca.whitekongsoftware.com\/ca\/wp-json\/wp\/v2\/posts\/106170\/revisions"}],"wp:featuredmedia":[{"embeddable":true,"href":"https:\/\/tucomarca.whitekongsoftware.com\/ca\/wp-json\/wp\/v2\/media\/106169"}],"wp:attachment":[{"href":"https:\/\/tucomarca.whitekongsoftware.com\/ca\/wp-json\/wp\/v2\/media?parent=106170"}],"wp:term":[{"taxonomy":"category","embeddable":true,"href":"https:\/\/tucomarca.whitekongsoftware.com\/ca\/wp-json\/wp\/v2\/categories?post=106170"},{"taxonomy":"post_tag","embeddable":true,"href":"https:\/\/tucomarca.whitekongsoftware.com\/ca\/wp-json\/wp\/v2\/tags?post=106170"}],"curies":[{"name":"wp","href":"https:\/\/api.w.org\/{rel}","templated":true}]}}