{"id":106160,"date":"2020-05-14T11:49:49","date_gmt":"2020-05-14T09:49:49","guid":{"rendered":"http:\/\/www.tucomarca.com\/wordpress\/segunda\/?p=106160"},"modified":"2020-05-14T11:56:40","modified_gmt":"2020-05-14T09:56:40","slug":"la-federacio-de-futbol-acorda-la-finalitzacio-de-les-competicions-territorials-sense-descensos-i-amb-un-play-off-expres-dascens-a-tercera","status":"publish","type":"post","link":"https:\/\/tucomarca.whitekongsoftware.com\/ca\/la-federacio-de-futbol-acorda-la-finalitzacio-de-les-competicions-territorials-sense-descensos-i-amb-un-play-off-expres-dascens-a-tercera\/","title":{"rendered":"La Federaci\u00f3 de Futbol acorda la finalitzaci\u00f3 de les competicions territorials sense descensos i amb un play off expr\u00e9s d&#8217;ascens a Tercera"},"content":{"rendered":"\n<p class=\"wp-block-paragraph\"><strong>El campi\u00f3 de l&#8217;play off entre el CD Bunyol, CD Utiel, Torrent i Sant Marcel\u00b7l\u00ed es jugaran l&#8217;ascens a Tercera contra els primers de la resta de grups<\/strong><\/p>\n\n\n\n<p class=\"wp-block-paragraph\">En sessi\u00f3 de la Junta Directiva de la Federaci\u00f3 de Futbol de la Comunitat Valenciana, FFCV, celebrada telem\u00e0ticament aquest dimecres s&#8217;ha donat per finalitzada la temporada esportiva 2019-2020 d&#8217;\u00e0mbit territorial a data 14 de mar\u00e7, &#8220;moment en qu\u00e8 es va decretar l&#8217;Estat d&#8217;Alarma a Espanya, establint l&#8217;ordre de la competici\u00f3 amb els resultats de la classificaci\u00f3 que estaven establerts en l&#8217;\u00faltima jornada disputada. es realitzar\u00e0 la classificaci\u00f3 final i es resoldran els possibles empats segons els criteris establerts en l&#8217;art. 285 de l&#8217;Reglament General de la FFCV. en el cas que en algun grup hagu\u00e9s equips que tinguessin partits endarrerits, pendents de jugar o la composici\u00f3 sigui d&#8217;equips senars, per establir la classificaci\u00f3 s&#8217;aplicar\u00e0 el criteri de coeficient, \u00e9s a dir, dividir els punts obtinguts entre els partits disputats per determinar el seu lloc en la classificaci\u00f3 final &#8220;.<\/p>\n\n\n\n<p class=\"wp-block-paragraph\">D&#8217;aquesta manera, l&#8217;ascens a Tercera Divisi\u00f3 a Regional Preferent es far\u00e0 per play off expr\u00e9s a partit \u00fanic que jugaran els quatre primers de cada un dels quatre grups, en el grup segon es troba el CD Bunyol, al costat de l&#8217;Torrent, Sant Marcel\u00b7l\u00ed i el CD Utiel. Aix\u00ed, s&#8217;enfrontaran el primer contra el quart, el segon contra el tercer i els guanyadors d&#8217;aquestes dues eliminat\u00f2ries jugaran una final de la qual sortir\u00e0 el campi\u00f3 que s&#8217;enfrontar\u00e0 a un dels que hagin finalitzat de la mateixa manera en els altres tres grups, compostos per Benicarl\u00f3, Borriana, Castell\u00f3 B i Almassora (grup primer); Castellonenca, Muro, Tavernes de la Valldigna i Carcaixent (grup tercer); i la Vila Joiosa, C. F. I. Alacant Rayo Ibense i Redov\u00e1n (grup quart).<\/p>\n\n\n\n<p class=\"wp-block-paragraph\">De Segona Regional ascendir\u00e0 a Primera Regional els dos primers de cada un dels 14 grups, entre ells en el grup cinqu\u00e8 el Atl. Ll\u00edria i Racing de Paterna; i en el grup sis\u00e8 el CD Xest i el Ll\u00edria. Per la seva banda, de Primera Regional a Regional Preferent pujarien 16 equips, els dos primers de cada un dels vuit grups.<\/p>\n\n\n\n<p class=\"wp-block-paragraph\">A m\u00e9s, la FFCV ha adoptat de manera un\u00e0nime els seg\u00fcents acords que hauran de ser ratificats per l&#8217;Assemblea General: &#8220;que no es produeixin descensos en les categories d&#8217;\u00e0mbit territorial, en coher\u00e8ncia amb el que estableixen les competicions d&#8217;\u00e0mbit nacional no professionals&#8221;.<\/p>\n\n\n\n<p class=\"wp-block-paragraph\">Tamb\u00e9 que es produeixin &#8220;els ascensos establerts mitjan\u00e7ant les circulars de competici\u00f3 de Futbol i Futbol Sala (tant mascul\u00ed com femen\u00ed), per a la temporada 2019\/2020 tant per a aquells equips que ascendien de forma directa com per als equips que ocupen llocs de promoci\u00f3 de ascens, sempre en el cas que el seu categoria immediatament superior sigui d&#8217;\u00e0mbit territorial &#8220;.<\/p>\n\n\n\n<p class=\"wp-block-paragraph\">&#8220;Les competicions amb promoci\u00f3 d&#8217;ascens a competicions de car\u00e0cter nacional es jugaran de la forma prevista, de consens majoritari amb els clubs afectats, si b\u00e9 es disputaran mitjan\u00e7ant format expr\u00e9s i sempre que l&#8217;autoritat sanit\u00e0ria competent ho permeti i es compleixin els protocols sanitaris per poder desenvolupar la pr\u00e0ctica esportiva, tal com ha establert la RFEF en les categories d&#8217;\u00e0mbit nacional. i que no hi hagi descens d&#8217;\u00e0rbitres en cap categoria territorial &#8220;.<\/p>\n\n\n\n<p class=\"wp-block-paragraph\">Properament publicaran una circular detallant els punts anteriors, tant d&#8217;ascensos com de promocions expr\u00e9s, ja que s&#8217;est\u00e0 pendent que l&#8217;autoritat sanit\u00e0ria competent ho permeti i es compleixin els protocols sanitaris per poder desenvolupar esport.<\/p>\n\n\n\n<p class=\"wp-block-paragraph\">&#8220;La present decisi\u00f3 s&#8217;adopta un cop resoltes les competicions nacionals i en coher\u00e8ncia amb la l\u00ednia establerta per la Reial Federaci\u00f3 Espanyola de Futbol. La FFCV i la seva Junta Directiva s\u00f3n conscients de la gran dificultat que comporta resoldre la present temporada, tant per l&#8217;enorme esfor\u00e7 i dedicaci\u00f3 realitzat durant tota ella pels clubs, futbolistes, entrenadors i \u00e0rbitres que formen aquesta FFCV, com per la il\u00b7lusi\u00f3 d&#8217;acabar-la, per\u00f2 \u00e9s necessari adoptar la present decisi\u00f3 a fi a protegir la salut de totes les persones que participen en qualsevol de els partits, campionats i esdeveniments organitzats per aquesta Federaci\u00f3 &#8220;.<\/p>\n\n\n\n<p class=\"wp-block-paragraph\">Per tal de que aquesta decisi\u00f3 compt\u00e9s amb la cobertura jur\u00eddica i estatut\u00e0ria necess\u00e0ria, es va instar per la FFCV a la Direcci\u00f3 General d&#8217;Esports de la Comunitat Valenciana el passat 7 de maig. Aquesta va contestar via correu electr\u00f2nic i ha reiterat que, segons el Decret 2\/2018 de 12 de gener de Consell, la compet\u00e8ncia sobre les competicions oficials i el seu calendari correspon a les federacions territorials.<\/p>\n\n\n\n<p class=\"wp-block-paragraph\">Finalment, la FFCV ha anunciat que comen\u00e7a &#8220;a treballar en la temporada seg\u00fcent, adequant la seva activitat a la nova realitat, primant la protecci\u00f3 de la salut i conven\u00e7uda que \u00e9s el moment d&#8217;estar de la banda seus clubs, aix\u00ed com de ajudar-los en tot el possible &#8220;.<\/p>\n","protected":false},"excerpt":{"rendered":"<div class=\"mh-excerpt\">El campi\u00f3 de l&#8217;play off entre el CD Bunyol, CD Utiel, Torrent i Sant Marcel\u00b7l\u00ed es jugaran l&#8217;ascens a Tercera contra els primers de la resta de grups En sessi\u00f3 de la Junta Directiva de <a class=\"mh-excerpt-more\" href=\"https:\/\/tucomarca.whitekongsoftware.com\/ca\/la-federacio-de-futbol-acorda-la-finalitzacio-de-les-competicions-territorials-sense-descensos-i-amb-un-play-off-expres-dascens-a-tercera\/\" title=\"La Federaci\u00f3 de Futbol acorda la finalitzaci\u00f3 de les competicions territorials sense descensos i amb un play off expr\u00e9s d&#8217;ascens a Tercera\">[+] <\/a><\/div>\n","protected":false},"author":1,"featured_media":77868,"comment_status":"open","ping_status":"open","sticky":false,"template":"","format":"standard","meta":{"footnotes":""},"categories":[10911,11015,11010,11003,10898,10948,10894,10904,10912,10947,10909,10896,10897,11059],"tags":[11937,11938,11951,10379,10661],"class_list":["post-106160","post","type-post","status-publish","format-standard","has-post-thumbnail","category-bunol-ca","category-canal-futbol","category-canal-salud","category-sports","category-ventana-ca","category-infraestructuras-ca","category-la-comarca-ca","category-sin-categorizar-ca","category-la-hoya-ca","category-politica","category-requena-utiel-ca","category-seccion-ca","category-sucesos-la-comarca-ca","category-utiel-ca","tag-coronavirus","tag-covid-19","tag-covid2019","tag-deportes","tag-esports"],"_links":{"self":[{"href":"https:\/\/tucomarca.whitekongsoftware.com\/ca\/wp-json\/wp\/v2\/posts\/106160","targetHints":{"allow":["GET"]}}],"collection":[{"href":"https:\/\/tucomarca.whitekongsoftware.com\/ca\/wp-json\/wp\/v2\/posts"}],"about":[{"href":"https:\/\/tucomarca.whitekongsoftware.com\/ca\/wp-json\/wp\/v2\/types\/post"}],"author":[{"embeddable":true,"href":"https:\/\/tucomarca.whitekongsoftware.com\/ca\/wp-json\/wp\/v2\/users\/1"}],"replies":[{"embeddable":true,"href":"https:\/\/tucomarca.whitekongsoftware.com\/ca\/wp-json\/wp\/v2\/comments?post=106160"}],"version-history":[{"count":0,"href":"https:\/\/tucomarca.whitekongsoftware.com\/ca\/wp-json\/wp\/v2\/posts\/106160\/revisions"}],"wp:featuredmedia":[{"embeddable":true,"href":"https:\/\/tucomarca.whitekongsoftware.com\/ca\/wp-json\/wp\/v2\/media\/77868"}],"wp:attachment":[{"href":"https:\/\/tucomarca.whitekongsoftware.com\/ca\/wp-json\/wp\/v2\/media?parent=106160"}],"wp:term":[{"taxonomy":"category","embeddable":true,"href":"https:\/\/tucomarca.whitekongsoftware.com\/ca\/wp-json\/wp\/v2\/categories?post=106160"},{"taxonomy":"post_tag","embeddable":true,"href":"https:\/\/tucomarca.whitekongsoftware.com\/ca\/wp-json\/wp\/v2\/tags?post=106160"}],"curies":[{"name":"wp","href":"https:\/\/api.w.org\/{rel}","templated":true}]}}