{"id":106018,"date":"2020-05-13T19:52:27","date_gmt":"2020-05-13T17:52:27","guid":{"rendered":"http:\/\/www.tucomarca.com\/wordpress\/segunda\/?p=106018"},"modified":"2020-05-13T22:23:36","modified_gmt":"2020-05-13T20:23:36","slug":"entrevista-teresa-hernandez-encara-que-en-set-aigues-estiguem-ja-en-fase-1-el-virus-continua-alla-i-hem-de-tenir-molta-cautela","status":"publish","type":"post","link":"https:\/\/tucomarca.whitekongsoftware.com\/ca\/entrevista-teresa-hernandez-encara-que-en-set-aigues-estiguem-ja-en-fase-1-el-virus-continua-alla-i-hem-de-tenir-molta-cautela\/","title":{"rendered":"Entrevista. Teresa Hern\u00e1ndez: \u00abEncara que en Set Aig\u00fces estiguem ja en Fase 1, el virus continua all\u00e0 i hem de tenir molta cautela\u00bb"},"content":{"rendered":"\n<p class=\"wp-block-paragraph\"><strong>El municipi de Set Aig\u00fces, encara que pertanyent administrativament a la comarca de la Foia de Bunyol-Xiva, ha entrat des d&#8217;aquest dilluns a la Fase 1 de la desescalada a l&#8217;estar integrat en l&#8217;\u00e0rea de salut de Requena. <\/strong>tucomarca.com<strong> ha conversat amb l&#8217;alcaldessa del municipi, Teresa Hern\u00e1ndez, que ha explicat com est\u00e0 afrontant la poblaci\u00f3 aquesta primera fase de la desescalada.<\/strong><\/p>\n\n\n\n<p class=\"wp-block-paragraph\"><strong>\u2014 PREGUNTA: Com ha afectat la pand\u00e8mia a l&#8217;municipi de Set Aig\u00fces? Qu\u00e8 tal ha portat el confinament la poblaci\u00f3 i en quin grau els ha afectat la pand\u00e8mia?<\/strong><\/p>\n\n\n\n<p class=\"wp-block-paragraph\">\u2014 RESPOSTA: El confinament ho hem portat, m&#8217;imagino, com qualsevol altre municipi. El confinament ens va agafar una mica per sorpresa, per\u00f2 crec que a poc a poc tota la poblaci\u00f3 s&#8217;ha anat agafant a la normativa i al que havia de fer; i en general s&#8217;ha portat b\u00e9. I respecte a l&#8217;afecci\u00f3, jo crec que aquesta caldria situar-la en un grau mitj\u00e0.<\/p>\n\n\n\n<p class=\"wp-block-paragraph\"><strong> \u2014 Pot resumir algunes de les mesures m\u00e9s destacades que s&#8217;han posat en pr\u00e0ctica des de l&#8217;Ajuntament de Set Aig\u00fces durant aquestes setmanes de confinament per combatre la pand\u00e8mia?<\/strong><\/p>\n\n\n\n<p class=\"wp-block-paragraph\">\u2014 Doncs des del primer dia vam posar ja mesures en marxa amb els agricultors, per exemple, un d&#8217;ells, Diego, es va oferir a fer la neteja amb lleixiu de tots els carrers amb la brigada municipal, que ha sulfatat amb lleixiu tot el que s\u00f3n les zones dels comer\u00e7os oberts, els contenidors, etc\u00e8tera. \u00c9s a dir, les mesures de desinfecci\u00f3 les hem posat en marxa des del primer dia. Tamb\u00e9 ens an\u00e0vem acoblant al que ens anava dictant el Ministeri: a les mesures en el tancament de parcs, d&#8217;\u00e0rees recreatives, ajuntament, edificis municipals \u2026 totes aquestes mitges les hem anat adoptant. Tamb\u00e9 vam fer, pel que fa a les mascaretes, primerament dotar d&#8217;elles a tots els treballadors i treballadores de l&#8217;Ajuntament. Les vam adquirir l&#8217;Ajuntament de Set Aig\u00fces i tamb\u00e9 vam comen\u00e7ar a repartir a tota la poblaci\u00f3. De fet, la setmana passada vam aconseguir comprar mascaretes per a nens, de 3 a 10 anys, i tamb\u00e9 l&#8217;equip de govern les va estar repartint casa per casa sense deixar-nos a ning\u00fa. Tamb\u00e9 hem utilitzat la Brigada helitransportada de Set Aig\u00fces, que estan fent la desinfecci\u00f3 d&#8217;edificis per, a el passar a la fase 1, posar en funcionament la biblioteca, l&#8217;Ajuntament amb cita pr\u00e8via, els serveis socials \u2026 tot aix\u00f2 s&#8217;ha quedat desinfectat el cap de setmana per poder arrencar ia la setmana en fase 1 i poder atendre la gent.<\/p>\n\n\n\n<p class=\"wp-block-paragraph\"><strong>\u2014 Set Aig\u00fces compta amb una poblaci\u00f3 amb 1.179 habitants i com molta de l&#8217;interior valenci\u00e0 est\u00e0 molt envellida. Creu que aquesta circumst\u00e0ncia ha contribu\u00eft que es complissin m\u00e9s les normes i aix\u00f2 ha contribu\u00eft a minimitzar els contagis?<\/strong><\/p>\n\n\n\n<p class=\"wp-block-paragraph\">\u2014 La veritat \u00e9s que la gent ha estat molt compromesa, pocs casos s&#8217;han donat de gent que es salt\u00e9s el confinament, i en l\u00ednies generals la gent ha estat molt compromesa perqu\u00e8 la poblaci\u00f3 \u00e9s m\u00e9s gran, tots tenim pares o avis m\u00e9s grans que conviuen amb les fam\u00edlies, amb el que la gent s&#8217;ho ha pres bastant seriosament. I a nivell sanitari molt b\u00e9; no tinc const\u00e0ncia que hi hagi hagut aqu\u00ed cap positiu en la poblaci\u00f3.<\/p>\n\n\n\n<p class=\"wp-block-paragraph\"><strong>\u2014 \u00bfS&#8217;han posat especials mesures per protegir el poblaci\u00f3 m\u00e9s gran, pensat per exemple a la llar de l&#8217;jubilat?<\/strong><\/p>\n\n\n\n<p class=\"wp-block-paragraph\">\u2014 S\u00ed, la llar de l&#8217;jubilat des del minut un es va tancar i no hem tingut cap problema.<\/p>\n\n\n\n<p class=\"wp-block-paragraph\"><strong>\u2014 Set Aig\u00fces \u00e9s una poblaci\u00f3 amb un car\u00e0cter molt tur\u00edstic, exemple d&#8217;aix\u00f2 \u00e9s que a l&#8217;estiu multiplica considerablement la seva poblaci\u00f3. Com van a afrontar aquesta circumst\u00e0ncia aquestes properes setmanes? Es va a permetre venir a la gent a la seva segona resid\u00e8ncia?<\/strong><\/p>\n\n\n\n<p class=\"wp-block-paragraph\">\u2014 Nosaltres seguirem les l\u00ednies que ens marqui el Ministeri. Pensem que ja hi ha hagut impacte econ\u00f2mic negatiu per a tothom, perqu\u00e8 per exemple el que \u00e9s la Setmana Santa o la Pasqua, sol haver molta gent en la seva segona resid\u00e8ncia aqu\u00ed a Siete Aguas, i aquest any no ha tingut. Veurem qu\u00e8 ens diu el Ministeri segons les fases.<\/p>\n\n\n\n<p class=\"wp-block-paragraph\"><strong>\u2014 \u00bfEls ha sorpr\u00e8s que el departament de salut de Requena, a qu\u00e8 Setaig\u00fces pertany, malgrat haver-se convertit en un de les majors zones d&#8217;afecci\u00f3 de la pand\u00e8mia a la Comunitat Valenciana haja passat abans que altres zones a la Fase 1?<\/strong><\/p>\n\n\n\n<p class=\"wp-block-paragraph\">\u2014 No, la veritat \u00e9s que no. Tamb\u00e9 \u00e9s veritat que nosaltres tenim el privilegi de comptar amb Ricardo G\u00f3mez, el nostre regidor de Turisme, Patrimoni i Sanitat; que alhora \u00e9s el cardi\u00f2leg de l&#8217;Hospital de Requena, amb el que ell ens ha explicat el motiu de perqu\u00e8 nosaltres hem passat a aquesta fase. I \u00e9s que tot i que hi ha hagut contagis a l&#8217;Hospital de Requena per les resid\u00e8ncies, a hores d&#8217;ara l&#8217;hospital s\u00ed que compleix amb els requisits per canviar de fase. \u00c9s a dir, s\u00ed que estan preparats per rebre un possible repunt. Per aix\u00f2 no ens ha sorpr\u00e8s perqu\u00e8 els objectius que s&#8217;han marcat per passar de fase es compleixen.<\/p>\n\n\n\n<p class=\"wp-block-paragraph\"><strong>\u2014 \u00bfCreu que el formar part d&#8217;una \u00e0rea de salut com la de Requena-Utiel, amb una baixa densitat de poblaci\u00f3, tamb\u00e9 pot haver afectat?<\/strong><\/p>\n\n\n\n<p class=\"wp-block-paragraph\">\u2014 \u00c9s clar, l&#8217;\u00e0rea de salut de Manises acull un munt de poblaci\u00f3 i la nostra \u00e9s molta menys poblaci\u00f3 que la que t\u00e9, per exemple, els pobles a partir de Bunyol per abaix.<\/p>\n\n\n\n<p class=\"wp-block-paragraph\"><strong>\u2014 \u00bfM&#8217;imagino que hi haur\u00e0 notat si la poblaci\u00f3 se sent contenta de poder anar avan\u00e7ant en aquest proc\u00e9s de desescalada, veritat?<\/strong><\/p>\n\n\n\n<p class=\"wp-block-paragraph\">\u2014  S\u00ed, estem contents, encara que jo sempre als ciutadans els dic el mateix: que no cal abaixar la gu\u00e0rdia i que encara que l&#8217;\u00fas de mascaretes no sigui obligatori, ja que hem pogut repartir a tota la poblaci\u00f3, que les facin servir, que guardin les mesures de dist\u00e0ncia i que no abaixin la gu\u00e0rdia perqu\u00e8 el virus continua all\u00e0 i hem de tenir molta cautela. S\u00ed que \u00e9s veritat que jo, com a alcaldessa, estic tremendament orgullosa perqu\u00e8 la gent s&#8217;ha bolcat, s&#8217;ha portat fenomenal, no nom\u00e9s els agricultors com Diego sin\u00f3 tamb\u00e9 la societat de ca\u00e7adors que ens ha dotat de lleixiu, ens han ajudat i molta gent ha anat col\u00b7laborant. Tamb\u00e9 un comer\u00e7 va dotar a la brigada de guants, de gels \u2026 Vull dir que la gent s&#8217;ha bolcat i els comer\u00e7os han guardat la seva dist\u00e0ncia o han posat els seus panells. La veritat \u00e9s que a l&#8217;actuaci\u00f3 de la poblaci\u00f3 de Set Aig\u00fces, si l&#8217;hagu\u00e9s de valorar, li donaria un deu.<\/p>\n\n\n\n<p class=\"wp-block-paragraph\"><strong>\u2014 I per acabar, quin missatge li agradaria enviar a la ciutadania i als seus possibles visitants despr\u00e9s de l&#8217;esfor\u00e7 de l&#8217;confinament i pensant tamb\u00e9 en les setmanes que encara ens queden per davant?<\/strong><\/p>\n\n\n\n<p class=\"wp-block-paragraph\">\u2014 Quan ja es puguin traslladar les persones d&#8217;unes zones a les seves segones resid\u00e8ncies, els diria el mateix a aquestes persones que vindran a les seves segones resid\u00e8ncies que als nostres ve\u00efns: que siguin respectuosos i sobretot que utilitzin les m\u00e0scares encara que no sigui obligatori i que guardin la dist\u00e0ncia de seguretat i que segueixin els passos que hem seguit les persones que vivim en Set Aigua des del principi fins ara. I vull acabar tamb\u00e9 agraint a tots i especialment a la Gu\u00e0rdia Civil i la Policia Local seu esfor\u00e7; ja que han fet un treball fant\u00e0stic.<\/p>\n","protected":false},"excerpt":{"rendered":"<div class=\"mh-excerpt\">El municipi de Set Aig\u00fces, encara que pertanyent administrativament a la comarca de la Foia de Bunyol-Xiva, ha entrat des d&#8217;aquest dilluns a la Fase 1 de la desescalada a l&#8217;estar integrat en l&#8217;\u00e0rea de <a class=\"mh-excerpt-more\" href=\"https:\/\/tucomarca.whitekongsoftware.com\/ca\/entrevista-teresa-hernandez-encara-que-en-set-aigues-estiguem-ja-en-fase-1-el-virus-continua-alla-i-hem-de-tenir-molta-cautela\/\" title=\"Entrevista. Teresa Hern\u00e1ndez: \u00abEncara que en Set Aig\u00fces estiguem ja en Fase 1, el virus continua all\u00e0 i hem de tenir molta cautela\u00bb\">[+] <\/a><\/div>\n","protected":false},"author":1,"featured_media":86675,"comment_status":"open","ping_status":"open","sticky":false,"template":"","format":"standard","meta":{"footnotes":""},"categories":[11010,10948,10894,10912,10903,10947,10896,10979,10897],"tags":[11939,11937,11940,11938,11952,11951,5952,10914,10381,11157],"class_list":["post-106018","post","type-post","status-publish","format-standard","has-post-thumbnail","category-canal-salud","category-infraestructuras-ca","category-la-comarca-ca","category-la-hoya-ca","category-medio-ambiente-la-comarca-ca","category-politica","category-seccion-ca","category-siete-aguas-ca","category-sucesos-la-comarca-ca","tag-coronavirus-ca","tag-coronavirus","tag-covid-19-ca","tag-covid-19","tag-covid2019-ca","tag-covid2019","tag-la-hoya-de-bunol-chiva","tag-la-hoya-de-bunol-chiva-ca","tag-siete-aguas","tag-siete-aguas-ca"],"_links":{"self":[{"href":"https:\/\/tucomarca.whitekongsoftware.com\/ca\/wp-json\/wp\/v2\/posts\/106018","targetHints":{"allow":["GET"]}}],"collection":[{"href":"https:\/\/tucomarca.whitekongsoftware.com\/ca\/wp-json\/wp\/v2\/posts"}],"about":[{"href":"https:\/\/tucomarca.whitekongsoftware.com\/ca\/wp-json\/wp\/v2\/types\/post"}],"author":[{"embeddable":true,"href":"https:\/\/tucomarca.whitekongsoftware.com\/ca\/wp-json\/wp\/v2\/users\/1"}],"replies":[{"embeddable":true,"href":"https:\/\/tucomarca.whitekongsoftware.com\/ca\/wp-json\/wp\/v2\/comments?post=106018"}],"version-history":[{"count":0,"href":"https:\/\/tucomarca.whitekongsoftware.com\/ca\/wp-json\/wp\/v2\/posts\/106018\/revisions"}],"wp:featuredmedia":[{"embeddable":true,"href":"https:\/\/tucomarca.whitekongsoftware.com\/ca\/wp-json\/wp\/v2\/media\/86675"}],"wp:attachment":[{"href":"https:\/\/tucomarca.whitekongsoftware.com\/ca\/wp-json\/wp\/v2\/media?parent=106018"}],"wp:term":[{"taxonomy":"category","embeddable":true,"href":"https:\/\/tucomarca.whitekongsoftware.com\/ca\/wp-json\/wp\/v2\/categories?post=106018"},{"taxonomy":"post_tag","embeddable":true,"href":"https:\/\/tucomarca.whitekongsoftware.com\/ca\/wp-json\/wp\/v2\/tags?post=106018"}],"curies":[{"name":"wp","href":"https:\/\/api.w.org\/{rel}","templated":true}]}}