{"id":105822,"date":"2020-05-11T20:00:35","date_gmt":"2020-05-11T18:00:35","guid":{"rendered":"http:\/\/www.tucomarca.com\/wordpress\/segunda\/?p=105822"},"modified":"2020-05-11T20:00:58","modified_gmt":"2020-05-11T18:00:58","slug":"entrevista-maria-amparo-pardo-des-de-lajuntament-de-godelleta-continuem-insistint-en-demanar-prudencia-perque-no-podem-confiar-nos","status":"publish","type":"post","link":"https:\/\/tucomarca.whitekongsoftware.com\/ca\/entrevista-maria-amparo-pardo-des-de-lajuntament-de-godelleta-continuem-insistint-en-demanar-prudencia-perque-no-podem-confiar-nos\/","title":{"rendered":"Entrevista. Mar\u00eda Amparo Pardo: \u00abDes de l&#8217;Ajuntament de Godelleta continuem insistint en demanar prud\u00e8ncia perqu\u00e8 no podem confiar-nos\u00bb"},"content":{"rendered":"\n<p class=\"wp-block-paragraph\"><strong>Mar\u00eda Amparo Pardo \u00e9s la regidora de Sanitat de l&#8217;Ajuntament de Godelleta, amb qui <\/strong>tucomarca.com<strong> ha analitzat la situaci\u00f3 del municipi tot esperant l&#8217;arrencada de les primeres fases de la desescalada.<\/strong><\/p>\n\n\n\n<p class=\"wp-block-paragraph\"><strong>\u2014 PREGUNTA: Com a regidora de Sanitat de l&#8217;Ajuntament de Godelleta, \u00bfen quina situaci\u00f3 es troba la poblaci\u00f3 per afrontar el proc\u00e9s desescalada en les pr\u00f2ximes setmanes?<\/strong><\/p>\n\n\n\n<p class=\"wp-block-paragraph\">\u2014 RESPOSTA: Jo veig la gent il\u00b7lusionada a poder sortir al carrer despr\u00e9s de tants dies de confinament. Els nens necessiten sortir, per\u00f2 el que s\u00ed que demanem des de l&#8217;Ajuntament i des de la regidoria de Sanitat \u00e9s prud\u00e8ncia. La gent est\u00e0 animada per sortir, vol sortir i de fet surt. Tamb\u00e9 \u00e9s cert que som un poble que no ha tingut molts casos, amb un nivell baix de contagis, aix\u00ed que la gent es confia i est\u00e0 sortint al carrer. Nosaltres des de l&#8217;Ajuntament continuem insistint en demanar prud\u00e8ncia sobretot perqu\u00e8 no podem confiar-nos. El virus encara est\u00e0 per aqu\u00ed pul\u00b7lulant i cal anar amb molt de compte.<\/p>\n\n\n\n<p class=\"wp-block-paragraph\"><strong>\u2014 Fa unes setmanes li vam preguntar a l&#8217;alcaldessa pel nivell de l&#8217;afecci\u00f3 de la pand\u00e8mia a Godelleta i en aquest moment ens va dir que havia estat mig-baix. Segueix en aquesta situaci\u00f3 la localitat?<\/strong><\/p>\n\n\n\n<p class=\"wp-block-paragraph\">\u2014 S\u00ed, s\u00ed, s&#8217;ha mantingut en aquesta situaci\u00f3. Tamb\u00e9 nosaltres des de l&#8217;Ajuntament hem intentat esbrinar dades de la incid\u00e8ncia, per\u00f2 des de Sanitat no han volgut inform\u00e9s per protecci\u00f3 de dades sobre els casos. Nosaltres ens vam assabentar si hi ha algun cas perqu\u00e8 la pr\u00f2pia gent t&#8217;ho diu i m\u00e9s o menys el tenim localitzats. Aqu\u00ed hem trobat a faltar una mica m\u00e9s d&#8217;informaci\u00f3.<\/p>\n\n\n\n<p class=\"wp-block-paragraph\"><strong>\u2014 \u00bfCreu que es doni tan poca informaci\u00f3 des de Sanitat sobre els casos \u00e9s una cosa perjudicial o per contra benefici\u00f3s per combatre la pand\u00e8mia i els seus efectes?<\/strong><\/p>\n\n\n\n<p class=\"wp-block-paragraph\">\u2014 Jo crec que donar la informaci\u00f3 amb comptagotes no \u00e9s bo perqu\u00e8 a la fi \u00e9s desinformaci\u00f3, genera incertesa i desconfian\u00e7a. A la fin, el qual havia de sortir a serveis b\u00e0sics com la farm\u00e0cia o a fer la compra, ho ha hagut de fer igual, per\u00f2 s\u00ed que \u00e9s veritat que aquesta manca d&#8217;informaci\u00f3 s&#8217;ha trobat molt a faltar.<\/p>\n\n\n\n<p class=\"wp-block-paragraph\"><strong>\u2014 \u00bfCreu que les dades de qu\u00e8 es disposa reflecteixen la veritable realitat o hi ha una altra oculta que encara no ha aflorat?<\/strong><\/p>\n\n\n\n<p class=\"wp-block-paragraph\">\u2014 Crec que hi ha una realitat oculta que no aflora. Estem constantment llegint que hi ha molts m\u00e9s casos dels que ens diuen. Aqu\u00ed ens assabentem dels casos perqu\u00e8 els afectats ens ho transmeten o la gent ho comenta. Per\u00f2 des de Sanitat no ens diuen res. Aix\u00f2 no \u00e9s bo, perqu\u00e8 a la fi \u00e9s desinformaci\u00f3 i jo crec que a la fi hi ha m\u00e9s casos dels que es diuen. Per aix\u00f2 \u00e9s s\u00faper important la precauci\u00f3 i des de la regidoria de Sanitat de Godelleta apel\u00b7lem a ella. Si es pot portar mascareta, per exemple, encara que un no estigui contagiat, com no sabem si som asimptom\u00e0tics o si estem contagiat i el podem transmetre, \u00e9s preferible portar mascareta i guants; i fer un bon \u00fas de les dues coses amb molta precauci\u00f3.<\/p>\n\n\n\n<p class=\"wp-block-paragraph\"><strong>\u2014 Godelleta \u00e9s un poble de menys de 5.000 habitants i entra en el grup que compta amb una major flexibilitat i menys restriccions hor\u00e0ries, per exemple, encara malgrat seguir en la fase zero. \u00bfCom veu que est\u00e0 portant la poblaci\u00f3 aquest avantatge?<\/strong><\/p>\n\n\n\n<p class=\"wp-block-paragraph\">\u2014 S\u00ed, s\u00ed aix\u00f2 ens d\u00f3na una mica d&#8217;avantatge i la poblaci\u00f3 ho est\u00e0 portant b\u00e9, perqu\u00e8 no tens horaris tan estrictes. Jo confio en la gent i la responsabilitat ha de partir de tots, encara que tinguem m\u00e9s flexibilitat en els horaris no es pot sortir m\u00e9s d&#8217;una hora, cal anar amb compte amb els nens, els pares han de ser responsables dels seus fills \u2026 per\u00f2 encara cal seguir tenint precauci\u00f3 perqu\u00e8 el virus segueix aqu\u00ed.<\/p>\n\n\n\n<p class=\"wp-block-paragraph\"><strong>\u2014 \u00bfCreu que s&#8217;han explicat b\u00e9 les diferents fases de la desescalada, que ha estat ent\u00e8s per la ciutadania?<\/strong><\/p>\n\n\n\n<p class=\"wp-block-paragraph\">\u2014 Crec que molta explicaci\u00f3 no n&#8217;hi ha. La gent es va agafant sobre la marxa. Nosaltres intentem tota la informaci\u00f3 que se&#8217;ns transmet penjar-la en xarxes socials, fer-la arribar a la gent per\u00f2 tot i aix\u00ed la informaci\u00f3 no \u00e9s molt flu\u00efda. \u00c9s bastant sobre la marxa i molt poc a poc.<\/p>\n\n\n\n<p class=\"wp-block-paragraph\"><strong>\u2014 \u00bfCreu, com molta gent, de deixar sortir a la poblaci\u00f3 al carrer sense fer test \u00e9s comen\u00e7ar la casa per la teulada?<\/strong><\/p>\n\n\n\n<p class=\"wp-block-paragraph\">\u2014 Crec que el primer que s&#8217;havia d&#8217;haver fet \u00e9s demanar test r\u00e0pids per a tot Espanya. Aix\u00f2 s&#8217;hauria d&#8217;haver fet el primer. I saber que una persona pot sortir al carrer perqu\u00e8 pot sortir. Estem sortint tots si verificar que ets portador asimptom\u00e0tic i est\u00e0s contagiant a tot el m\u00f3n. A m\u00e9s, tampoc ens deixen fer test, perqu\u00e8 com a Ajuntament hem demanat fer test a tota la plantilla, a la brigada, als policies, a les netejadores, etc\u00e8tera perqu\u00e8 tots ells estan treballant tot el temps i ens ho han denegat.<\/p>\n\n\n\n<p class=\"wp-block-paragraph\"><strong>\u2014 Godelleta t\u00e9 al seu terme municipal moltes urbanitzacions que compten amb habitatges considerats com a segones resid\u00e8ncies, com afecta aix\u00f2 a la poblaci\u00f3 de el casc urb\u00e0?<\/strong><\/p>\n\n\n\n<p class=\"wp-block-paragraph\">\u2014 B\u00e9, en els comer\u00e7os s&#8217;est\u00e0 notant que hi ha molta m\u00e9s poblaci\u00f3 a les urbanitzacions. S&#8217;est\u00e0 veient a molta gent que mai ha estat per aqu\u00ed i ara compra habitualment. Per\u00f2 b\u00e9, hem de portar-ho millor que puguem, no es pot evitar i hem de conviure tots junts i acceptar-ho. Buscant el positiu de l&#8217;assumpte, \u00e9s que els comer\u00e7os es poden beneficiar d&#8217;aix\u00f2, si \u00e9s gent no contagiada, \u00e9s clar, si ho estan pot ser problem\u00e0tic. Per\u00f2 com que no tenim test r\u00e0pids i no podem saber-ho \u2026<\/p>\n\n\n\n<p class=\"wp-block-paragraph\"><strong>\u2014 L&#8217;agricultura \u00e9s un dels sectors principals de Godelleta i com ha estat considerat essencial no ha parat aquestes setmanes de confinament. Creu que aquesta circumst\u00e0ncia pot ajudar a que la imminent i profunda crisi econ\u00f2mica que se&#8217;ns acosta no sigui tan profunda aqu\u00ed?<\/strong><\/p>\n\n\n\n<p class=\"wp-block-paragraph\">\u2014 La veritat \u00e9s que l&#8217;agricultura en aquests moments est\u00e0 tenint fins i tot m\u00e9s feina que en una situaci\u00f3 normal, perqu\u00e8 a l&#8217;tancar fronteres potser la nostra taronja ha tingut m\u00e9s sortida que l&#8217;any passat i jo veig que els agricultors estan treballant a el cent per cent , la cooperativa est\u00e0 treballant fins i tot m\u00e9s que altres anys.<\/p>\n\n\n\n<p class=\"wp-block-paragraph\"><strong>\u2014 L&#8217;Ajuntament ha posat en pr\u00e0ctica diverses mesures durant aquests mesos de confinament. \u00bfveritat?<\/strong><\/p>\n\n\n\n<p class=\"wp-block-paragraph\">\u2014 S\u00ed, s&#8217;ha treballat un munt perqu\u00e8 tota la gent que s&#8217;ha quedat sense feina o que no pot sortir de casa hagi pogut ser ajudat. Hem fet arribar menjar tothom i hem ajudat que la gent gran no sort\u00eds de casa. La brigada i la policia ha fet una tasca molt important i seguim en aix\u00f2. Aprofito per agrair a tots els que han estat al peu de can\u00f3 tot aquest temps de el confinament, doni netejadores a brigada, Policia Local i assumptes socials. La nostra treballadora social ha estat a peu de l&#8217;can\u00f3 a el dos-cents per cent. Molt\u00edssimes gr\u00e0cies a tots pel gran treball realitzat.<\/p>\n\n\n\n<p class=\"wp-block-paragraph\"><strong>\u2014 \u00bfL&#8217;Ajuntament s&#8217;ha plantejat aplicar tamb\u00e9 mesures com el control de temperatura o altres similars en edificis p\u00fablics a partir d&#8217;ara?<\/strong><\/p>\n\n\n\n<p class=\"wp-block-paragraph\">\u2014 S\u00ed, estem estudiant els protocols. De fet, ara tenim a tota la gent d&#8217;administraci\u00f3 de l&#8217;Ajuntament teletreballant; a l&#8217;ajuntament nom\u00e9s hi ha serveis b\u00e0sics amb dues persones per agafar el tel\u00e8fon i per fer el m\u00ednim. Perqu\u00e8 tots tornin hem de plantejar un protocol de seguretat que passar\u00e0 per complir dist\u00e0ncies de seguretat, reorganitzaci\u00f3 de personal, parabanes de metacrilat, controlador de temperatura \u2026 els protocols ens els marquen les empreses de seguretat i haurem d&#8217;utilitzar tot el que estigui a les nostres mans per posar-nos en marxa quan ens ho manin.<\/p>\n\n\n\n<p class=\"wp-block-paragraph\"><strong>\u2014 M&#8217;imagino que la realitzaci\u00f3 dels festejos taurins o patronals per a aquest estiu seguir\u00e0 estant molt en l&#8217;aire, oi?<\/strong><\/p>\n\n\n\n<p class=\"wp-block-paragraph\">\u2014 Pel que fa als festejos taurins o als dels clavaris, la veritat \u00e9s que jo no els veig. No m&#8217;imagino les celebracions marcant la dist\u00e0ncia de seguretat. El que tamb\u00e9 \u00e9s cert \u00e9s que cap poble es vol pronunciar encara i des del govern central tampoc. Pel que no volem avan\u00e7ar esdeveniments i despr\u00e9s haver de fer marxa enrere. Esperarem a veure qu\u00e8 es t\u00e9 pensat fer en els pobles del voltant i qu\u00e8 ens diuen des administracions superiors i ja veurem.<\/p>\n\n\n\n<p class=\"wp-block-paragraph\"><strong>\u2014 I a nivell d&#8217;educaci\u00f3, en un poble tan menut com Godelleta \u00e9s factible deixar a la meitat dels escolars a casa?<\/strong><\/p>\n\n\n\n<p class=\"wp-block-paragraph\">\u2014 La veritat \u00e9s que encara no tenim ni idea de com es va a plantejar aquest tema. S&#8217;est\u00e0 estudiant la possibilitat que els nens vagin a classe en dies alterns per reduir el nombre d&#8217;alumnes, per\u00f2 tot est\u00e0 en l&#8217;aire. Sobre la marxa anirem veient qu\u00e8 ens determinen des conselleria d&#8217;Educaci\u00f3. Esperem que no hagin rebrots que ens obliguin a tornar a casa i a prendre mesures severes quan tot estigui organitzat.<\/p>\n\n\n\n<p class=\"wp-block-paragraph\"><strong>\u2014 \u00bfCreu que hi pot haver algun rebrot?<\/strong><\/p>\n\n\n\n<p class=\"wp-block-paragraph\">\u2014 No ho s\u00e9, els xinesos van avisant que s\u00ed que ho va haver. No s\u00e9 si tindran ra\u00f3 o la tindr\u00e0 el investigador que diu que al juny desapareixer\u00e0 el virus i no tornar\u00e0 fins d&#8217;aqu\u00ed a deu anys.<\/p>\n\n\n\n<p class=\"wp-block-paragraph\"><strong>\u2014 I per acabar, quin missatge li agradaria enviar a la ciutadania despr\u00e9s de l&#8217;esfor\u00e7 de l&#8217;confinament i pensant tamb\u00e9 en les setmanes que encara ens queden per davant?<\/strong><\/p>\n\n\n\n<p class=\"wp-block-paragraph\">\u2014 Un missatge d&#8217;\u00e0nim i d&#8217;esperan\u00e7a, per\u00f2 sobretot de precauci\u00f3. Que tinguin precauci\u00f3, que no es confi\u00efn. Des Sanitat els convido que si s&#8217;aixeca la m\u00e0 sortim i fem una mica m\u00e9s de vida normal per\u00f2 sense confiar-nos, perqu\u00e8 fins que no hi hagi vacuna, per la nostra gent gran i pels nostres nens, cal tenir precauci\u00f3. Hi ha molta gent encara molt vulnerable i cal protegir-encara de la situaci\u00f3. Des de l&#8217;Ajuntament estem treballant molt per tenir cura i ajudar a la gent, perqu\u00e8 no surtin de casa la gent gran.<\/p>\n","protected":false},"excerpt":{"rendered":"<div class=\"mh-excerpt\">Mar\u00eda Amparo Pardo \u00e9s la regidora de Sanitat de l&#8217;Ajuntament de Godelleta, amb qui tucomarca.com ha analitzat la situaci\u00f3 del municipi tot esperant l&#8217;arrencada de les primeres fases de la desescalada. \u2014 PREGUNTA: Com a <a class=\"mh-excerpt-more\" href=\"https:\/\/tucomarca.whitekongsoftware.com\/ca\/entrevista-maria-amparo-pardo-des-de-lajuntament-de-godelleta-continuem-insistint-en-demanar-prudencia-perque-no-podem-confiar-nos\/\" title=\"Entrevista. Mar\u00eda Amparo Pardo: \u00abDes de l&#8217;Ajuntament de Godelleta continuem insistint en demanar prud\u00e8ncia perqu\u00e8 no podem confiar-nos\u00bb\">[+] <\/a><\/div>\n","protected":false},"author":1,"featured_media":105774,"comment_status":"open","ping_status":"open","sticky":false,"template":"","format":"standard","meta":{"footnotes":""},"categories":[10905,11010,10977,10948,10894,10912,10903,10947,10896,10897],"tags":[11939,11940,11952,11087,10914],"class_list":["post-105822","post","type-post","status-publish","format-standard","has-post-thumbnail","category-agricultura-la-comarca-ca","category-canal-salud","category-godelleta-ca","category-infraestructuras-ca","category-la-comarca-ca","category-la-hoya-ca","category-medio-ambiente-la-comarca-ca","category-politica","category-seccion-ca","category-sucesos-la-comarca-ca","tag-coronavirus-ca","tag-covid-19-ca","tag-covid2019-ca","tag-godelleta-ca","tag-la-hoya-de-bunol-chiva-ca"],"_links":{"self":[{"href":"https:\/\/tucomarca.whitekongsoftware.com\/ca\/wp-json\/wp\/v2\/posts\/105822","targetHints":{"allow":["GET"]}}],"collection":[{"href":"https:\/\/tucomarca.whitekongsoftware.com\/ca\/wp-json\/wp\/v2\/posts"}],"about":[{"href":"https:\/\/tucomarca.whitekongsoftware.com\/ca\/wp-json\/wp\/v2\/types\/post"}],"author":[{"embeddable":true,"href":"https:\/\/tucomarca.whitekongsoftware.com\/ca\/wp-json\/wp\/v2\/users\/1"}],"replies":[{"embeddable":true,"href":"https:\/\/tucomarca.whitekongsoftware.com\/ca\/wp-json\/wp\/v2\/comments?post=105822"}],"version-history":[{"count":0,"href":"https:\/\/tucomarca.whitekongsoftware.com\/ca\/wp-json\/wp\/v2\/posts\/105822\/revisions"}],"wp:featuredmedia":[{"embeddable":true,"href":"https:\/\/tucomarca.whitekongsoftware.com\/ca\/wp-json\/wp\/v2\/media\/105774"}],"wp:attachment":[{"href":"https:\/\/tucomarca.whitekongsoftware.com\/ca\/wp-json\/wp\/v2\/media?parent=105822"}],"wp:term":[{"taxonomy":"category","embeddable":true,"href":"https:\/\/tucomarca.whitekongsoftware.com\/ca\/wp-json\/wp\/v2\/categories?post=105822"},{"taxonomy":"post_tag","embeddable":true,"href":"https:\/\/tucomarca.whitekongsoftware.com\/ca\/wp-json\/wp\/v2\/tags?post=105822"}],"curies":[{"name":"wp","href":"https:\/\/api.w.org\/{rel}","templated":true}]}}