{"id":105805,"date":"2020-05-09T19:15:53","date_gmt":"2020-05-09T17:15:53","guid":{"rendered":"http:\/\/www.tucomarca.com\/wordpress\/segunda\/?p=105805"},"modified":"2020-05-11T19:17:28","modified_gmt":"2020-05-11T17:17:28","slug":"els-alcaldes-i-portaveus-del-pp-del-raco-dademus-demanen-a-la-generalitat-que-saplique-la-disposicio-que-permetria-a-la-comarca-passar-a-la-fase-1","status":"publish","type":"post","link":"https:\/\/tucomarca.whitekongsoftware.com\/ca\/els-alcaldes-i-portaveus-del-pp-del-raco-dademus-demanen-a-la-generalitat-que-saplique-la-disposicio-que-permetria-a-la-comarca-passar-a-la-fase-1\/","title":{"rendered":"Els alcaldes i portaveus del PP del Rac\u00f3 d&#8217;Adem\u00fas demanen a la Generalitat que s&#8217;aplique la disposici\u00f3 que permetria a la comarca passar a la Fase 1"},"content":{"rendered":"\n<p class=\"wp-block-paragraph\">Els alcaldes i alcaldesses de el Partit Popular a la comarca de l&#8217;Rac\u00f3 \u200b\u200bd&#8217;Adem\u00fas s&#8217;han posat en contacte amb representants de la conselleria de Sanitat de la Generalitat per sol\u00b7licitar que s&#8217;apliqui la Disposici\u00f3 Addicional \u00danica de el Reial Decret 514\/2020, publicat avui al Butllet\u00ed Oficial de l&#8217;Estat.<br>\n&nbsp;<br>\n&nbsp;&nbsp;&nbsp;&nbsp;Segons aquesta disposici\u00f3, &#8220;aquells municipis que constitueixen enclavaments rebran el tractament propi de la prov\u00edncia que els circumda, sense que sigui obstacle que aquesta pertanyi a comunitat aut\u00f2noma diferent a la d&#8217;aquells&#8221;, la qual cosa encaixa &#8220;a la perfecci\u00f3&#8221; amb la situaci\u00f3 de l&#8217; Rac\u00f3 d&#8217;Adem\u00fas, per la seva ubicaci\u00f3 geogr\u00e0fica envoltada per les prov\u00edncies de Terol i Conca.<br>\n&nbsp;<br>\n&nbsp;&nbsp;&nbsp;&nbsp;Cal assenyalar que aquestes dues prov\u00edncies s\u00ed que passaran a Fase 1 de desescalada dilluns que ve, 11 de maig, per la qual cosa, atenent a aquesta disposici\u00f3, el Rac\u00f3 d&#8217;Adem\u00fas hauria, tamb\u00e9, abandonar la Fase 0.<br>\n&nbsp;<br>\n&nbsp;&nbsp;&nbsp;&nbsp;Aquest mat\u00ed, els alcaldes de el Partit Popular a la comarca han registrat dos escrits, dirigits tant a President de la Generalitat, Ximo Puig, com a la delegada de Govern en la Comunitat Valenciana, en els quals sol\u00b7licitaven que les dues institucions instessin a el Govern a revisar una decisi\u00f3 que es considera injusta i que, a m\u00e9s, causa &#8220;un greu perjudici econ\u00f2mic a la comarca que no ha tingut cap cas positiu d&#8217;COVID-19 des que va comen\u00e7ar la crisi sanit\u00e0ria&#8221;.<br>\n&nbsp;<br>\n&nbsp;&nbsp;&nbsp;&nbsp;&nbsp;&nbsp;&nbsp;&nbsp;La reivindicaci\u00f3, a m\u00e9s, ve avalada per la mesura adoptada pel que fa a el Comtat de Trevi\u00f1o, pertanyent a la Comunitat Aut\u00f2noma de Castella-Lle\u00f3 encara envoltada per territori pertanyent a l&#8217;Pa\u00eds Basc, a qu\u00e8 s\u00ed que s&#8217;ha perm\u00e8s el seu avan\u00e7 a Fase 1.<br>\n&nbsp;<br>\n&nbsp;&nbsp;&nbsp;&nbsp;El Grup Popular a la Diputaci\u00f3 de Val\u00e8ncia s&#8217;havia fet ress\u00f2 d&#8217;aquests escrits, remetent a president de la instituci\u00f3 provincial una sol\u00b7licitud d&#8217;acci\u00f3 en favor de la defensa de l&#8217;Rac\u00f3 \u200b\u200bd&#8217;Adem\u00fas i el seu pas a la Fase 1.<\/p>\n","protected":false},"excerpt":{"rendered":"<div class=\"mh-excerpt\">Els alcaldes i alcaldesses de el Partit Popular a la comarca de l&#8217;Rac\u00f3 \u200b\u200bd&#8217;Adem\u00fas s&#8217;han posat en contacte amb representants de la conselleria de Sanitat de la Generalitat per sol\u00b7licitar que s&#8217;apliqui la Disposici\u00f3 Addicional <a class=\"mh-excerpt-more\" href=\"https:\/\/tucomarca.whitekongsoftware.com\/ca\/els-alcaldes-i-portaveus-del-pp-del-raco-dademus-demanen-a-la-generalitat-que-saplique-la-disposicio-que-permetria-a-la-comarca-passar-a-la-fase-1\/\" title=\"Els alcaldes i portaveus del PP del Rac\u00f3 d&#8217;Adem\u00fas demanen a la Generalitat que s&#8217;aplique la disposici\u00f3 que permetria a la comarca passar a la Fase 1\">[+] <\/a><\/div>\n","protected":false},"author":1,"featured_media":86315,"comment_status":"open","ping_status":"open","sticky":false,"template":"","format":"standard","meta":{"footnotes":""},"categories":[10926,10890,10905,11010,10923,10924,10925,10948,10894,10960,10903,10947,10896,10897,10961,10962],"tags":[11097,10397,11937,11939,11940,11938,63,11344],"class_list":["post-105805","post","type-post","status-publish","format-standard","has-post-thumbnail","category-ademus-ca","category-ademus","category-agricultura-la-comarca-ca","category-canal-salud","category-cases-altes","category-cases-baixes","category-castielfabib-ca","category-infraestructuras-ca","category-la-comarca-ca","category-la-puebla-de-san-miguel-ca","category-medio-ambiente-la-comarca-ca","category-politica","category-seccion-ca","category-sucesos-la-comarca-ca","category-torrebaja-ca","category-vallanca-ca","tag-ademuz-ca","tag-ademuz","tag-coronavirus","tag-coronavirus-ca","tag-covid-19-ca","tag-covid-19","tag-pp","tag-pp-ca"],"_links":{"self":[{"href":"https:\/\/tucomarca.whitekongsoftware.com\/ca\/wp-json\/wp\/v2\/posts\/105805","targetHints":{"allow":["GET"]}}],"collection":[{"href":"https:\/\/tucomarca.whitekongsoftware.com\/ca\/wp-json\/wp\/v2\/posts"}],"about":[{"href":"https:\/\/tucomarca.whitekongsoftware.com\/ca\/wp-json\/wp\/v2\/types\/post"}],"author":[{"embeddable":true,"href":"https:\/\/tucomarca.whitekongsoftware.com\/ca\/wp-json\/wp\/v2\/users\/1"}],"replies":[{"embeddable":true,"href":"https:\/\/tucomarca.whitekongsoftware.com\/ca\/wp-json\/wp\/v2\/comments?post=105805"}],"version-history":[{"count":0,"href":"https:\/\/tucomarca.whitekongsoftware.com\/ca\/wp-json\/wp\/v2\/posts\/105805\/revisions"}],"wp:featuredmedia":[{"embeddable":true,"href":"https:\/\/tucomarca.whitekongsoftware.com\/ca\/wp-json\/wp\/v2\/media\/86315"}],"wp:attachment":[{"href":"https:\/\/tucomarca.whitekongsoftware.com\/ca\/wp-json\/wp\/v2\/media?parent=105805"}],"wp:term":[{"taxonomy":"category","embeddable":true,"href":"https:\/\/tucomarca.whitekongsoftware.com\/ca\/wp-json\/wp\/v2\/categories?post=105805"},{"taxonomy":"post_tag","embeddable":true,"href":"https:\/\/tucomarca.whitekongsoftware.com\/ca\/wp-json\/wp\/v2\/tags?post=105805"}],"curies":[{"name":"wp","href":"https:\/\/api.w.org\/{rel}","templated":true}]}}