{"id":105783,"date":"2020-05-11T19:33:05","date_gmt":"2020-05-11T17:33:05","guid":{"rendered":"http:\/\/www.tucomarca.com\/wordpress\/segunda\/?p=105783"},"modified":"2020-05-11T19:36:05","modified_gmt":"2020-05-11T17:36:05","slug":"ximo-puig-pide-transparencia-reciprocidad-y-reglas-objetivas-para-mejorar-la-cogobernanza-entre-el-gobierno-central-y-las-comunidades-autonomas","status":"publish","type":"post","link":"https:\/\/tucomarca.whitekongsoftware.com\/ca\/ximo-puig-pide-transparencia-reciprocidad-y-reglas-objetivas-para-mejorar-la-cogobernanza-entre-el-gobierno-central-y-las-comunidades-autonomas\/","title":{"rendered":"Ximo Puig demana &#8220;transpar\u00e8ncia, reciprocitat i regles objectives&#8221; per millorar la cogobernanza entre el Govern central i les comunitats aut\u00f2nomes"},"content":{"rendered":"\n<p class=\"wp-block-paragraph\">El president de la Generalitat, Ximo Puig, ha sol\u00b7licitat &#8220;transpar\u00e8ncia, reciprocitat i regles objectives&#8221; per millorar la cogobernanza entre el Govern central i les comunitats aut\u00f2nomes en la gesti\u00f3 de la crisi ocasionada per la pand\u00e8mia de COVID-19.<\/p>\n\n\n\n<p class=\"wp-block-paragraph\">Aix\u00ed ho ha explicat en la seva compareixen\u00e7a davant els mitjans de comunicaci\u00f3 despr\u00e9s de la reuni\u00f3 amb el president de Govern, Pedro S\u00e1nchez, i la resta dels presidents i les presidentes de les comunitats aut\u00f2nomes per abordar l&#8217;evoluci\u00f3 de la pand\u00e8mia.<\/p>\n\n\n\n<p class=\"wp-block-paragraph\">El president -que ha comparegut amb la subdirectora general d&#8217;Epidemiologia i membre de l&#8217;comit\u00e8 cient\u00edfic que assessora el Govern d&#8217;Espanya per a la pand\u00e8mia, Hermelinda Vanaclocha- ha destacat que la &#8220;cara real&#8221; de la pand\u00e8mia a la Comunitat Valenciana &#8220;ja \u00e9s molt m\u00e9s la d&#8217;aquells que es curen que la d&#8217;aquells que, per desgr\u00e0cia, empitjoren o perden la vida &#8220;.<\/p>\n\n\n\n<p class=\"wp-block-paragraph\">Referent a aix\u00f2, ha subratllat que aquest dissabte es van donar m\u00e9s altes (615) que totes les acumulades fins al 3 d&#8217;abril, que en una setmana han augmentat les altes un 20% i que, en un mes, s&#8217;han multiplicat per 5. Ha recordat tamb\u00e9 que la Comunitat Valenciana ocupa el lloc 14 de 17 en la taxa de contagi total, menys de la meitat d&#8217;Espanya, i el lloc 12 de 17 en la taxa de mortalitat, tamb\u00e9 menys de la meitat d&#8217;Espanya.<\/p>\n\n\n\n<p class=\"wp-block-paragraph\">&#8220;Tenim 480 persones hospitalitzades, i ingressats a les UCI 87 pacients: la xifra m\u00e9s baixa des del 21 de mar\u00e7. A m\u00e9s, a dia d&#8217;avui hi ha disponibles 747 llits UCI p\u00fabliques i 218 privades&#8221;, ha afegit tamb\u00e9 el president.<\/p>\n\n\n\n<p class=\"wp-block-paragraph\">&#8220;Aquesta \u00e9s l&#8217;aportaci\u00f3 valenciana a la millora general d&#8217;Espanya&#8221;, ha remarcat Puig, que ha argumentat que el m\u00e8rit \u00e9s de les i els professionals sanitaris, de molts ciutadans i ciutadanes i tamb\u00e9 de la major inversi\u00f3 en sanitat p\u00fablica.<\/p>\n\n\n\n<p class=\"wp-block-paragraph\">&#8220;Els valencians i les valencianes hem fet els deures, i en qualsevol estad\u00edstica es pot comprovar. Vull que aix\u00f2 quedi clar: la societat valenciana no ha susp\u00e8s cap examen, ni ha fet res malament&#8221;, ha ressaltat.<\/p>\n\n\n\n<p class=\"wp-block-paragraph\">Tal com ha explicat, la Generalitat complia els criteris t\u00e8cnics que s&#8217;havien exigit per passar a la fase 1, per\u00f2 no ha estat aix\u00ed, i no s&#8217;ha justificat &#8220;amb criteris objectius&#8221; la decisi\u00f3 de l&#8217;Ministeri de Sanitat de deixar en la fase 0 a una gran part de la Comunitat Valenciana.<\/p>\n\n\n\n<p class=\"wp-block-paragraph\">En aquest sentit, ha subratllat que la Generalitat &#8220;discrepa d&#8217;aquesta decisi\u00f3&#8221;, com aix\u00ed l&#8217;hi ha traslladat aquest diumenge al president de Govern, i tamb\u00e9 aquest dissabte passat a el ministre de Sanitat, Salvador Illa, pel que ha reclamat s&#8217;estudi\u00ef de nou el pla presentat per la Comunitat i es reverteixi el m\u00e9s aviat possible aquesta mesura.<\/p>\n\n\n\n<p class=\"wp-block-paragraph\">&#8220;A situacions similars, regles similars&#8221;<\/p>\n\n\n\n<p class=\"wp-block-paragraph\">&#8220;Fins ara la Generalitat ha estat propositiva, respectuosa i lleial, i aix\u00ed continuar\u00e0 sent&#8221;, ha dit Puig, que ha reafirmat el seu suport a la &#8220;unitat d&#8217;acci\u00f3&#8221;, des de la necess\u00e0ria &#8220;coresponsabilitat&#8221; i fugint de la &#8220;confrontaci\u00f3 innecess\u00e0ria&#8221; .<\/p>\n\n\n\n<p class=\"wp-block-paragraph\">&#8220;Ara b\u00e9: lleialtat no \u00e9s submissi\u00f3. A situacions similars, regles similars&#8221;, ha emfatitzat el president, que ha volgut deixar clar que &#8220;a ning\u00fa li interessa m\u00e9s la salut dels valencians i les valencianes que a la Generalitat&#8221;.<\/p>\n\n\n\n<p class=\"wp-block-paragraph\">Per aix\u00f2, ha expressat la seva confian\u00e7a que la cogobernanza &#8220;funcioni millor&#8221; en la transici\u00f3 cap a la normalitat i s&#8217;adoptin els acords necessaris per dotar de la &#8220;m\u00e0xima confian\u00e7a&#8221; a les decisions.<\/p>\n\n\n\n<p class=\"wp-block-paragraph\">&#8220;Aix\u00f2 no \u00e9s una carrera per veure qui surt abans, qui canvia primer de fase&#8221;, ha reiterat, i ha afegit: &#8220;No entenem la responsabilitat ni la lleialtat, que ha de ser rec\u00edproca, com acatament, perqu\u00e8 cap partidisme s&#8217;imposar\u00e0 mai als interessos generals de el poble valenci\u00e0 &#8220;.<\/p>\n\n\n\n<p class=\"wp-block-paragraph\">Segons ha manifestat, l&#8217;informe t\u00e8cnic de 232 p\u00e0gines que la Generalitat va presentar a Govern central, sustentant la possibilitat clara que tota la Comunitat Valenciana pass\u00e9s a la fase 1, &#8220;ha estat en part desestimat sense cap paper com a resposta&#8221;. &#8220;Davant d&#8217;un informe de 232 p\u00e0gines, cap paper&#8221;, ha lamentat el president que ha anunciat que el document preparat per les autoritats sanit\u00e0ries valencianes podr\u00e0 consultar des d&#8217;aquest mateix diumenge al web de la Conselleria de Sanitat.<\/p>\n\n\n\n<p class=\"wp-block-paragraph\">&#8220;S&#8217;han canviat les regles de joc a meitat de partit&#8221;, ha subratllat el president de la Generalitat, en refer\u00e8ncia a l&#8217;avaluaci\u00f3 de la realitzaci\u00f3 de test a la Comunitat Valenciana atenent a uns criteris que no entraran en vigor fins aquest dilluns. Referent a aix\u00f2, la subdirectora general d&#8217;Epidemiologia de la Conselleria de Sanitat ha argumentat que la Generalitat ha aplicat en tot moment el protocol marcat pel Ministeri de Sanitat, que limitava els tests a pacients amb s\u00edmptomes que requerien hospitalitzaci\u00f3.<\/p>\n\n\n\n<p class=\"wp-block-paragraph\">No obstant, ha precisat que la Generalitat t\u00e9 capacitat per realitzar 5.700 PCR a el dia a trav\u00e9s dels departaments, 2.000 PCR a el dia amb fundacions i, de acreditar-se els laboratoris pendents, 1.500 m\u00e9s, de manera que compleix a m\u00e9s tamb\u00e9 els nous criteris.<\/p>\n\n\n\n<p class=\"wp-block-paragraph\">D&#8217;altra banda, el responsable de el Consell, que ha demanat disculpes per la frustraci\u00f3 d&#8217;expectatives a les persones als negocis i empreses que s&#8217;havien preparat per entrar aquest dilluns a la fase 1, ha indicat que &#8220;tota la Comunitat Valenciana necessita anar obrint-se ja, de manera segura., primant la salut, sense relaxaci\u00f3 social &#8220;, per\u00f2 tamb\u00e9&#8221; sense perdre un segon en el cam\u00ed de la recuperaci\u00f3 &#8220;.<\/p>\n\n\n\n<p class=\"wp-block-paragraph\">S&#8217;ha mostrat aix\u00ed partidari de mantenir a l&#8217;m\u00e0xim la &#8220;prud\u00e8ncia&#8221; en aquells departaments que s\u00ed entraran aquest dilluns a la fase 1, i de acompanyar-la de &#8220;determinaci\u00f3 per comen\u00e7ar a sortir de la par\u00e0lisi&#8221;.<\/p>\n\n\n\n<p class=\"wp-block-paragraph\">&#8220;El sistema de finan\u00e7ament no pot ser el model de repartiment&#8221;<\/p>\n\n\n\n<p class=\"wp-block-paragraph\">Sobre el Fons no Reembolsable aprovat pel Govern, el president ha manifestat que &#8220;l&#8217;actual sistema de finan\u00e7ament no pot ser el model de repartiment&#8221; a les comunitats.<\/p>\n\n\n\n<p class=\"wp-block-paragraph\">&#8220;Entenc que qui m\u00e9s ha hagut de gastar en el pla sanitari tingui m\u00e9s recursos, per\u00f2 totes les mesures caldr\u00e0 connectar-les, perqu\u00e8 els que facin m\u00e9s esfor\u00e7 fiscal tamb\u00e9 hauran de tenir m\u00e9s recursos&#8221;, ha indicat Puig, que ha demanat &#8220;transpar\u00e8ncia&#8221; en els criteris i respecte a &#8220;la singularitat entre territoris i la igualtat entre espanyols.<\/p>\n\n\n\n<p class=\"wp-block-paragraph\">Puig ha valorat, d&#8217;altra banda, la flexibilitzaci\u00f3 de les mesures adoptades en relaci\u00f3 amb els expedients de regulaci\u00f3 d&#8217;ocupaci\u00f3 en el marc de el di\u00e0leg social.<\/p>\n\n\n\n<p class=\"wp-block-paragraph\">A m\u00e9s, ha insistit en la import\u00e0ncia que les comunitats aut\u00f2nomes tinguin el pes que correspon al pla de recuperaci\u00f3 europeu i ha reiterat la necessitat que hi hagi un protocol europeu de seguretat per a l&#8217;obertura de fronteres amb garanties per al sector tur\u00edstic.<\/p>\n\n\n\n<p class=\"wp-block-paragraph\">S&#8217;ha mostrat, d&#8217;altra banda, partidari de caminar cap a una unitat d&#8217;acci\u00f3 en les ajudes, la promoci\u00f3 de suports i els incentius per tal d&#8217;aconseguir una &#8220;desburocratitzaci\u00f3&#8221;. &#8220;Una morat\u00f2ria d&#8217;alguna de la normativa vigent ens permetria avan\u00e7ar amb m\u00e9s rapidesa cap a la recuperaci\u00f3, la reconstrucci\u00f3 i la inversi\u00f3&#8221;, ha apuntat el president.<\/p>\n","protected":false},"excerpt":{"rendered":"<div class=\"mh-excerpt\">El president de la Generalitat, Ximo Puig, ha sol\u00b7licitat &#8220;transpar\u00e8ncia, reciprocitat i regles objectives&#8221; per millorar la cogobernanza entre el Govern central i les comunitats aut\u00f2nomes en la gesti\u00f3 de la crisi ocasionada per la <a class=\"mh-excerpt-more\" href=\"https:\/\/tucomarca.whitekongsoftware.com\/ca\/ximo-puig-pide-transparencia-reciprocidad-y-reglas-objetivas-para-mejorar-la-cogobernanza-entre-el-gobierno-central-y-las-comunidades-autonomas\/\" title=\"Ximo Puig demana &#8220;transpar\u00e8ncia, reciprocitat i regles objectives&#8221; per millorar la cogobernanza entre el Govern central i les comunitats aut\u00f2nomes\">[+] <\/a><\/div>\n","protected":false},"author":1,"featured_media":105779,"comment_status":"open","ping_status":"open","sticky":false,"template":"","format":"standard","meta":{"footnotes":""},"categories":[11010,10898,10948,10894,10904,10903,10947,10896,10897],"tags":[11939,11940,11952,11073],"class_list":["post-105783","post","type-post","status-publish","format-standard","has-post-thumbnail","category-canal-salud","category-ventana-ca","category-infraestructuras-ca","category-la-comarca-ca","category-sin-categorizar-ca","category-medio-ambiente-la-comarca-ca","category-politica","category-seccion-ca","category-sucesos-la-comarca-ca","tag-coronavirus-ca","tag-covid-19-ca","tag-covid2019-ca","tag-ximo-puig-ca"],"_links":{"self":[{"href":"https:\/\/tucomarca.whitekongsoftware.com\/ca\/wp-json\/wp\/v2\/posts\/105783","targetHints":{"allow":["GET"]}}],"collection":[{"href":"https:\/\/tucomarca.whitekongsoftware.com\/ca\/wp-json\/wp\/v2\/posts"}],"about":[{"href":"https:\/\/tucomarca.whitekongsoftware.com\/ca\/wp-json\/wp\/v2\/types\/post"}],"author":[{"embeddable":true,"href":"https:\/\/tucomarca.whitekongsoftware.com\/ca\/wp-json\/wp\/v2\/users\/1"}],"replies":[{"embeddable":true,"href":"https:\/\/tucomarca.whitekongsoftware.com\/ca\/wp-json\/wp\/v2\/comments?post=105783"}],"version-history":[{"count":0,"href":"https:\/\/tucomarca.whitekongsoftware.com\/ca\/wp-json\/wp\/v2\/posts\/105783\/revisions"}],"wp:featuredmedia":[{"embeddable":true,"href":"https:\/\/tucomarca.whitekongsoftware.com\/ca\/wp-json\/wp\/v2\/media\/105779"}],"wp:attachment":[{"href":"https:\/\/tucomarca.whitekongsoftware.com\/ca\/wp-json\/wp\/v2\/media?parent=105783"}],"wp:term":[{"taxonomy":"category","embeddable":true,"href":"https:\/\/tucomarca.whitekongsoftware.com\/ca\/wp-json\/wp\/v2\/categories?post=105783"},{"taxonomy":"post_tag","embeddable":true,"href":"https:\/\/tucomarca.whitekongsoftware.com\/ca\/wp-json\/wp\/v2\/tags?post=105783"}],"curies":[{"name":"wp","href":"https:\/\/api.w.org\/{rel}","templated":true}]}}