{"id":105754,"date":"2020-05-11T11:31:22","date_gmt":"2020-05-11T09:31:22","guid":{"rendered":"http:\/\/www.tucomarca.com\/wordpress\/segunda\/?p=105754"},"modified":"2020-05-11T12:50:57","modified_gmt":"2020-05-11T10:50:57","slug":"el-departament-de-salut-de-requena-passa-des-de-este-dilluns-la-fase-1-de-desescalada","status":"publish","type":"post","link":"https:\/\/tucomarca.whitekongsoftware.com\/ca\/el-departament-de-salut-de-requena-passa-des-de-este-dilluns-la-fase-1-de-desescalada\/","title":{"rendered":"El departament de salut de Requena passa des de hui dilluns la Fase 1 de desescalada"},"content":{"rendered":"\n<p class=\"wp-block-paragraph\"><strong>No poden fer \u00fas d&#8217;aquestes habilitacions persones amb s\u00edmptomes o en a\u00efllament, i s&#8217;han de respectar en tot moment les mesures d&#8217;higiene i distanciament social en qualsevol \u00e0mbit<\/strong><\/p>\n\n\n\n<ul class=\"wp-block-gallery columns-2 is-cropped wp-block-gallery-1 is-layout-flex wp-block-gallery-is-layout-flex\"><li class=\"blocks-gallery-item\"><figure><img loading=\"lazy\" decoding=\"async\" width=\"787\" height=\"787\" src=\"http:\/\/www.tucomarca.com\/wordpress\/segunda\/wp-content\/uploads\/2020\/05\/REQ-Fase1Disposiciones-1.jpg\" alt=\"\" data-id=\"105744\" data-link=\"http:\/\/www.tucomarca.com\/wordpress\/segunda\/?attachment_id=105744\" class=\"wp-image-105744\" srcset=\"https:\/\/tucomarca.whitekongsoftware.com\/wp-content\/uploads\/2020\/05\/REQ-Fase1Disposiciones-1.jpg 787w, https:\/\/tucomarca.whitekongsoftware.com\/wp-content\/uploads\/2020\/05\/REQ-Fase1Disposiciones-1-290x290.jpg 290w, https:\/\/tucomarca.whitekongsoftware.com\/wp-content\/uploads\/2020\/05\/REQ-Fase1Disposiciones-1-300x300.jpg 300w, https:\/\/tucomarca.whitekongsoftware.com\/wp-content\/uploads\/2020\/05\/REQ-Fase1Disposiciones-1-768x768.jpg 768w\" sizes=\"auto, (max-width: 787px) 100vw, 787px\" \/><\/figure><\/li><li class=\"blocks-gallery-item\"><figure><img loading=\"lazy\" decoding=\"async\" width=\"787\" height=\"787\" src=\"http:\/\/www.tucomarca.com\/wordpress\/segunda\/wp-content\/uploads\/2020\/05\/REQ-Fase1Disposiciones2.jpg\" alt=\"\" data-id=\"105746\" data-link=\"http:\/\/www.tucomarca.com\/wordpress\/segunda\/?attachment_id=105746\" class=\"wp-image-105746\" srcset=\"https:\/\/tucomarca.whitekongsoftware.com\/wp-content\/uploads\/2020\/05\/REQ-Fase1Disposiciones2.jpg 787w, https:\/\/tucomarca.whitekongsoftware.com\/wp-content\/uploads\/2020\/05\/REQ-Fase1Disposiciones2-290x290.jpg 290w, https:\/\/tucomarca.whitekongsoftware.com\/wp-content\/uploads\/2020\/05\/REQ-Fase1Disposiciones2-300x300.jpg 300w, https:\/\/tucomarca.whitekongsoftware.com\/wp-content\/uploads\/2020\/05\/REQ-Fase1Disposiciones2-768x768.jpg 768w\" sizes=\"auto, (max-width: 787px) 100vw, 787px\" \/><\/figure><\/li><li class=\"blocks-gallery-item\"><figure><img loading=\"lazy\" decoding=\"async\" width=\"787\" height=\"787\" src=\"http:\/\/www.tucomarca.com\/wordpress\/segunda\/wp-content\/uploads\/2020\/05\/REQ-Fase1EspaciosPub.jpg\" alt=\"\" data-id=\"105748\" data-link=\"http:\/\/www.tucomarca.com\/wordpress\/segunda\/?attachment_id=105748\" class=\"wp-image-105748\" srcset=\"https:\/\/tucomarca.whitekongsoftware.com\/wp-content\/uploads\/2020\/05\/REQ-Fase1EspaciosPub.jpg 787w, https:\/\/tucomarca.whitekongsoftware.com\/wp-content\/uploads\/2020\/05\/REQ-Fase1EspaciosPub-290x290.jpg 290w, https:\/\/tucomarca.whitekongsoftware.com\/wp-content\/uploads\/2020\/05\/REQ-Fase1EspaciosPub-300x300.jpg 300w, https:\/\/tucomarca.whitekongsoftware.com\/wp-content\/uploads\/2020\/05\/REQ-Fase1EspaciosPub-768x768.jpg 768w\" sizes=\"auto, (max-width: 787px) 100vw, 787px\" \/><\/figure><\/li><li class=\"blocks-gallery-item\"><figure><img loading=\"lazy\" decoding=\"async\" width=\"724\" height=\"1024\" src=\"http:\/\/www.tucomarca.com\/wordpress\/segunda\/wp-content\/uploads\/2020\/05\/REQ-Fase1Hosteleria-724x1024.jpg\" alt=\"\" data-id=\"105750\" data-link=\"http:\/\/www.tucomarca.com\/wordpress\/segunda\/?attachment_id=105750\" class=\"wp-image-105750\" srcset=\"https:\/\/tucomarca.whitekongsoftware.com\/wp-content\/uploads\/2020\/05\/REQ-Fase1Hosteleria-724x1024.jpg 724w, https:\/\/tucomarca.whitekongsoftware.com\/wp-content\/uploads\/2020\/05\/REQ-Fase1Hosteleria-212x300.jpg 212w, https:\/\/tucomarca.whitekongsoftware.com\/wp-content\/uploads\/2020\/05\/REQ-Fase1Hosteleria-768x1086.jpg 768w, https:\/\/tucomarca.whitekongsoftware.com\/wp-content\/uploads\/2020\/05\/REQ-Fase1Hosteleria.jpg 787w\" sizes=\"auto, (max-width: 724px) 100vw, 724px\" \/><\/figure><\/li><\/ul>\n\n\n\n<p class=\"wp-block-paragraph\">Aquest dilluns 11 de maig els municipis de el Departament de Salut de Requena entren a la Fase 1 de la desescalada.<br>S&#8217;enumeren a continuaci\u00f3 els principals canvis que suposa entrar en aquesta fase i la seva aplicaci\u00f3 en el nostre municipi.<\/p>\n\n\n\n<ul class=\"wp-block-list\"><li><strong>Disposicions principals:<\/strong><\/li><li> Tal com indica el BOE, Es permet circular dins dels l\u00edmits de el departament de salut i es permeten despla\u00e7aments a segones resid\u00e8ncies al municipi o en municipis dins de el departament de salut de Requena.<\/li><li> A m\u00e9s, les franges hor\u00e0ries continuen vigents per fer esport a l&#8217;aire lliure, passejar i per a les sortides de majors i menors com fins ara.<\/li><li> No obstant aix\u00f2, aquestes franges no s&#8217;apliquen per a compres a comer\u00e7os, consumicions en terrasses i reunions amb familiars i \/ o amics en habitatges particulars, reunions que com a m\u00e0xim seran de 10 persones, excepte en el cas de persones convivents.<\/li><\/ul>\n\n\n\n<p class=\"wp-block-paragraph\">Pel que fa a espais p\u00fablics en la nostra localitat, la biblioteca romandr\u00e0 oberta nom\u00e9s per a pr\u00e9stecs i devolucions. En qualsevol cas, els pr\u00e9stecs queden prorrogats fins al final de l&#8217;estat d&#8217;alarma per evitar aglomeracions. El seu horari d&#8217;obertura ser\u00e0 de 11h a 14h i de 17:00 hores a 19:00 hores.<br>L&#8217;Arxiu Municipal estar\u00e0 disponible per efectuar Consultes mitjan\u00e7ant cita pr\u00e8via trucant a l&#8217;96.230 42 28.<br>Per la seua banda, tant museus com instal\u00b7lacions esportives i parcs Romandran tancats, per prud\u00e8ncia, a l&#8217;espera de la avaluaci\u00f3 de la situaci\u00f3.<br>Aquesta fase tampoc contempla l&#8217;obertura de Centre de joventut.<br>L&#8217;Ecoparc estar\u00e0 obert per a \u00fas d&#8217;empreses i particulars en el seu horari habitual: de dilluns a dissabte de 08:00 a 13:00 hores i de 16:00 a 19:00 hores.<br>Tamb\u00e9 es restableix el servei d&#8217;ecoparcs m\u00f2bils.<\/p>\n\n\n\n<p class=\"wp-block-paragraph\">Pel que fa a el comer\u00e7 local, i segons queda establert el BOE, poden obrir tots els establiments i locals comercials minoristes i activitats de serveis amb menys de 400 m2 de superf\u00edcie, l&#8217;aforament ser\u00e0 d&#8217;un m\u00e0xim d&#8217;un 30% en els locals comercials, s&#8217;haur\u00e0 de brindar atenci\u00f3 priorit\u00e0ria a majors de 65 anys i els locals poden establir sistemes de recollida a l&#8217;establiment.<\/p>\n\n\n\n<p class=\"wp-block-paragraph\">En l&#8217;\u00e0mbit de l&#8217;hostaleria i la restauraci\u00f3 s&#8217;autoritza la reobertura a el p\u00fablic de les terrasses d&#8217;aquests establiments, limitant-se a el 50% de les taules permeses en l&#8217;any immediatament anterior i assegurant que es mant\u00e9 la deguda dist\u00e0ncia f\u00edsica de al menys dos metres entre les taules o, si s&#8217;escau, agrupacions de taules.<\/p>\n\n\n\n<p class=\"wp-block-paragraph\">S&#8217;autoritzen a m\u00e9s les reunions a les terrasses de fins a un m\u00e0xim de deu persones per taula o agrupaci\u00f3 de taules.<br>La taula o agrupaci\u00f3 de taules que s&#8217;utilitzin per a aquest fi, hauran de ser acords a el nombre de persones, permetent que es respectin la dist\u00e0ncia m\u00ednima de seguretat interpersonal.<\/p>\n\n\n\n<p class=\"wp-block-paragraph\">En la prestaci\u00f3 de servei a les terrasses s&#8217;han de dur a terme les seg\u00fcents mesures d&#8217;higiene i \/ o prevenci\u00f3:<\/p>\n\n\n\n<ul class=\"wp-block-list\"><li>a) Neteja i desinfecci\u00f3 de l&#8217;equipament de la terrassa.<\/li><li> b) Es prioritzar\u00e0 la utilitzaci\u00f3 de jocs de taula d&#8217;un sol \u00fas.<\/li><li> c) S&#8217;ha de posar a disposici\u00f3 de el p\u00fablic dispensadors de gels hidroalcoh\u00f2lics a l&#8217;entrada de l&#8217;establiment o local.<\/li><li> d) Es fomentar\u00e0 el pagament amb targeta o altres mitjans que no suposin contacte f\u00edsic entre dispositius.<\/li><li> e) S&#8217;ha d&#8217;evitar l&#8217;\u00fas de cartes d&#8217;\u00fas com\u00fa, optant per pissarres, cartells o altres mitjans similars.<\/li><li> f) Els elements auxiliars de l&#8217;servei s&#8217;emmagatzemaran en recintes tancats i, si aix\u00f2 no fos possible, lluny de zones de pas de clients i treballadors.<\/li><li> g) S&#8217;eliminaran productes d&#8217;autoservei i altres estris similars, prioritzant monodosi sol \u00fas o el seu servei a altres formats a petici\u00f3 de client.<\/li><\/ul>\n\n\n\n<ul class=\"wp-block-list\"><li><strong>Altres disposicions d&#8217;inter\u00e8s s\u00f3n:<\/strong><\/li><li> Es permet compartir el vehicle privat a un conductor i un ocupant que haur\u00e0 d&#8217;anar a la part del darrere.<\/li><li> Aquesta limitaci\u00f3 no afecta les persones que comparteixin habitatge.<\/li><li> S&#8217;obren els espais de culte amb un aforament limitat a un 30% de l&#8217;total perm\u00e8s.<\/li><li> S&#8217;autoritzen les sales de vetlla amb un m\u00e0xim de 15 persones en espais a l&#8217;aire lliure i 10 en espais tancats.<\/li><li> Aquesta fase no contempla l&#8217;obertura dels cementeris.<\/li><\/ul>\n\n\n\n<p class=\"wp-block-paragraph\">Finalment, \u00e9s molt important recalcar que no poden fer \u00fas d&#8217;aquestes habilitacions persones amb s\u00edmptomes o en a\u00efllament, i s&#8217;han de respectar en tot moment les mesures d&#8217;higiene i distanciament social en qualsevol \u00e0mbit, com s\u00f3n l&#8217;\u00fas de mascareta en zones concorregudes, neteja freq\u00fcent de mans o desinfecci\u00f3 amb gels hidroalcoh\u00f2lics.<\/p>\n","protected":false},"excerpt":{"rendered":"<div class=\"mh-excerpt\">No poden fer \u00fas d&#8217;aquestes habilitacions persones amb s\u00edmptomes o en a\u00efllament, i s&#8217;han de respectar en tot moment les mesures d&#8217;higiene i distanciament social en qualsevol \u00e0mbit Aquest dilluns 11 de maig els municipis <a class=\"mh-excerpt-more\" href=\"https:\/\/tucomarca.whitekongsoftware.com\/ca\/el-departament-de-salut-de-requena-passa-des-de-este-dilluns-la-fase-1-de-desescalada\/\" title=\"El departament de salut de Requena passa des de hui dilluns la Fase 1 de desescalada\">[+] <\/a><\/div>\n","protected":false},"author":12,"featured_media":105743,"comment_status":"open","ping_status":"open","sticky":false,"template":"","format":"gallery","meta":{"footnotes":""},"categories":[11041,11031,11010,11054,11055,10948,10956,10957,10894,10903,10947,10908,10909,11057,10896,11058,10897,10958,11060,11061,11037,10959],"tags":[11216,11939,11940,11952,10910],"class_list":["post-105754","post","type-post","status-publish","format-gallery","has-post-thumbnail","category-benageber-ca","category-camporrobles-ca","category-canal-salud","category-chera-ca","category-fuenterrobles-ca","category-infraestructuras-ca","category-jalance-ca","category-jarafuel-ca","category-la-comarca-ca","category-medio-ambiente-la-comarca-ca","category-politica","category-requena-ca","category-requena-utiel-ca","category-san-antonio-ca","category-seccion-ca","category-sinarcas-ca","category-sucesos-la-comarca-ca","category-teresa-de-cofrentes-ca","category-venta-del-moro-ca","category-villargordo-del-cabriel-ca","category-chera-los-serranos-ca","category-zarra-ca","tag-ayora-cofrentes-ca","tag-coronavirus-ca","tag-covid-19-ca","tag-covid2019-ca","tag-requena-utiel-ca","post_format-post-format-gallery"],"_links":{"self":[{"href":"https:\/\/tucomarca.whitekongsoftware.com\/ca\/wp-json\/wp\/v2\/posts\/105754","targetHints":{"allow":["GET"]}}],"collection":[{"href":"https:\/\/tucomarca.whitekongsoftware.com\/ca\/wp-json\/wp\/v2\/posts"}],"about":[{"href":"https:\/\/tucomarca.whitekongsoftware.com\/ca\/wp-json\/wp\/v2\/types\/post"}],"author":[{"embeddable":true,"href":"https:\/\/tucomarca.whitekongsoftware.com\/ca\/wp-json\/wp\/v2\/users\/12"}],"replies":[{"embeddable":true,"href":"https:\/\/tucomarca.whitekongsoftware.com\/ca\/wp-json\/wp\/v2\/comments?post=105754"}],"version-history":[{"count":0,"href":"https:\/\/tucomarca.whitekongsoftware.com\/ca\/wp-json\/wp\/v2\/posts\/105754\/revisions"}],"wp:featuredmedia":[{"embeddable":true,"href":"https:\/\/tucomarca.whitekongsoftware.com\/ca\/wp-json\/wp\/v2\/media\/105743"}],"wp:attachment":[{"href":"https:\/\/tucomarca.whitekongsoftware.com\/ca\/wp-json\/wp\/v2\/media?parent=105754"}],"wp:term":[{"taxonomy":"category","embeddable":true,"href":"https:\/\/tucomarca.whitekongsoftware.com\/ca\/wp-json\/wp\/v2\/categories?post=105754"},{"taxonomy":"post_tag","embeddable":true,"href":"https:\/\/tucomarca.whitekongsoftware.com\/ca\/wp-json\/wp\/v2\/tags?post=105754"}],"curies":[{"name":"wp","href":"https:\/\/api.w.org\/{rel}","templated":true}]}}