{"id":105693,"date":"2020-05-11T11:00:33","date_gmt":"2020-05-11T09:00:33","guid":{"rendered":"http:\/\/www.tucomarca.com\/wordpress\/segunda\/?p=105693"},"modified":"2020-05-11T12:22:27","modified_gmt":"2020-05-11T10:22:27","slug":"la-diputacio-inicia-les-obres-de-la-cv-363-entre-mas-del-olmo-i-ademuz-que-culmina-la-millora-viaria-a-la-comarca","status":"publish","type":"post","link":"https:\/\/tucomarca.whitekongsoftware.com\/ca\/la-diputacio-inicia-les-obres-de-la-cv-363-entre-mas-del-olmo-i-ademuz-que-culmina-la-millora-viaria-a-la-comarca\/","title":{"rendered":"La Diputaci\u00f3 inicia les obres de la CV-363 entre Mas del Olmo i Ademuz que culmina la millora vi\u00e0ria a la comarca"},"content":{"rendered":"\n<figure class=\"wp-block-image\"><img loading=\"lazy\" decoding=\"async\" width=\"1024\" height=\"576\" src=\"http:\/\/www.tucomarca.com\/wordpress\/segunda\/wp-content\/uploads\/2020\/05\/CV363-Ademuz-1024x576.jpg\" alt=\"Ademuz.\" class=\"wp-image-105690\" srcset=\"https:\/\/tucomarca.whitekongsoftware.com\/wp-content\/uploads\/2020\/05\/CV363-Ademuz-1024x576.jpg 1024w, https:\/\/tucomarca.whitekongsoftware.com\/wp-content\/uploads\/2020\/05\/CV363-Ademuz-300x169.jpg 300w, https:\/\/tucomarca.whitekongsoftware.com\/wp-content\/uploads\/2020\/05\/CV363-Ademuz-768x432.jpg 768w, https:\/\/tucomarca.whitekongsoftware.com\/wp-content\/uploads\/2020\/05\/CV363-Ademuz-678x381.jpg 678w\" sizes=\"auto, (max-width: 1024px) 100vw, 1024px\" \/><figcaption>Ademuz.<\/figcaption><\/figure>\n\n\n\n<p class=\"wp-block-paragraph\">La Diputaci\u00f3 de Val\u00e8ncia ha iniciat les obres de condicionament de la carretera CV-363 en el tram compr\u00e9s entre Mas del Olmo i Ademuz. Esta actuaci\u00f3, amb una inversi\u00f3 de 1,5 milions d&#8217;euros i un termini d&#8217;execuci\u00f3 de 8 mesos, culmina el pla per a la millora de les carreteres de la xarxa local en el Rinc\u00f3n de Ademuz iniciat en 2014, l&#8217;objectiu del qual \u00e9s modernitzar les infraestructures a les comarques de l&#8217;interior en les quals existix un important risc de despoblaci\u00f3.<\/p>\n\n\n\n<p class=\"wp-block-paragraph\">La longitud total de l&#8217;actuaci\u00f3 iniciada a mitjan abril \u00e9s de 11,5 quil\u00f2metres i al llarg de tot el recorregut es preveu l&#8217;eixample de la cal\u00e7ada fins a aconseguir un ample m\u00ednim de cinc metres, aix\u00ed com l&#8217;execuci\u00f3 d&#8217;una cuneta de seguretat en el costat del desmunt.<\/p>\n\n\n\n<p class=\"wp-block-paragraph\">En el projecte de l&#8217;\u00e0rea provincial de Carreteres que dirigix Rafa Garc\u00eda es contempla igualment l&#8217;estabilitzaci\u00f3 dels talussos en les zones amb despreniments habituals, sent la de major entitat la localitzada en els voltants de Vall de la Sabina. Els treballs previstos inclouen l&#8217;execuci\u00f3 d&#8217;una berma interm\u00e8dia i l&#8217;estesa dels talussos fins a obtindre una inclinaci\u00f3 que resulte estable.<\/p>\n\n\n\n<p class=\"wp-block-paragraph\">El diputat de Carreteres, Rafa Garc\u00eda, destaca que \u201cel bon estat i la seguretat de la xarxa vi\u00e0ria provincial \u00e9s fonamental per a qualsevol municipi, molt especialment en estes comarques d&#8217;interior on les comunicacions s\u00f3n de vital import\u00e0ncia per a mantindre l&#8217;activitat econ\u00f2mica i combatre la despoblaci\u00f3\u201d.<\/p>\n\n\n\n<p class=\"wp-block-paragraph\"><strong>Refor\u00e7 de la seguretat<\/strong><\/p>\n\n\n\n<p class=\"wp-block-paragraph\">Les obres iniciades recentment en la CV-363 preveuen la instal\u00b7laci\u00f3 dels sistemes de contenci\u00f3 necessaris per a la seguretat de la via, mitjan\u00e7ant la col\u00b7locaci\u00f3 de barrera met\u00e0l\u00b7lica al llarg de 8,5 quil\u00f2metres. Finalment, es contempla la renovaci\u00f3 de la pavimentaci\u00f3 de la cal\u00e7ada actual, que es troba deteriorada.<\/p>\n\n\n\n<p class=\"wp-block-paragraph\">D&#8217;altra banda, l&#8217;\u00e0rea provincial de Carreteres continua amb les obres en el tram compr\u00e9s entre la Puebla de San Miguel i Losilla de Aras, en la mateixa CV-363. Esta actuaci\u00f3 es va iniciar a la fi d&#8217;octubre del passat any amb una inversi\u00f3 de m\u00e9s d&#8217;un mili\u00f3 d&#8217;euros i mitjan\u00e7ant procediment d&#8217;emerg\u00e8ncia, despr\u00e9s de l&#8217;esfondrament registrat al juliol en el quil\u00f2metre 2 de la via.&nbsp; &nbsp;<br><\/p>\n","protected":false},"excerpt":{"rendered":"<div class=\"mh-excerpt\">La Diputaci\u00f3 de Val\u00e8ncia ha iniciat les obres de condicionament de la carretera CV-363 en el tram compr\u00e9s entre Mas del Olmo i Ademuz. Esta actuaci\u00f3, amb una inversi\u00f3 de 1,5 milions d&#8217;euros i un <a class=\"mh-excerpt-more\" href=\"https:\/\/tucomarca.whitekongsoftware.com\/ca\/la-diputacio-inicia-les-obres-de-la-cv-363-entre-mas-del-olmo-i-ademuz-que-culmina-la-millora-viaria-a-la-comarca\/\" title=\"La Diputaci\u00f3 inicia les obres de la CV-363 entre Mas del Olmo i Ademuz que culmina la millora vi\u00e0ria a la comarca\">[+] <\/a><\/div>\n","protected":false},"author":1,"featured_media":105689,"comment_status":"open","ping_status":"open","sticky":false,"template":"","format":"standard","meta":{"footnotes":""},"categories":[10890,10926,10898,10948,10894,10903,10947,10896,10897],"tags":[11097,10397,11246,3677],"class_list":["post-105693","post","type-post","status-publish","format-standard","has-post-thumbnail","category-ademus","category-ademus-ca","category-ventana-ca","category-infraestructuras-ca","category-la-comarca-ca","category-medio-ambiente-la-comarca-ca","category-politica","category-seccion-ca","category-sucesos-la-comarca-ca","tag-ademuz-ca","tag-ademuz","tag-diputacio-de-valencia-ca","tag-diputacio-de-valencia"],"_links":{"self":[{"href":"https:\/\/tucomarca.whitekongsoftware.com\/ca\/wp-json\/wp\/v2\/posts\/105693","targetHints":{"allow":["GET"]}}],"collection":[{"href":"https:\/\/tucomarca.whitekongsoftware.com\/ca\/wp-json\/wp\/v2\/posts"}],"about":[{"href":"https:\/\/tucomarca.whitekongsoftware.com\/ca\/wp-json\/wp\/v2\/types\/post"}],"author":[{"embeddable":true,"href":"https:\/\/tucomarca.whitekongsoftware.com\/ca\/wp-json\/wp\/v2\/users\/1"}],"replies":[{"embeddable":true,"href":"https:\/\/tucomarca.whitekongsoftware.com\/ca\/wp-json\/wp\/v2\/comments?post=105693"}],"version-history":[{"count":0,"href":"https:\/\/tucomarca.whitekongsoftware.com\/ca\/wp-json\/wp\/v2\/posts\/105693\/revisions"}],"wp:featuredmedia":[{"embeddable":true,"href":"https:\/\/tucomarca.whitekongsoftware.com\/ca\/wp-json\/wp\/v2\/media\/105689"}],"wp:attachment":[{"href":"https:\/\/tucomarca.whitekongsoftware.com\/ca\/wp-json\/wp\/v2\/media?parent=105693"}],"wp:term":[{"taxonomy":"category","embeddable":true,"href":"https:\/\/tucomarca.whitekongsoftware.com\/ca\/wp-json\/wp\/v2\/categories?post=105693"},{"taxonomy":"post_tag","embeddable":true,"href":"https:\/\/tucomarca.whitekongsoftware.com\/ca\/wp-json\/wp\/v2\/tags?post=105693"}],"curies":[{"name":"wp","href":"https:\/\/api.w.org\/{rel}","templated":true}]}}