{"id":105645,"date":"2020-05-08T14:00:10","date_gmt":"2020-05-08T12:00:10","guid":{"rendered":"http:\/\/www.tucomarca.com\/wordpress\/segunda\/?p=105645"},"modified":"2020-05-08T23:27:14","modified_gmt":"2020-05-08T21:27:14","slug":"lajuntament-de-vilamarxant-promou-un-acord-comercial-entre-dues-empreses-locals-per-a-proveir-al-mercat-de-ozonitzadors","status":"publish","type":"post","link":"https:\/\/tucomarca.whitekongsoftware.com\/ca\/lajuntament-de-vilamarxant-promou-un-acord-comercial-entre-dues-empreses-locals-per-a-proveir-al-mercat-de-ozonitzadors\/","title":{"rendered":"L&#8217;Ajuntament de Vilamarxant promou un acord comercial entre dues empreses locals per a proveir al mercat de ozonitzadors"},"content":{"rendered":"\n<p class=\"wp-block-paragraph\"><strong>Transformadores Jesiva i Disval signen una col\u00b7laboraci\u00f3 per a satisfer la demanda d&#8217;equips durant esta crisi sanit\u00e0ria provocada per la COVID-19<\/strong><\/p>\n\n\n\n<p class=\"wp-block-paragraph\">L&#8217;Ajuntament de Vilamarxant ha promogut un acord comercial entre les empreses locals Transformadores Jesiva i Disval per a proveir de ozonitzadors al mercat nacional davant la crisi sanit\u00e0ria provocada per la COVID-19.<\/p>\n\n\n\n<p class=\"wp-block-paragraph\">D&#8217;esta forma, Transformadores Jesiva torna a produir ozonitzadors, la fabricaci\u00f3 dels quals tenia interrompuda, i Disval es responsabilitzar\u00e0 de produir els xassissos i assemblar i muntar les parts electromec\u00e0niques que es necessiten per als ozonitzadors.<\/p>\n\n\n\n<p class=\"wp-block-paragraph\">Esta visi\u00f3 de negoci cooperatiu permetr\u00e0 mantindre nombrosos llocs de treball i la producci\u00f3 en un temps r\u00e8cord d&#8217;un producte que s&#8217;ha convertit en essencial per a combatre al Coronavirus.<\/p>\n\n\n\n<p class=\"wp-block-paragraph\">Aix\u00ed, el regidor V\u00edctor Sanchis ha destacat el \u201cgran esfor\u00e7\u201d que es realitza des del Consistori per a \u201capostar pels professionals, comerciants i empresaris locals i secundar activament qualsevol iniciativa que procure ocupaci\u00f3 i riquesa al nostre municipi\u201d.<\/p>\n\n\n\n<p class=\"wp-block-paragraph\">Respecte a la uni\u00f3 entre Transformadores Jesiva i Disval, Sanchis ha mostrat el seu orgull per la fabricaci\u00f3 de ozonitzadors a Vilamarxant: \u201cCal recalcar el gran esfor\u00e7 que ha suposat rellan\u00e7ar una nova l\u00ednia de producci\u00f3 en un temps r\u00e8cord i com s&#8217;ha buscat la col\u00b7laboraci\u00f3 estreta d&#8217;empreses locals per a salvar tots els obstacles t\u00e8cnics que suposa la fabricaci\u00f3 d\u2019estos generadors d&#8217;oz\u00f3 ajudaran a erradicar el Coronavirus\u201d.<\/p>\n\n\n\n<p class=\"wp-block-paragraph\">\u201cLa uni\u00f3 fa la for\u00e7a i aqueixa \u00e9s la idea que volem traslladar a tots els municipis i empreses valencianes\u201d, ha assegurat el regidor de promoci\u00f3 econ\u00f2mica de Vilamarxant.<\/p>\n\n\n\n<p class=\"wp-block-paragraph\">En declaracions de David Garc\u00eda, CEO de Transformadores Jesiva, l\u2019ozonitzador \u00e9s \u201cuna m\u00e0quina que genera de manera artificial oz\u00f3, un gas incolor que t\u00e9 una capacitat de desinfecci\u00f3 molt elevada\u201d.&nbsp;<\/p>\n\n\n\n<p class=\"wp-block-paragraph\">\u201cDe fet, ja s&#8217;utilitzava per a l&#8217;eliminaci\u00f3 del SARS, que \u00e9s un virus id\u00e8ntic a la COVID-19. Els ozonitzadors permeten la desinfecci\u00f3 efectiva de grans superf\u00edcies tancades sense necessitat d&#8217;emprar productes qu\u00edmics que poden arribar a alliberar certes mol\u00e8cules nocives per a la salut i el medi ambient\u201d, ha afegit David Garc\u00eda.<\/p>\n\n\n\n<p class=\"wp-block-paragraph\">D&#8217;altra banda, David Pons, CEO de DIsval, ha explicat els principals usos de l\u2019ozonitzador, que ja s&#8217;usa en les llars o vehicles per a eliminar olors : \u201cEn les instal\u00b7lacions que concentren cert nombre de persones, tendes, oficines, sales d&#8217;oci, superf\u00edcies comercials,&nbsp; s\u2019utilitza com a desinfectant de l&#8217;aire ambient i les superf\u00edcies arribant a esterilitzar fins als conductes de ventilaci\u00f3 i equips de climatitzaci\u00f3\u201d.<\/p>\n\n\n\n<p class=\"wp-block-paragraph\">Jos\u00e9 Mar\u00eda Garc\u00eda, director financer de Transformadores Jesiva, ha explicat que l&#8217;oz\u00f3 \u00e9s \u201cun potent oxidant i constitueix un efica\u00e7 i econ\u00f2mic procediment de neteja respectu\u00f3s amb el medi ambient\u201d. \u201cL&#8217;efectivitat de cada mol\u00e8cula d&#8217;oz\u00f3 fa que els tractaments d&#8217;ozonitzaci\u00f3 abaratisquen els costos i eviten haver d&#8217;utilitzar productes qu\u00edmics i m\u00e0 d&#8217;obra\u201d, ha afegit.<\/p>\n\n\n\n<p class=\"wp-block-paragraph\">Finalment, \u00c1ngel Pons, CTO de Disval, ha detallat que la producci\u00f3 est\u00e0 centrada en el subministrament d&#8217;equips per a la desinfecci\u00f3 de l&#8217;aire ambient, ja que \u00e9s l&#8217;aplicaci\u00f3 m\u00e9s demandada en l&#8217;actualitat.&nbsp;<\/p>\n\n\n\n<p class=\"wp-block-paragraph\">\u201cComercialitzem quatre models de generadors d&#8217;oz\u00f3 per a superf\u00edcies de 100, 120, 200 i 300m\u00b2, equips port\u00e0tils de xicotetes dimensions i f\u00e0cil maneig per a facilitar el seu \u00fas i efectivitat\u201d, ha finalitzat Pons.<\/p>\n","protected":false},"excerpt":{"rendered":"<div class=\"mh-excerpt\">Transformadores Jesiva i Disval signen una col\u00b7laboraci\u00f3 per a satisfer la demanda d&#8217;equips durant esta crisi sanit\u00e0ria provocada per la COVID-19 L&#8217;Ajuntament de Vilamarxant ha promogut un acord comercial entre les empreses locals Transformadores Jesiva <a class=\"mh-excerpt-more\" href=\"https:\/\/tucomarca.whitekongsoftware.com\/ca\/lajuntament-de-vilamarxant-promou-un-acord-comercial-entre-dues-empreses-locals-per-a-proveir-al-mercat-de-ozonitzadors\/\" title=\"L&#8217;Ajuntament de Vilamarxant promou un acord comercial entre dues empreses locals per a proveir al mercat de ozonitzadors\">[+] <\/a><\/div>\n","protected":false},"author":12,"featured_media":105644,"comment_status":"open","ping_status":"open","sticky":false,"template":"","format":"standard","meta":{"footnotes":""},"categories":[10892,11010,10948,10894,10903,10947,10896,10897,10927],"tags":[10943,10899,11939,11940,12106],"class_list":["post-105645","post","type-post","status-publish","format-standard","has-post-thumbnail","category-camp-de-turia-ca","category-canal-salud","category-infraestructuras-ca","category-la-comarca-ca","category-medio-ambiente-la-comarca-ca","category-politica","category-seccion-ca","category-sucesos-la-comarca-ca","category-vilamarxant-ca","tag-ajuntament-de-vilamarxant-ca","tag-camp-de-turia-ca","tag-coronavirus-ca","tag-covid-19-ca","tag-ozono-ca"],"_links":{"self":[{"href":"https:\/\/tucomarca.whitekongsoftware.com\/ca\/wp-json\/wp\/v2\/posts\/105645","targetHints":{"allow":["GET"]}}],"collection":[{"href":"https:\/\/tucomarca.whitekongsoftware.com\/ca\/wp-json\/wp\/v2\/posts"}],"about":[{"href":"https:\/\/tucomarca.whitekongsoftware.com\/ca\/wp-json\/wp\/v2\/types\/post"}],"author":[{"embeddable":true,"href":"https:\/\/tucomarca.whitekongsoftware.com\/ca\/wp-json\/wp\/v2\/users\/12"}],"replies":[{"embeddable":true,"href":"https:\/\/tucomarca.whitekongsoftware.com\/ca\/wp-json\/wp\/v2\/comments?post=105645"}],"version-history":[{"count":0,"href":"https:\/\/tucomarca.whitekongsoftware.com\/ca\/wp-json\/wp\/v2\/posts\/105645\/revisions"}],"wp:featuredmedia":[{"embeddable":true,"href":"https:\/\/tucomarca.whitekongsoftware.com\/ca\/wp-json\/wp\/v2\/media\/105644"}],"wp:attachment":[{"href":"https:\/\/tucomarca.whitekongsoftware.com\/ca\/wp-json\/wp\/v2\/media?parent=105645"}],"wp:term":[{"taxonomy":"category","embeddable":true,"href":"https:\/\/tucomarca.whitekongsoftware.com\/ca\/wp-json\/wp\/v2\/categories?post=105645"},{"taxonomy":"post_tag","embeddable":true,"href":"https:\/\/tucomarca.whitekongsoftware.com\/ca\/wp-json\/wp\/v2\/tags?post=105645"}],"curies":[{"name":"wp","href":"https:\/\/api.w.org\/{rel}","templated":true}]}}