{"id":105623,"date":"2020-05-07T21:30:32","date_gmt":"2020-05-07T19:30:32","guid":{"rendered":"http:\/\/www.tucomarca.com\/wordpress\/segunda\/?p=105623"},"modified":"2020-05-07T23:04:20","modified_gmt":"2020-05-07T21:04:20","slug":"els-ingressos-per-coronavirus-a-les-uci-valencianes-se-situen-per-sota-de-100-i-ja-shan-produit-mes-de-8-000-altes-hospitalaries","status":"publish","type":"post","link":"https:\/\/tucomarca.whitekongsoftware.com\/ca\/els-ingressos-per-coronavirus-a-les-uci-valencianes-se-situen-per-sota-de-100-i-ja-shan-produit-mes-de-8-000-altes-hospitalaries\/","title":{"rendered":"Els ingressos per coronavirus a les UCI valencianes se situen per sota de 100 i ja s&#8217;han produ\u00eft m\u00e9s de 8.000 altes hospital\u00e0ries"},"content":{"rendered":"\n<p class=\"wp-block-paragraph\">La consellera de Sanitat Universal i Salut P\u00fablica, Ana Barcel\u00f3, ha actualitzat la incid\u00e8ncia de l&#8217;coronavirus a la Comunitat Valenciana, i ha destacat que el nombre d&#8217;altes segueix superant a el de nous casos.<\/p>\n\n\n\n<p class=\"wp-block-paragraph\">Fins al moment, s&#8217;acumulen un total de 8.010 altes (263 des de l&#8217;actualitzaci\u00f3 d&#8217;aquest dimecres). Per prov\u00edncies: 1.079 a la de Castell\u00f3, 2.952 a la d&#8217;Alacant i 3.979 a la de Val\u00e8ncia.<\/p>\n\n\n\n<p class=\"wp-block-paragraph\">En relaci\u00f3 als ingressos en UCI, aquest dimecres va ser el primer dia amb zero ingressos en les unitats de cr\u00edtics, per\u00f2 aquest dijous, ia causa de l&#8217;increment en les altes, s\u00f3n menys de 100 els o les pacients que requereixen aquestes cures: 98 persones .<\/p>\n\n\n\n<p class=\"wp-block-paragraph\">Per prov\u00edncies: 11 a la de Castell\u00f3, 43 a la d&#8217;Alacant i 44 a la prov\u00edncia de Val\u00e8ncia. Pel que fa a les hospitalitzacions, continua la tend\u00e8ncia a la baixa i se situen en 558 persones: 53 a la prov\u00edncia de Castell\u00f3, 152 a la d&#8217;Alacant i 353 a la prov\u00edncia de Val\u00e8ncia.<\/p>\n\n\n\n<p class=\"wp-block-paragraph\">A m\u00e9s, s&#8217;han detectat 247 nous casos positius: 55 a trav\u00e9s de PCR i 192 a trav\u00e9s de test r\u00e0pid, que eleven a 13.311 el total de positius des que va comen\u00e7ar la pand\u00e8mia. Per prov\u00edncies:<\/p>\n\n\n\n<p class=\"wp-block-paragraph\">\u00b7 47 a Castell\u00f3 (5 per PCR). Total: 1.932<\/p>\n\n\n\n<p class=\"wp-block-paragraph\">\u00b7 100 a Alacant (14 per PCR). Total: 4.521<\/p>\n\n\n\n<p class=\"wp-block-paragraph\">\u00b7 94 a Val\u00e8ncia (31 per PCR). Total: 6.852<\/p>\n\n\n\n<p class=\"wp-block-paragraph\">\u00b7 6 despla\u00e7ats (5 per PCR)<\/p>\n\n\n\n<p class=\"wp-block-paragraph\">Fins a l&#8217;actualitat s&#8217;han produ\u00eft un total de 1.315 defuncions a la Comunitat Valenciana: 200 a la prov\u00edncia de Castell\u00f3, 466 a la Alacant i 649 a la de Val\u00e8ncia. S\u00f3n 13 morts des de l&#8217;\u00faltima actualitzaci\u00f3 (12 confirmats pr\u00e8viament amb PCR i 1 amb vincle epidemiol\u00f2gic).<\/p>\n\n\n\n<p class=\"wp-block-paragraph\">El nombre de professionals de la Sanitat que han rebut ja l&#8217;alta s\u00f3n 1.770 persones. El nombre total de positius \u00e9s de 2.502 (1.795 a trav\u00e9s de PCR i 707 amb test r\u00e0pid), dels quals 732 estan actius en aquest moment (67 a la prov\u00edncia de Castell\u00f3, 291 a la d&#8217;Alacant i 374 a la prov\u00edncia de Val\u00e8ncia ).<\/p>\n\n\n\n<p class=\"wp-block-paragraph\">Pel que fa a el nombre de proves realitzades per a la detecci\u00f3 de coronavirus, s&#8217;han dut a terme un total de 187.144 (130.333 a trav\u00e9s de PCR i 56.811 a trav\u00e9s de tests r\u00e0pids).<\/p>\n\n\n\n<p class=\"wp-block-paragraph\">Actualitzaci\u00f3 de la situaci\u00f3 en resid\u00e8ncies<\/p>\n\n\n\n<p class=\"wp-block-paragraph\">La consellera ha destacat que, de tots els centres que han presentat algun cas positiu per coronavirus (156), s&#8217;ha tancat el brot ja en 89 d&#8217;ells, el que representa m\u00e9s de l&#8217;57% de l&#8217;total. A dia d&#8217;avui, hi ha casos positius en 67 centres (11 a la prov\u00edncia de Castell\u00f3, 17 a la d&#8217;Alacant i 39 a la prov\u00edncia de Val\u00e8ncia).<\/p>\n\n\n\n<p class=\"wp-block-paragraph\">\u00b7 Residents positius: 2.202<\/p>\n\n\n\n<p class=\"wp-block-paragraph\">\u00b7 Treballadors positius: 688<\/p>\n\n\n\n<p class=\"wp-block-paragraph\">\u00b7 Residents morts: 488<\/p>\n\n\n\n<p class=\"wp-block-paragraph\">A hores d&#8217;ara, es troben sota vigil\u00e0ncia activa de control sanitari 30 resid\u00e8ncies a la Comunitat Valenciana: 9 a la prov\u00edncia de Castell\u00f3, 8 a la prov\u00edncia d&#8217;Alacant i 13 a la prov\u00edncia de Val\u00e8ncia.<\/p>\n","protected":false},"excerpt":{"rendered":"<div class=\"mh-excerpt\">La consellera de Sanitat Universal i Salut P\u00fablica, Ana Barcel\u00f3, ha actualitzat la incid\u00e8ncia de l&#8217;coronavirus a la Comunitat Valenciana, i ha destacat que el nombre d&#8217;altes segueix superant a el de nous casos. Fins <a class=\"mh-excerpt-more\" href=\"https:\/\/tucomarca.whitekongsoftware.com\/ca\/els-ingressos-per-coronavirus-a-les-uci-valencianes-se-situen-per-sota-de-100-i-ja-shan-produit-mes-de-8-000-altes-hospitalaries\/\" title=\"Els ingressos per coronavirus a les UCI valencianes se situen per sota de 100 i ja s&#8217;han produ\u00eft m\u00e9s de 8.000 altes hospital\u00e0ries\">[+] <\/a><\/div>\n","protected":false},"author":1,"featured_media":104325,"comment_status":"open","ping_status":"open","sticky":false,"template":"","format":"standard","meta":{"footnotes":""},"categories":[11010,10898,10948,10894,10904,10903,10947,10896,10897],"tags":[11939,11937,11940,11938,11951,11952],"class_list":["post-105623","post","type-post","status-publish","format-standard","has-post-thumbnail","category-canal-salud","category-ventana-ca","category-infraestructuras-ca","category-la-comarca-ca","category-sin-categorizar-ca","category-medio-ambiente-la-comarca-ca","category-politica","category-seccion-ca","category-sucesos-la-comarca-ca","tag-coronavirus-ca","tag-coronavirus","tag-covid-19-ca","tag-covid-19","tag-covid2019","tag-covid2019-ca"],"_links":{"self":[{"href":"https:\/\/tucomarca.whitekongsoftware.com\/ca\/wp-json\/wp\/v2\/posts\/105623","targetHints":{"allow":["GET"]}}],"collection":[{"href":"https:\/\/tucomarca.whitekongsoftware.com\/ca\/wp-json\/wp\/v2\/posts"}],"about":[{"href":"https:\/\/tucomarca.whitekongsoftware.com\/ca\/wp-json\/wp\/v2\/types\/post"}],"author":[{"embeddable":true,"href":"https:\/\/tucomarca.whitekongsoftware.com\/ca\/wp-json\/wp\/v2\/users\/1"}],"replies":[{"embeddable":true,"href":"https:\/\/tucomarca.whitekongsoftware.com\/ca\/wp-json\/wp\/v2\/comments?post=105623"}],"version-history":[{"count":0,"href":"https:\/\/tucomarca.whitekongsoftware.com\/ca\/wp-json\/wp\/v2\/posts\/105623\/revisions"}],"wp:featuredmedia":[{"embeddable":true,"href":"https:\/\/tucomarca.whitekongsoftware.com\/ca\/wp-json\/wp\/v2\/media\/104325"}],"wp:attachment":[{"href":"https:\/\/tucomarca.whitekongsoftware.com\/ca\/wp-json\/wp\/v2\/media?parent=105623"}],"wp:term":[{"taxonomy":"category","embeddable":true,"href":"https:\/\/tucomarca.whitekongsoftware.com\/ca\/wp-json\/wp\/v2\/categories?post=105623"},{"taxonomy":"post_tag","embeddable":true,"href":"https:\/\/tucomarca.whitekongsoftware.com\/ca\/wp-json\/wp\/v2\/tags?post=105623"}],"curies":[{"name":"wp","href":"https:\/\/api.w.org\/{rel}","templated":true}]}}