{"id":105602,"date":"2020-05-07T21:01:40","date_gmt":"2020-05-07T19:01:40","guid":{"rendered":"http:\/\/www.tucomarca.com\/wordpress\/segunda\/?p=105602"},"modified":"2020-05-07T22:29:55","modified_gmt":"2020-05-07T20:29:55","slug":"la-corporacio-municipal-de-xest-aprova-mesures-per-a-mantindre-actius-els-departaments-municipals-evitant-els-contagis","status":"publish","type":"post","link":"https:\/\/tucomarca.whitekongsoftware.com\/ca\/la-corporacio-municipal-de-xest-aprova-mesures-per-a-mantindre-actius-els-departaments-municipals-evitant-els-contagis\/","title":{"rendered":"La corporaci\u00f3 municipal de Xest aprova mesures per a mantindre actius els departaments municipals evitant els contagis"},"content":{"rendered":"\n<p class=\"wp-block-paragraph\">Dem\u00e0, divendres 8 de maig, l&#8217;Ajuntament realitzar\u00e0 una primera ronda de test als treballadors i treballadores municipals. Esta \u00e9s una de les mesures aprovades per tots els grups pol\u00edtics amb representaci\u00f3 en el Consistori de Cheste per a mantindre actius els departaments municipals minimitzant la propagaci\u00f3 de la pand\u00e8mia COVID-19.<\/p>\n\n\n\n<p class=\"wp-block-paragraph\">Els primers equips a fer-se en test seran els que integren la Policia Local i la brigada municipal, aix\u00ed com el personal d&#8217;atenci\u00f3 al p\u00fablic, de Protecci\u00f3 Civil i de Serveis Socials, ja que s\u00f3n les persones que han estat i estan m\u00e9s exposades al contagi.<\/p>\n\n\n\n<p class=\"wp-block-paragraph\">Concretament, el laboratori Igenomix Spain SLU realitzar\u00e0 dem\u00e0 44 test homologats que suposaran la realitzaci\u00f3 de tres proves a cada trabajador\/a. Les dos primeres es duran a terme utilitzant la t\u00e8cnica de la PCR (les sigles de la qual tradu\u00efdes de l&#8217;angl\u00e9s s\u00f3n &#8220;Reacci\u00f3n en Cadena de la Polimerasa&#8221;) . Este \u00e9s el test de major sensibilitat, ja que permet detectar el virus en les primeres fases respirat\u00f2ries i determinar si una persona est\u00e0 infectada o no amb coronavirus. Per a aix\u00f2 es pren una mostra de sang i una mostra respirat\u00f2ria d&#8217;exsudat nasofaringi de la part interna del nas o del fons de la gola.<\/p>\n\n\n\n<p class=\"wp-block-paragraph\">La tercera prova consistix a realitzar un test IgA, una prova que detecta la pres\u00e8ncia d&#8217;anticossos enfront del virus responsable de la malaltia COVID-19.<\/p>\n\n\n\n<p class=\"wp-block-paragraph\">En fases posteriors es realitzaran test a la resta de la plantilla municipal. De fet, ja est\u00e0 previst que la setmana que ve es facen 40 proves m\u00e9s.<\/p>\n","protected":false},"excerpt":{"rendered":"<div class=\"mh-excerpt\">Dem\u00e0, divendres 8 de maig, l&#8217;Ajuntament realitzar\u00e0 una primera ronda de test als treballadors i treballadores municipals. Esta \u00e9s una de les mesures aprovades per tots els grups pol\u00edtics amb representaci\u00f3 en el Consistori de <a class=\"mh-excerpt-more\" href=\"https:\/\/tucomarca.whitekongsoftware.com\/ca\/la-corporacio-municipal-de-xest-aprova-mesures-per-a-mantindre-actius-els-departaments-municipals-evitant-els-contagis\/\" title=\"La corporaci\u00f3 municipal de Xest aprova mesures per a mantindre actius els departaments municipals evitant els contagis\">[+] <\/a><\/div>\n","protected":false},"author":12,"featured_media":104756,"comment_status":"open","ping_status":"open","sticky":false,"template":"","format":"standard","meta":{"footnotes":""},"categories":[11010,10948,10894,10912,10903,10947,10896,10897,10974],"tags":[11071,11939,11937,11940,11938,11952,11951,10914,5952],"class_list":["post-105602","post","type-post","status-publish","format-standard","has-post-thumbnail","category-canal-salud","category-infraestructuras-ca","category-la-comarca-ca","category-la-hoya-ca","category-medio-ambiente-la-comarca-ca","category-politica","category-seccion-ca","category-sucesos-la-comarca-ca","category-cheste-ca","tag-cheste","tag-coronavirus-ca","tag-coronavirus","tag-covid-19-ca","tag-covid-19","tag-covid2019-ca","tag-covid2019","tag-la-hoya-de-bunol-chiva-ca","tag-la-hoya-de-bunol-chiva"],"_links":{"self":[{"href":"https:\/\/tucomarca.whitekongsoftware.com\/ca\/wp-json\/wp\/v2\/posts\/105602","targetHints":{"allow":["GET"]}}],"collection":[{"href":"https:\/\/tucomarca.whitekongsoftware.com\/ca\/wp-json\/wp\/v2\/posts"}],"about":[{"href":"https:\/\/tucomarca.whitekongsoftware.com\/ca\/wp-json\/wp\/v2\/types\/post"}],"author":[{"embeddable":true,"href":"https:\/\/tucomarca.whitekongsoftware.com\/ca\/wp-json\/wp\/v2\/users\/12"}],"replies":[{"embeddable":true,"href":"https:\/\/tucomarca.whitekongsoftware.com\/ca\/wp-json\/wp\/v2\/comments?post=105602"}],"version-history":[{"count":0,"href":"https:\/\/tucomarca.whitekongsoftware.com\/ca\/wp-json\/wp\/v2\/posts\/105602\/revisions"}],"wp:featuredmedia":[{"embeddable":true,"href":"https:\/\/tucomarca.whitekongsoftware.com\/ca\/wp-json\/wp\/v2\/media\/104756"}],"wp:attachment":[{"href":"https:\/\/tucomarca.whitekongsoftware.com\/ca\/wp-json\/wp\/v2\/media?parent=105602"}],"wp:term":[{"taxonomy":"category","embeddable":true,"href":"https:\/\/tucomarca.whitekongsoftware.com\/ca\/wp-json\/wp\/v2\/categories?post=105602"},{"taxonomy":"post_tag","embeddable":true,"href":"https:\/\/tucomarca.whitekongsoftware.com\/ca\/wp-json\/wp\/v2\/tags?post=105602"}],"curies":[{"name":"wp","href":"https:\/\/api.w.org\/{rel}","templated":true}]}}