{"id":105532,"date":"2020-05-07T10:17:29","date_gmt":"2020-05-07T08:17:29","guid":{"rendered":"http:\/\/www.tucomarca.com\/wordpress\/segunda\/?p=105532"},"modified":"2020-05-07T10:21:17","modified_gmt":"2020-05-07T08:21:17","slug":"consternacio-a-bunyol-per-la-mort-de-labanderat-del-cim-la-armonica","status":"publish","type":"post","link":"https:\/\/tucomarca.whitekongsoftware.com\/ca\/consternacio-a-bunyol-per-la-mort-de-labanderat-del-cim-la-armonica\/","title":{"rendered":"Consternaci\u00f3 a Bunyol per la mort de l&#8217;abanderat del CIM \u00abLa Arm\u00f2nica\u00bb"},"content":{"rendered":"\n<p class=\"wp-block-paragraph\">El Centre Instructiu Musical \u00abLa Arm\u00f2nica\u00bb de Bunyol ha mostrat la seua &#8220;desolaci\u00f3 a l&#8217;comunicar que Manuel Vila Garcia, abanderat durant els \u00faltims 31 anys, ens ha deixat avui (per aquest dimecres) despr\u00e9s de diverses setmanes de terrible lluita contra el coronavirus&#8221;.<\/p>\n\n\n\n<p class=\"wp-block-paragraph\">La Junta Directiva del CIM &#8220;La Arm\u00f3nica&#8221;, en nom dels seus companys m\u00fasics i de tota la fam\u00edlia litrera, ha volgut &#8220;expressar el seu m\u00e9s profund pesar a la seua estimada Carme, ex-presidenta de la Junta de Dones, les seves filles Tere i Carmen, que van ser Misses d&#8217;La Arm\u00f2nica i les seues n\u00e9tes m\u00fasiques de les que estava tan orgull\u00f3s, ia tants amics que l&#8217;han conegut i saben de la seva qualitat humana i de la seua fortalesa &#8220;.<\/p>\n\n\n\n<p class=\"wp-block-paragraph\">&#8220;Estimat Manolo, no podem acompanyar-te avui aix\u00ed que inundarem els nostres balcons d&#8217;escuts del Litre amb cresp\u00f3 negre a manera d&#8217;ad\u00e9u silenci\u00f3s fins que puguem acomiadar-nos de tu com mereixes. Ens sembla inconcebible pensar que no tindrem el privilegi de veure&#8217;t obrint el pas de la Banda de nou. Guardarem com un tresor el record de l&#8217;tremp amb el que has ensenyat a diverses generacions a desfilar i el respecte per la Bandera: intentarem tenir cura d&#8217;ella amb la mateixa devoci\u00f3 que ho feies tu. Manolo Vila, abanderat impecable i majestu\u00f3s, estar\u00e0s sempre al cor dels teus \u00e9ssers estimats, en la mem\u00f2ria col\u00b7lectiva de l&#8217;Litre i en l&#8217;aire de la Bandera a l&#8217;onejar a l&#8217;comp\u00e0s de la m\u00fasica de la teva banda &#8220;, han finalitzat des del CIM &#8220;La Arm\u00f2nica&#8221;.<\/p>\n\n\n\n<p class=\"wp-block-paragraph\"><strong>Nombroses condol<\/strong><\/p>\n\n\n\n<p class=\"wp-block-paragraph\">L&#8217;alcaldessa de Bunyol, Juncal Carrscosa, tamb\u00e9 ha mostrat el seu condol a trav\u00e9s de les xarxes socials: &#8220;El coronavirus ha fet un dany irreparable a Bunyol. Ho ha fet a tot el m\u00f3n, per\u00f2 a nosaltres se&#8217;ns ha portat a una persona emblem\u00e0tica . Totes les p\u00e8rdues s\u00f3n doloroses, i en l&#8217;\u00e0mbit familiar el dol per la mort d&#8217;un pare \u00e9s igual de dolor\u00f3s sigui quina siga la circumst\u00e0ncia. Per\u00f2 en l&#8217;\u00e0mbit social hi ha persones i situacions que ens afecten col\u00b7lectivament. i aquest \u00e9s el cas: el coronavirus s&#8217;ha dut a Manolo, l&#8217;abanderat d&#8217; &#8216;el Litre&#8217;. Un home entranyable, bo ia m\u00e9s, emblema d&#8217;una de les nostres bandes. DEP. una abra\u00e7ada molt gran a la seva fam\u00edlia, als seus amics, a tots els litreros ja tots els ve\u00efnes i ve\u00efns de Bunyol &#8220;, ha manifestat Juncal Carrascosa.<\/p>\n\n\n\n<p class=\"wp-block-paragraph\">Per la seua banda, el responsable llegeix \u00e0rea de Festes de l&#8217;Ajuntament de Bunyol, Rafael P\u00e9rez, tamb\u00e9 ha manat trav\u00e9s de les xarxes socials &#8220;una abra\u00e7ada enorme a tota la fam\u00edlia litrera ia la fam\u00edlia de Manolo, especialment a la nostra companya Tere. Sempre \u00e9s dur perdre a alg\u00fa com ell per\u00f2 m\u00e9s en aquests moments tan durs, sempre tindr\u00e9 un record per a un gran litrero per\u00f2 sobretot una persona molt especial per a la cultura musical de Bunyol i que ha estat part important de la conc\u00f2rdia musical entre les dues bandes. Fins sempre Vila&#8221;.<\/p>\n\n\n\n<p class=\"wp-block-paragraph\">A les condolences per la p\u00e8rdua de Manuel Vila tamb\u00e9 s&#8217;ha sumat a trav\u00e9s de les xarxes socials el regidor de Cultura de l&#8217;Ajuntament de Bunyol, Juan Luis Pall\u00e0s, aix\u00ed com molts directors, compositors i m\u00fasics en general vinculats amb &#8220;La Arm\u00f2nica&#8221; de Bunyol .<\/p>\n","protected":false},"excerpt":{"rendered":"<div class=\"mh-excerpt\">El Centre Instructiu Musical \u00abLa Arm\u00f2nica\u00bb de Bunyol ha mostrat la seua &#8220;desolaci\u00f3 a l&#8217;comunicar que Manuel Vila Garcia, abanderat durant els \u00faltims 31 anys, ens ha deixat avui (per aquest dimecres) despr\u00e9s de diverses <a class=\"mh-excerpt-more\" href=\"https:\/\/tucomarca.whitekongsoftware.com\/ca\/consternacio-a-bunyol-per-la-mort-de-labanderat-del-cim-la-armonica\/\" title=\"Consternaci\u00f3 a Bunyol per la mort de l&#8217;abanderat del CIM \u00abLa Arm\u00f2nica\u00bb\">[+] <\/a><\/div>\n","protected":false},"author":1,"featured_media":105529,"comment_status":"open","ping_status":"open","sticky":false,"template":"","format":"standard","meta":{"footnotes":""},"categories":[10911,11005,10948,10894,10912,11004,11007,11008,10896,10897],"tags":[10563,11937,11938,11951,5952],"class_list":["post-105532","post","type-post","status-publish","format-standard","has-post-thumbnail","category-bunol-ca","category-canal-musica","category-infraestructuras-ca","category-la-comarca-ca","category-la-hoya-ca","category-la-semana-en-imagenes-ca","category-ocio-y-cultura-ca","category-pueblos-en-fiestas-ca","category-seccion-ca","category-sucesos-la-comarca-ca","tag-cim-la-armonica-de-bunol","tag-coronavirus","tag-covid-19","tag-covid2019","tag-la-hoya-de-bunol-chiva"],"_links":{"self":[{"href":"https:\/\/tucomarca.whitekongsoftware.com\/ca\/wp-json\/wp\/v2\/posts\/105532","targetHints":{"allow":["GET"]}}],"collection":[{"href":"https:\/\/tucomarca.whitekongsoftware.com\/ca\/wp-json\/wp\/v2\/posts"}],"about":[{"href":"https:\/\/tucomarca.whitekongsoftware.com\/ca\/wp-json\/wp\/v2\/types\/post"}],"author":[{"embeddable":true,"href":"https:\/\/tucomarca.whitekongsoftware.com\/ca\/wp-json\/wp\/v2\/users\/1"}],"replies":[{"embeddable":true,"href":"https:\/\/tucomarca.whitekongsoftware.com\/ca\/wp-json\/wp\/v2\/comments?post=105532"}],"version-history":[{"count":0,"href":"https:\/\/tucomarca.whitekongsoftware.com\/ca\/wp-json\/wp\/v2\/posts\/105532\/revisions"}],"wp:featuredmedia":[{"embeddable":true,"href":"https:\/\/tucomarca.whitekongsoftware.com\/ca\/wp-json\/wp\/v2\/media\/105529"}],"wp:attachment":[{"href":"https:\/\/tucomarca.whitekongsoftware.com\/ca\/wp-json\/wp\/v2\/media?parent=105532"}],"wp:term":[{"taxonomy":"category","embeddable":true,"href":"https:\/\/tucomarca.whitekongsoftware.com\/ca\/wp-json\/wp\/v2\/categories?post=105532"},{"taxonomy":"post_tag","embeddable":true,"href":"https:\/\/tucomarca.whitekongsoftware.com\/ca\/wp-json\/wp\/v2\/tags?post=105532"}],"curies":[{"name":"wp","href":"https:\/\/api.w.org\/{rel}","templated":true}]}}