{"id":105483,"date":"2020-05-06T14:46:22","date_gmt":"2020-05-06T12:46:22","guid":{"rendered":"http:\/\/www.tucomarca.com\/wordpress\/segunda\/?p=105483"},"modified":"2020-05-06T14:47:15","modified_gmt":"2020-05-06T12:47:15","slug":"sanidad-confirma-37-nuevos-casos-de-coronavirus-a-traves-de-pcr-y-144-con-test-rapido-asi-como-13-muertos-mas-y-92-altas","status":"publish","type":"post","link":"https:\/\/tucomarca.whitekongsoftware.com\/ca\/sanidad-confirma-37-nuevos-casos-de-coronavirus-a-traves-de-pcr-y-144-con-test-rapido-asi-como-13-muertos-mas-y-92-altas\/","title":{"rendered":"Sanitat confirma 37 nous casos de coronavirus mitjan\u00e7ant PCR i 144 amb test r\u00e0pid; aix\u00ed com 13 morts m\u00e9s i 92 altes"},"content":{"rendered":"\n<p class=\"wp-block-paragraph\">La Conselleria de Sanitat Universal i Salut P\u00fablica ha actualitzat la incid\u00e8ncia de l&#8217;coronavirus a la Comunitat Valenciana. S&#8217;han detectat 37 nous casos positius confirmats a trav\u00e9s de PCR, que eleven a 10.537 el total de positius des que va comen\u00e7ar la pand\u00e8mia (1.441 es troben a la prov\u00edncia de Castell\u00f3, 3.695 a la d&#8217;Alacant i 5.401 a la de Val\u00e8ncia). D&#8217;altra banda, han donat positiu mitjan\u00e7ant test r\u00e0pid 144 persones, el que suma un total de 2.527 casos (444 a la prov\u00edncia de Castell\u00f3, 726 a la d&#8217;Alacant i 1.357 a la de Val\u00e8ncia).<\/p>\n\n\n\n<p class=\"wp-block-paragraph\">Fins al moment, s&#8217;acumulen un total de 7.747 altes (92 des de l&#8217;actualitzaci\u00f3 d&#8217;aquest dimarts). Per prov\u00edncies: 1.056 a la de Castell\u00f3, 2.917 a la d&#8217;Alacant i 3.774 a la de Val\u00e8ncia.<\/p>\n\n\n\n<p class=\"wp-block-paragraph\">Pel que fa a les hospitalitzacions, han ingressat 15 persones i s&#8217;han redu\u00eft en 34 persones des de l&#8217;\u00faltima actualitzaci\u00f3. A dia d&#8217;avui, hi ha 572 persones ingressades als hospitals valencians: 56 a la prov\u00edncia de Castell\u00f3, 153 a la d&#8217;Alacant i 363 a la prov\u00edncia de Val\u00e8ncia.<\/p>\n\n\n\n<p class=\"wp-block-paragraph\">En relaci\u00f3 als ingressos en UCI, continua la tend\u00e8ncia a la baixa, amb 3 casos menys des de l&#8217;\u00faltima actualitzaci\u00f3. Representen a hores d&#8217;ara el 2,5% de l&#8217;total de casos actius, amb 102 persones ingressades a UCI: 13 a la prov\u00edncia de Castell\u00f3, 43 a la d&#8217;Alacant i 46 a la prov\u00edncia de Val\u00e8ncia.<\/p>\n\n\n\n<p class=\"wp-block-paragraph\">Fins a l&#8217;actualitat s&#8217;ha produ\u00eft un total de 1.302 defuncions a la Comunitat Valenciana: 199 a la prov\u00edncia de Castell\u00f3, 459 a la Alacant i 644 a la de Val\u00e8ncia. S\u00f3n 13 morts des de l&#8217;\u00faltima actualitzaci\u00f3 (12 confirmats pr\u00e8viament amb PCR i 1 amb vincle epidemiol\u00f2gic).<\/p>\n\n\n\n<p class=\"wp-block-paragraph\">El nombre de professionals de la Sanitat que han rebut ja l&#8217;alta s\u00f3n 1.713 persones. El nombre total de positius \u00e9s de 2.461 (1.793 a trav\u00e9s de PCR i 668 amb test r\u00e0pid), dels quals 748 estan actius en aquest moment (66 a la prov\u00edncia de Castell\u00f3, 291 a la d&#8217;Alacant i 391 a la prov\u00edncia de Val\u00e8ncia ).<\/p>\n\n\n\n<p class=\"wp-block-paragraph\">Pel que fa a el nombre de proves realitzades per a la detecci\u00f3 de coronavirus, s&#8217;han dut a terme un total de 179.070 (126.789 a trav\u00e9s de PCR i 52.281 a trav\u00e9s de tests r\u00e0pids).<\/p>\n\n\n\n<p class=\"wp-block-paragraph\">Actualitzaci\u00f3 de la situaci\u00f3 en resid\u00e8ncies<\/p>\n\n\n\n<p class=\"wp-block-paragraph\">De tots els centres que han presentat algun cas positiu per coronavirus (156), s&#8217;ha tancat el brot ja en 83 d&#8217;ells, el que representa m\u00e9s de l&#8217;53% de l&#8217;total. A dia d&#8217;avui, hi ha casos positius en 73 centres (13 a la prov\u00edncia de Castell\u00f3, 18 a la d&#8217;Alacant i 42 a la prov\u00edncia de Val\u00e8ncia).<\/p>\n\n\n\n<p class=\"wp-block-paragraph\">\u00b7 Residents positius: 2.148<\/p>\n\n\n\n<p class=\"wp-block-paragraph\">\u00b7 Treballadors positius: 678<\/p>\n\n\n\n<p class=\"wp-block-paragraph\">\u00b7 Residents morts: 485<\/p>\n\n\n\n<p class=\"wp-block-paragraph\">A hores d&#8217;ara, es troben sota vigil\u00e0ncia activa de control sanitari 30 resid\u00e8ncies a la Comunitat Valenciana: 9 a la prov\u00edncia de Castell\u00f3, 8 a la prov\u00edncia d&#8217;Alacant i 13 a la prov\u00edncia de Val\u00e8ncia.<\/p>\n","protected":false},"excerpt":{"rendered":"<div class=\"mh-excerpt\">La Conselleria de Sanitat Universal i Salut P\u00fablica ha actualitzat la incid\u00e8ncia de l&#8217;coronavirus a la Comunitat Valenciana. S&#8217;han detectat 37 nous casos positius confirmats a trav\u00e9s de PCR, que eleven a 10.537 el total <a class=\"mh-excerpt-more\" href=\"https:\/\/tucomarca.whitekongsoftware.com\/ca\/sanidad-confirma-37-nuevos-casos-de-coronavirus-a-traves-de-pcr-y-144-con-test-rapido-asi-como-13-muertos-mas-y-92-altas\/\" title=\"Sanitat confirma 37 nous casos de coronavirus mitjan\u00e7ant PCR i 144 amb test r\u00e0pid; aix\u00ed com 13 morts m\u00e9s i 92 altes\">[+] <\/a><\/div>\n","protected":false},"author":1,"featured_media":103145,"comment_status":"open","ping_status":"open","sticky":false,"template":"","format":"standard","meta":{"footnotes":""},"categories":[11010,10898,10948,10894,10904,10903,10947,10896,10897],"tags":[11937,11939,11940,11938,11952,11951],"class_list":["post-105483","post","type-post","status-publish","format-standard","has-post-thumbnail","category-canal-salud","category-ventana-ca","category-infraestructuras-ca","category-la-comarca-ca","category-sin-categorizar-ca","category-medio-ambiente-la-comarca-ca","category-politica","category-seccion-ca","category-sucesos-la-comarca-ca","tag-coronavirus","tag-coronavirus-ca","tag-covid-19-ca","tag-covid-19","tag-covid2019-ca","tag-covid2019"],"_links":{"self":[{"href":"https:\/\/tucomarca.whitekongsoftware.com\/ca\/wp-json\/wp\/v2\/posts\/105483","targetHints":{"allow":["GET"]}}],"collection":[{"href":"https:\/\/tucomarca.whitekongsoftware.com\/ca\/wp-json\/wp\/v2\/posts"}],"about":[{"href":"https:\/\/tucomarca.whitekongsoftware.com\/ca\/wp-json\/wp\/v2\/types\/post"}],"author":[{"embeddable":true,"href":"https:\/\/tucomarca.whitekongsoftware.com\/ca\/wp-json\/wp\/v2\/users\/1"}],"replies":[{"embeddable":true,"href":"https:\/\/tucomarca.whitekongsoftware.com\/ca\/wp-json\/wp\/v2\/comments?post=105483"}],"version-history":[{"count":0,"href":"https:\/\/tucomarca.whitekongsoftware.com\/ca\/wp-json\/wp\/v2\/posts\/105483\/revisions"}],"wp:featuredmedia":[{"embeddable":true,"href":"https:\/\/tucomarca.whitekongsoftware.com\/ca\/wp-json\/wp\/v2\/media\/103145"}],"wp:attachment":[{"href":"https:\/\/tucomarca.whitekongsoftware.com\/ca\/wp-json\/wp\/v2\/media?parent=105483"}],"wp:term":[{"taxonomy":"category","embeddable":true,"href":"https:\/\/tucomarca.whitekongsoftware.com\/ca\/wp-json\/wp\/v2\/categories?post=105483"},{"taxonomy":"post_tag","embeddable":true,"href":"https:\/\/tucomarca.whitekongsoftware.com\/ca\/wp-json\/wp\/v2\/tags?post=105483"}],"curies":[{"name":"wp","href":"https:\/\/api.w.org\/{rel}","templated":true}]}}