{"id":105448,"date":"2020-05-05T21:22:49","date_gmt":"2020-05-05T19:22:49","guid":{"rendered":"http:\/\/www.tucomarca.com\/wordpress\/segunda\/?p=105448"},"modified":"2020-05-05T21:29:38","modified_gmt":"2020-05-05T19:29:38","slug":"la-comunitat-suma-deu-morts-mes-i-69-nous-contagis-de-coronavirus-en-les-ultimes-24-hores","status":"publish","type":"post","link":"https:\/\/tucomarca.whitekongsoftware.com\/ca\/la-comunitat-suma-deu-morts-mes-i-69-nous-contagis-de-coronavirus-en-les-ultimes-24-hores\/","title":{"rendered":"La Comunitat suma deu morts m\u00e9s i 69 nous contagis de coronavirus en les \u00faltimes 24 hores"},"content":{"rendered":"\n<p class=\"wp-block-paragraph\">La consellera de Sanitat Universal i Salut P\u00fablica, Ana Barcel\u00f3, ha informat que un dels factors en la desescalada que t\u00e9 en compte el Ministeri de Sanitat \u00e9s el nombre de casos detectats a trav\u00e9s de PCR.<\/p>\n\n\n\n<p class=\"wp-block-paragraph\">Barcel\u00f3 ha explicat que &#8220;\u00e9s la prova que detecta la fase m\u00e9s aguda de la malaltia i, per tant, un indicador fonamental per tallar la cadena de contagis i seguir la tra\u00e7abilitat dels casos&#8221;. Per tant, l&#8217;objectiu de la vigil\u00e0ncia en l&#8217;etapa de transici\u00f3 \u00e9s la detecci\u00f3 preco\u00e7 de qualsevol cas que pugui tenir infecci\u00f3 activa i que pugui transmetre la malaltia.<\/p>\n\n\n\n<p class=\"wp-block-paragraph\">D&#8217;altra banda, la consellera ha assenyalat que &#8220;els tests r\u00e0pids poden oferir altres indicadors v\u00e0lids per a con\u00e8ixer, per exemple, la incid\u00e8ncia real que ha tingut la malaltia durant la pand\u00e8mia&#8221;. Ara b\u00e9, ha insistit que la realitzaci\u00f3 de proves de PCR ha d&#8217;estar dirigida fonamentalment a la detecci\u00f3 preco\u00e7 dels casos, de manera que aquestes proves s\u00f3n les que es van a tenir en compte, tant per part de Ministeri com de les comunitats aut\u00f2nomes , per poder establir l&#8217;avan\u00e7 entre fases de el per\u00edode de desescalada.<\/p>\n\n\n\n<p class=\"wp-block-paragraph\">Actualitzaci\u00f3 de la incid\u00e8ncia de l&#8217;coronavirus<\/p>\n\n\n\n<p class=\"wp-block-paragraph\">En aquest sentit, s&#8217;han detectat 64 nous casos positius confirmats a trav\u00e9s de PCR, que eleven a 10.500 el total de positius des que va comen\u00e7ar la pand\u00e8mia.<\/p>\n\n\n\n<p class=\"wp-block-paragraph\">D&#8217;altra banda, han donat positiu mitjan\u00e7ant test r\u00e0pid 2.383 persones. D&#8217;ells, pel que fa a PCR: 1.435 es troben a la prov\u00edncia de Castell\u00f3, 3.677 a la d&#8217;Alacant i 5.388 a la de Val\u00e8ncia. Per la seva banda, a trav\u00e9s de test r\u00e0pids: 407 a la prov\u00edncia de Castell\u00f3, 667 a la d&#8217;Alacant i 1.309 a la de Val\u00e8ncia.<\/p>\n\n\n\n<p class=\"wp-block-paragraph\">D&#8217;altra banda, la consellera ha destacat que 6 de cada 10 casos positius a la Comunitat Valenciana s&#8217;han curat ja de la malaltia. Fins al moment, s&#8217;acumulen un total de 7.655 altes (149 des de l&#8217;actualitzaci\u00f3 d&#8217;aquest dilluns). Per prov\u00edncies: 1.040 a la de Castell\u00f3, 2.861 a la d&#8217;Alacant i 3.754 a la de Val\u00e8ncia.<\/p>\n\n\n\n<p class=\"wp-block-paragraph\">Pel que fa a les hospitalitzacions, han ingressat 11 persones, la mateixa dada que ahir, la xifra m\u00e9s baixa des del passat 18 de mar\u00e7. A dia d&#8217;avui, hi ha 606 persones ingressades als hospitals valencians: 58 a la prov\u00edncia de Castell\u00f3, 164 a la d&#8217;Alacant i 384 a la prov\u00edncia de Val\u00e8ncia.<\/p>\n\n\n\n<p class=\"wp-block-paragraph\">En relaci\u00f3 als ingressos en UCI, continua la tend\u00e8ncia a la baixa amb 9 casos menys des de l&#8217;\u00faltima actualitzaci\u00f3. Representen a hores d&#8217;ara el 2,6% de l&#8217;total de casos actius amb un total de 105 persones ingressades a UCI: 14 a la prov\u00edncia de Castell\u00f3, 40 a la d&#8217;Alacant i 51 a la prov\u00edncia de Val\u00e8ncia.<\/p>\n\n\n\n<p class=\"wp-block-paragraph\">Fins a l&#8217;actualitat, s&#8217;ha produ\u00eft un total de 1.289 defuncions a la Comunitat Valenciana: 197 a la prov\u00edncia de Castell\u00f3, 457 a la Alacant i 635 a la de Val\u00e8ncia.<\/p>\n\n\n\n<p class=\"wp-block-paragraph\">El nombre de professionals de la Sanitat que han rebut ja l&#8217;alta s\u00f3n 1.588 persones. El nombre total de positius \u00e9s de 2.389 (1.780 a trav\u00e9s de PCR i 609 amb test r\u00e0pid), dels quals 801 estan actius en aquest moment (69 a la prov\u00edncia de Castell\u00f3, 334 a la d&#8217;Alacant i 398 a la prov\u00edncia de Val\u00e8ncia ).<\/p>\n\n\n\n<p class=\"wp-block-paragraph\">Pel que fa a el nombre de proves realitzades per a la detecci\u00f3 de coronavirus, s&#8217;han dut a terme un total de 171.513 (124.035 a trav\u00e9s de PCR i 47.478 a trav\u00e9s de tests r\u00e0pids).<\/p>\n\n\n\n<p class=\"wp-block-paragraph\">Actualitzaci\u00f3 de la situaci\u00f3 en resid\u00e8ncies<\/p>\n\n\n\n<p class=\"wp-block-paragraph\">De tots els centres que han presentat algun cas positiu per coronavirus (155), s&#8217;ha tancat el brot a 81 d&#8217;ells, el que representa el 53% de l&#8217;total. A aquesta data, hi ha casos positius en 74 centres (13 a la prov\u00edncia de Castell\u00f3, 18 a la d&#8217;Alacant i 43 a la prov\u00edncia de Val\u00e8ncia).<\/p>\n\n\n\n<p class=\"wp-block-paragraph\">A hores d&#8217;ara, es troben sota vigil\u00e0ncia activa de control sanitari 30 resid\u00e8ncies a la Comunitat Valenciana: 9 a la prov\u00edncia de Castell\u00f3, 8 a la prov\u00edncia d&#8217;Alacant i 13 a la prov\u00edncia de Val\u00e8ncia.<\/p>\n","protected":false},"excerpt":{"rendered":"<div class=\"mh-excerpt\">La consellera de Sanitat Universal i Salut P\u00fablica, Ana Barcel\u00f3, ha informat que un dels factors en la desescalada que t\u00e9 en compte el Ministeri de Sanitat \u00e9s el nombre de casos detectats a trav\u00e9s <a class=\"mh-excerpt-more\" href=\"https:\/\/tucomarca.whitekongsoftware.com\/ca\/la-comunitat-suma-deu-morts-mes-i-69-nous-contagis-de-coronavirus-en-les-ultimes-24-hores\/\" title=\"La Comunitat suma deu morts m\u00e9s i 69 nous contagis de coronavirus en les \u00faltimes 24 hores\">[+] <\/a><\/div>\n","protected":false},"author":1,"featured_media":102185,"comment_status":"open","ping_status":"open","sticky":false,"template":"","format":"standard","meta":{"footnotes":""},"categories":[11010,10898,10948,10894,10904,10903,10947,10896,10897],"tags":[11937,11938,11951],"class_list":["post-105448","post","type-post","status-publish","format-standard","has-post-thumbnail","category-canal-salud","category-ventana-ca","category-infraestructuras-ca","category-la-comarca-ca","category-sin-categorizar-ca","category-medio-ambiente-la-comarca-ca","category-politica","category-seccion-ca","category-sucesos-la-comarca-ca","tag-coronavirus","tag-covid-19","tag-covid2019"],"_links":{"self":[{"href":"https:\/\/tucomarca.whitekongsoftware.com\/ca\/wp-json\/wp\/v2\/posts\/105448","targetHints":{"allow":["GET"]}}],"collection":[{"href":"https:\/\/tucomarca.whitekongsoftware.com\/ca\/wp-json\/wp\/v2\/posts"}],"about":[{"href":"https:\/\/tucomarca.whitekongsoftware.com\/ca\/wp-json\/wp\/v2\/types\/post"}],"author":[{"embeddable":true,"href":"https:\/\/tucomarca.whitekongsoftware.com\/ca\/wp-json\/wp\/v2\/users\/1"}],"replies":[{"embeddable":true,"href":"https:\/\/tucomarca.whitekongsoftware.com\/ca\/wp-json\/wp\/v2\/comments?post=105448"}],"version-history":[{"count":0,"href":"https:\/\/tucomarca.whitekongsoftware.com\/ca\/wp-json\/wp\/v2\/posts\/105448\/revisions"}],"wp:featuredmedia":[{"embeddable":true,"href":"https:\/\/tucomarca.whitekongsoftware.com\/ca\/wp-json\/wp\/v2\/media\/102185"}],"wp:attachment":[{"href":"https:\/\/tucomarca.whitekongsoftware.com\/ca\/wp-json\/wp\/v2\/media?parent=105448"}],"wp:term":[{"taxonomy":"category","embeddable":true,"href":"https:\/\/tucomarca.whitekongsoftware.com\/ca\/wp-json\/wp\/v2\/categories?post=105448"},{"taxonomy":"post_tag","embeddable":true,"href":"https:\/\/tucomarca.whitekongsoftware.com\/ca\/wp-json\/wp\/v2\/tags?post=105448"}],"curies":[{"name":"wp","href":"https:\/\/api.w.org\/{rel}","templated":true}]}}