{"id":105386,"date":"2020-05-05T14:19:58","date_gmt":"2020-05-05T12:19:58","guid":{"rendered":"http:\/\/www.tucomarca.com\/wordpress\/segunda\/?p=105386"},"modified":"2020-05-05T14:41:12","modified_gmt":"2020-05-05T12:41:12","slug":"el-consorci-valencia-interior-ajorna-a-octubre-el-cobrament-del-rebut-del-tractament-de-residus","status":"publish","type":"post","link":"https:\/\/tucomarca.whitekongsoftware.com\/ca\/el-consorci-valencia-interior-ajorna-a-octubre-el-cobrament-del-rebut-del-tractament-de-residus\/","title":{"rendered":"El Consorci Val\u00e8ncia Interior ajorna a octubre el cobrament del rebut del tractament de residus a petici\u00f3 dels Ajuntaments"},"content":{"rendered":"\n<p class=\"wp-block-paragraph\">El Consorci Val\u00e8ncia Interior ha accedit a ajornar el cobrament del rebut del tractament de residus al segon semestre de l&#8217;any, despr\u00e9s de la petici\u00f3 realitzat per l&#8217;Ajuntament de Cheste junt amb altres consistoris de les comarques de La Foia de Bu\u00f1ol-Chiva, aix\u00ed com de Camp de T\u00faria, Muntanya, Rac\u00f3 d&#8217;Ademuz i Requena Utiel. Aix\u00ed, el Servei de Recaptaci\u00f3 de Tributs de la Diputaci\u00f3 de Val\u00e8ncia, que \u00e9s el que gestiona estos rebuts, ha procedit a establir un nou calendari de pagaments en volunt\u00e0ria, recordant als i les contribuents la possibilitat de domiciliar o fraccionar el pagament. D&#8217;esta manera, el termini corresponent a la taxa del tractament de residus, que inicialment era d&#8217;abril a juny, passa a realitzar-se entre l&#8217;1 d&#8217;octubre i l&#8217;1 de desembre de 2020.<\/p>\n","protected":false},"excerpt":{"rendered":"<div class=\"mh-excerpt\">El Consorci Val\u00e8ncia Interior ha accedit a ajornar el cobrament del rebut del tractament de residus al segon semestre de l&#8217;any, despr\u00e9s de la petici\u00f3 realitzat per l&#8217;Ajuntament de Cheste junt amb altres consistoris de <a class=\"mh-excerpt-more\" href=\"https:\/\/tucomarca.whitekongsoftware.com\/ca\/el-consorci-valencia-interior-ajorna-a-octubre-el-cobrament-del-rebut-del-tractament-de-residus\/\" title=\"El Consorci Val\u00e8ncia Interior ajorna a octubre el cobrament del rebut del tractament de residus a petici\u00f3 dels Ajuntaments\">[+] <\/a><\/div>\n","protected":false},"author":12,"featured_media":84013,"comment_status":"open","ping_status":"open","sticky":false,"template":"","format":"standard","meta":{"footnotes":""},"categories":[10890,10926,10973,11045,11044,11043,11042,11041,10952,10938,10937,11040,10911,11038,10892,11030,11031,11010,10923,10924,10930,10925,11032,11039,11054,11036,11035,10976,11046,10898,11055,10929,11034,10977,11033,10980,10948,10894,10904,10912,10915,10960,11023,11056,10928,10931,11024,10893,10978,10932,10903,10936,10935,11025,10947,10908,10909,10906,11057,10934,10896,10933,10979,11058,11026,10897,11027,10961,11028,11059,10962,11060,10927,11029,11061,11037,10974,10975],"tags":[10470,10395,417,11937,10220,5952,10400,10387,1318],"class_list":["post-105386","post","type-post","status-publish","format-standard","has-post-thumbnail","category-ademus","category-ademus-ca","category-alborache-ca","category-alcublas-ca","category-alpuente-ca","category-andilla-ca","category-aras-de-olmos-ca","category-benageber-ca","category-benaguasil-ca","category-benisano-ca","category-betera-ca","category-bugarra-ca","category-bunol-ca","category-calles-ca","category-camp-de-turia-ca","category-campo-arcis-ca","category-camporrobles-ca","category-canal-salud","category-cases-altes","category-cases-baixes","category-casinos-ca","category-castielfabib-ca","category-caudete-ca","category-chelva-ca","category-chera-ca","category-chulilla-ca","category-domeno-ca","category-dos-aguas-ca","category-los-serranos-ca","category-ventana-ca","category-fuenterrobles-ca","category-gatova-ca","category-gestalgar-ca","category-godelleta-ca","category-higueruelas-ca","category-yatova-ca","category-infraestructuras-ca","category-la-comarca-ca","category-sin-categorizar-ca","category-la-hoya-ca","category-la-pobla-ca","category-la-puebla-de-san-miguel-ca","category-la-yesa-ca","category-las-cuevas-ca","category-lliria-ca","category-loriguilla-ca","category-losa-del-obispo-ca","category-leliana-ca","category-macastre-ca","category-marines-ca","category-medio-ambiente-la-comarca-ca","category-naquera-ca","category-olocau-ca","category-pedralba-ca","category-politica","category-requena-ca","category-requena-utiel-ca","category-riba-roja-ca","category-san-antonio-ca","category-san-antonio-de-benageber-ca","category-seccion-ca","category-serra-ca","category-siete-aguas-ca","category-sinarcas-ca","category-sot-de-chera-ca","category-sucesos-la-comarca-ca","category-titaguas-ca","category-torrebaja-ca","category-tuejar-ca","category-utiel-ca","category-vallanca-ca","category-venta-del-moro-ca","category-vilamarxant-ca","category-villar-del-arzobispo-ca","category-villargordo-del-cabriel-ca","category-chera-los-serranos-ca","category-cheste-ca","category-chiva-ca","tag-ayuntamiento-de-cheste","tag-camp-de-turia","tag-consorcio-valencia-interior","tag-coronavirus","tag-cvi","tag-la-hoya-de-bunol-chiva","tag-los-serranos","tag-requena-utiel","tag-rincon-de-ademuz"],"_links":{"self":[{"href":"https:\/\/tucomarca.whitekongsoftware.com\/ca\/wp-json\/wp\/v2\/posts\/105386","targetHints":{"allow":["GET"]}}],"collection":[{"href":"https:\/\/tucomarca.whitekongsoftware.com\/ca\/wp-json\/wp\/v2\/posts"}],"about":[{"href":"https:\/\/tucomarca.whitekongsoftware.com\/ca\/wp-json\/wp\/v2\/types\/post"}],"author":[{"embeddable":true,"href":"https:\/\/tucomarca.whitekongsoftware.com\/ca\/wp-json\/wp\/v2\/users\/12"}],"replies":[{"embeddable":true,"href":"https:\/\/tucomarca.whitekongsoftware.com\/ca\/wp-json\/wp\/v2\/comments?post=105386"}],"version-history":[{"count":0,"href":"https:\/\/tucomarca.whitekongsoftware.com\/ca\/wp-json\/wp\/v2\/posts\/105386\/revisions"}],"wp:featuredmedia":[{"embeddable":true,"href":"https:\/\/tucomarca.whitekongsoftware.com\/ca\/wp-json\/wp\/v2\/media\/84013"}],"wp:attachment":[{"href":"https:\/\/tucomarca.whitekongsoftware.com\/ca\/wp-json\/wp\/v2\/media?parent=105386"}],"wp:term":[{"taxonomy":"category","embeddable":true,"href":"https:\/\/tucomarca.whitekongsoftware.com\/ca\/wp-json\/wp\/v2\/categories?post=105386"},{"taxonomy":"post_tag","embeddable":true,"href":"https:\/\/tucomarca.whitekongsoftware.com\/ca\/wp-json\/wp\/v2\/tags?post=105386"}],"curies":[{"name":"wp","href":"https:\/\/api.w.org\/{rel}","templated":true}]}}