{"id":105342,"date":"2020-05-04T21:04:31","date_gmt":"2020-05-04T19:04:31","guid":{"rendered":"http:\/\/www.tucomarca.com\/wordpress\/segunda\/?p=105342"},"modified":"2020-05-04T21:04:33","modified_gmt":"2020-05-04T19:04:33","slug":"lajuntament-de-bunyol-posa-en-marxa-una-primera-fase-del-pla-digualtat-per-a-tota-la-plantilla-de-treballadors","status":"publish","type":"post","link":"https:\/\/tucomarca.whitekongsoftware.com\/ca\/lajuntament-de-bunyol-posa-en-marxa-una-primera-fase-del-pla-digualtat-per-a-tota-la-plantilla-de-treballadors\/","title":{"rendered":"L&#8217;Ajuntament de Bunyol posa en marxa una primera fase del Pla d&#8217;Igualtat per a tota la plantilla de treballadors"},"content":{"rendered":"\n<p class=\"wp-block-paragraph\"><strong>Tania Carrascosa, regidora d&#8217;Igualtat de l&#8217;Ajuntament de Bunyol, confirma que l&#8217;objectiu \u00e9s fer-ho extensible a tot el territori municipal<\/strong><\/p>\n\n\n\n<p class=\"wp-block-paragraph\">Tania Carrascosa, regidora d&#8217;Igualtat bu\u00f1olense, ha confirmat que ja ha arrencat el Pla d&#8217;Igualtat intern de l&#8217;Consistori. Un pla que preveu la recerca de la igualtat d&#8217;homes i dones en els \u00e0mbits laborals i m\u00e9s concretament a l&#8217;Ajuntament. Aquesta seria una primera fase, &#8220;ja que des de l&#8217;equip de govern volem traslladar-lo a tot el municipi per aconseguir una realitat efectiva entre homes i dones, encara que aix\u00f2 requereix un major cost econ\u00f2mic i laboral, per\u00f2 esperem poder implantar&#8221;.<\/p>\n\n\n\n<p class=\"wp-block-paragraph\">Per arrencar s&#8217;ha llan\u00e7at a tots els treballadors de l&#8217;Ajuntament de Bunyol un q\u00fcestionari totalment an\u00f2nim en el qual cada empleat contesta lliurement i lliurament abans de el 8 de maig. Aquest q\u00fcestionari ha estat confeccionat per una consultora experta, &#8220;a m\u00e9s tamb\u00e9 s&#8217;ha constitu\u00eft una comissi\u00f3 d&#8217;igualtat, formada per treballadors i treballadores de l&#8217;Consistori que s\u00e0piguen qu\u00e8 s&#8217;est\u00e0 fent i com s&#8217;est\u00e0 fent tot pel que fa a aquest pla&#8221;.<\/p>\n\n\n\n<p class=\"wp-block-paragraph\">Despr\u00e9s d&#8217;aquest primer q\u00fcestionari es passar\u00e0 una entrevista personal i an\u00f2nima per con\u00e8ixer una persona representativa de cada sector, ja i c\u00e0rrec, i aix\u00ed con\u00e8ixer la situaci\u00f3 real en mat\u00e8ria d&#8217;igualtat per con\u00e8ixer m\u00e9s de prop la igualtat efectiva i solucionar possibles errors. Aix\u00ed ho confirma l&#8217;edil d&#8217;l&#8217;\u00e0rea, Tania Carrascosa. Aquest pla \u00e9s compet\u00e8ncia de tota la plantilla de l&#8217;Ajuntament. Permet con\u00e8ixer la situaci\u00f3 de l&#8217;entitat en mat\u00e8ria d&#8217;igualtat de g\u00e8nere.<\/p>\n\n\n\n<p class=\"wp-block-paragraph\">L&#8217;edil Tania Carrascosa conclou: &#8220;L&#8217;objectiu \u00e9s que aquest pla d&#8217;Igualtat s&#8217;allargui a nivell municipal i pugui englobar tota la localitat amb el temps. D&#8217;aquesta manera Bunyol \u00e9s un poble que compleix amb la normativa estatal, que encara que no \u00e9s d&#8217;obligat compliment aquest municipi ja est\u00e0 intentant dur-la a terme en tots els llocs de treball i en tots els \u00e0mbits laborals &#8220;.<\/p>\n","protected":false},"excerpt":{"rendered":"<div class=\"mh-excerpt\">Tania Carrascosa, regidora d&#8217;Igualtat de l&#8217;Ajuntament de Bunyol, confirma que l&#8217;objectiu \u00e9s fer-ho extensible a tot el territori municipal Tania Carrascosa, regidora d&#8217;Igualtat bu\u00f1olense, ha confirmat que ja ha arrencat el Pla d&#8217;Igualtat intern de <a class=\"mh-excerpt-more\" href=\"https:\/\/tucomarca.whitekongsoftware.com\/ca\/lajuntament-de-bunyol-posa-en-marxa-una-primera-fase-del-pla-digualtat-per-a-tota-la-plantilla-de-treballadors\/\" title=\"L&#8217;Ajuntament de Bunyol posa en marxa una primera fase del Pla d&#8217;Igualtat per a tota la plantilla de treballadors\">[+] <\/a><\/div>\n","protected":false},"author":12,"featured_media":104478,"comment_status":"open","ping_status":"open","sticky":false,"template":"","format":"standard","meta":{"footnotes":""},"categories":[10911,10948,10894,10912,10947,10896,10897],"tags":[5335,2228,5952],"class_list":["post-105342","post","type-post","status-publish","format-standard","has-post-thumbnail","category-bunol-ca","category-infraestructuras-ca","category-la-comarca-ca","category-la-hoya-ca","category-politica","category-seccion-ca","category-sucesos-la-comarca-ca","tag-ayuntamiento-de-bunol","tag-igualdad","tag-la-hoya-de-bunol-chiva"],"_links":{"self":[{"href":"https:\/\/tucomarca.whitekongsoftware.com\/ca\/wp-json\/wp\/v2\/posts\/105342","targetHints":{"allow":["GET"]}}],"collection":[{"href":"https:\/\/tucomarca.whitekongsoftware.com\/ca\/wp-json\/wp\/v2\/posts"}],"about":[{"href":"https:\/\/tucomarca.whitekongsoftware.com\/ca\/wp-json\/wp\/v2\/types\/post"}],"author":[{"embeddable":true,"href":"https:\/\/tucomarca.whitekongsoftware.com\/ca\/wp-json\/wp\/v2\/users\/12"}],"replies":[{"embeddable":true,"href":"https:\/\/tucomarca.whitekongsoftware.com\/ca\/wp-json\/wp\/v2\/comments?post=105342"}],"version-history":[{"count":0,"href":"https:\/\/tucomarca.whitekongsoftware.com\/ca\/wp-json\/wp\/v2\/posts\/105342\/revisions"}],"wp:featuredmedia":[{"embeddable":true,"href":"https:\/\/tucomarca.whitekongsoftware.com\/ca\/wp-json\/wp\/v2\/media\/104478"}],"wp:attachment":[{"href":"https:\/\/tucomarca.whitekongsoftware.com\/ca\/wp-json\/wp\/v2\/media?parent=105342"}],"wp:term":[{"taxonomy":"category","embeddable":true,"href":"https:\/\/tucomarca.whitekongsoftware.com\/ca\/wp-json\/wp\/v2\/categories?post=105342"},{"taxonomy":"post_tag","embeddable":true,"href":"https:\/\/tucomarca.whitekongsoftware.com\/ca\/wp-json\/wp\/v2\/tags?post=105342"}],"curies":[{"name":"wp","href":"https:\/\/api.w.org\/{rel}","templated":true}]}}