{"id":105266,"date":"2020-05-02T18:50:01","date_gmt":"2020-05-02T16:50:01","guid":{"rendered":"http:\/\/www.tucomarca.com\/wordpress\/segunda\/?p=105266"},"modified":"2020-05-02T18:50:26","modified_gmt":"2020-05-02T16:50:26","slug":"els-municipis-de-la-foia-de-bunyol-xiva-rebran-51-milions-de-la-diputacio-per-a-millorar-les-seues-infraestructures-i-serveis","status":"publish","type":"post","link":"https:\/\/tucomarca.whitekongsoftware.com\/ca\/els-municipis-de-la-foia-de-bunyol-xiva-rebran-51-milions-de-la-diputacio-per-a-millorar-les-seues-infraestructures-i-serveis\/","title":{"rendered":"Els municipis de La Foia de Bunyol-Xiva rebran 5,1 milions de la Diputaci\u00f3 per a millorar les seues infraestructures i serveis"},"content":{"rendered":"\n<figure class=\"wp-block-image\"><img loading=\"lazy\" decoding=\"async\" width=\"1024\" height=\"921\" src=\"http:\/\/www.tucomarca.com\/wordpress\/segunda\/wp-content\/uploads\/2020\/05\/TablaHoyaInversDipu-1024x921.jpg\" alt=\"\" class=\"wp-image-105261\" srcset=\"https:\/\/tucomarca.whitekongsoftware.com\/wp-content\/uploads\/2020\/05\/TablaHoyaInversDipu-1024x921.jpg 1024w, https:\/\/tucomarca.whitekongsoftware.com\/wp-content\/uploads\/2020\/05\/TablaHoyaInversDipu-300x270.jpg 300w, https:\/\/tucomarca.whitekongsoftware.com\/wp-content\/uploads\/2020\/05\/TablaHoyaInversDipu-768x691.jpg 768w, https:\/\/tucomarca.whitekongsoftware.com\/wp-content\/uploads\/2020\/05\/TablaHoyaInversDipu.jpg 1575w\" sizes=\"auto, (max-width: 1024px) 100vw, 1024px\" \/><\/figure>\n\n\n\n<p class=\"wp-block-paragraph\"><strong>El Pla d&#8217;Inversions 2020-21, aprovat en el ple d&#8217;abril, contempla una aportaci\u00f3 de 5.131.801 euros per a la comarca<\/strong><\/p>\n\n\n\n<p class=\"wp-block-paragraph\"><strong>Els ajuntaments i les mancomunitats tindran dos anys per a executar els seus projectes, en un pla amb el major pressupost de la hist\u00f2ria que introdu\u00efx la sostenibilitat mediambiental&nbsp;<\/strong><\/p>\n\n\n\n<p class=\"wp-block-paragraph\"><strong>\u201cEste pla pal\u00b7liar\u00e0 moltes de les febleses hist\u00f2riques dels nostres municipis i afig nous valors com la igualtat i la just\u00edcia social\u201d, assegura el vicepresident Carlos Fern\u00e1ndez Bielsa<\/strong><\/p>\n\n\n\n<p class=\"wp-block-paragraph\">Els municipis de La Hoya de Bu\u00f1ol-Chiva rebran m\u00e9s de 5 milions d&#8217;euros de la Diputaci\u00f3 de Val\u00e8ncia per a millorar les seues infraestructures i serveis. El Pla d&#8217;Inversions 2020-21 de la corporaci\u00f3 provincial, aprovat en el ple d&#8217;abril, contempla una dotaci\u00f3 global de 5.131.801 euros per a la comarca.<\/p>\n\n\n\n<p class=\"wp-block-paragraph\">Estes quantitats oscil\u00b7len entre els 888.000 euros de Chiva i els 373.000 euros d&#8217;Alborache. Al mateix temps, la mancomunitat La Hoya de Bu\u00f1ol-Chiva t\u00e9 assignats una mica m\u00e9s de 135.000 euros en el nou Pla d&#8217;Inversions provincial.<\/p>\n\n\n\n<p class=\"wp-block-paragraph\">El repartiment \u00e9s el resultat d&#8217;una nova f\u00f3rmula que ha tingut en compte els plantejaments d&#8217;anteriors plans com el PPOS i el SOM, integrant criteris nous que busquen refor\u00e7ar valors com la just\u00edcia social, la igualtat i els objectius de desenvolupament sostenible inclosos en l&#8217;Agenda 2030 d&#8217;Europa. D&#8217;esta forma, als par\u00e0metres de poblaci\u00f3, superf\u00edcie, valor marginal, desocupaci\u00f3 i cost efectiu per la prestaci\u00f3 de serveis s&#8217;afigen uns altres com el desenvolupament de plans urbans estrat\u00e8gics, formar part del Pacte d&#8217;Alcaldies pel Clima i l&#8217;Energia, comptar amb litoral mar\u00edtim, l&#8217;esfor\u00e7 fiscal i els plans d&#8217;Igualtat i Mobilitat Urbana.<\/p>\n\n\n\n<p class=\"wp-block-paragraph\">En paraules del vicepresident i diputat de Cooperaci\u00f3 Municipal i Cohesi\u00f3 Territorial, Carlos Fern\u00e1ndez Bielsa, &#8220;este \u00e9s un pla modern que unifica els programes d&#8217;inversi\u00f3 als nostres pobles, des de la igualtat d&#8217;oportunitats i amb noves iniciatives per a millorar la societat des de la pol\u00edtica&#8221;. Per exemple, l&#8217;aposta decidida per &#8220;fomentar models de creixement sostenible i entorns saludables, que es tradu\u00efx a destinar un 10% del pla, 14 milions d&#8217;euros, a incentivar projectes de sanejament, energia neta, innovaci\u00f3 o ciutats intel\u00b7ligents que generen recursos per a avan\u00e7ar cap a un futur millor&#8221;.<\/p>\n\n\n\n<p class=\"wp-block-paragraph\"><strong>Reactivar l&#8217;economia local<\/strong><\/p>\n\n\n\n<p class=\"wp-block-paragraph\">El responsable de Cooperaci\u00f3 destaca que el nou Pla d&#8217;Inversions \u00e9s &#8220;fruit de l&#8217;esfor\u00e7 i el di\u00e0leg entre totes les \u00e0rees del govern de la Diputaci\u00f3, recollint la sensibilitat d&#8217;alcaldes i alcaldesses amb l&#8217;objectiu de pal\u00b7liar els obstacles i les febleses hist\u00f2riques dels municipis de la prov\u00edncia, especialment dels m\u00e9s xicotets&#8221;.<\/p>\n\n\n\n<p class=\"wp-block-paragraph\">En la l\u00ednia de la gesti\u00f3 marcada pel president Toni Gaspar, que pret\u00e9n dotar de major liquiditat i autonomia als ens locals treballant conjuntament amb la Generalitat i els ajuntaments, este Pla d&#8217;Inversions basat en l&#8217;objectivitat i l&#8217;equitat comptar\u00e0 amb el major pressupost de la hist\u00f2ria i, com explica el vicepresident Bielsa, responsable de Coordinaci\u00f3 Institucional i Cohesi\u00f3 Territorial, &#8220;permetr\u00e0 que tinguem municipis millor finan\u00e7ats per a afrontar reptes en mat\u00e8ria cultural, benestar, educaci\u00f3, patrimoni i desenvolupament econ\u00f2mic en general&#8221;.<\/p>\n\n\n\n<p class=\"wp-block-paragraph\">L&#8217;equip de govern provincial ha centrat els seus esfor\u00e7os durant l&#8217;estat d&#8217;alarma a garantir, d&#8217;una banda, la liquiditat dels municipis per a fer front a la crisi de la COVID-19, i per una altra, en la preparaci\u00f3 de l&#8217;escenari posterior a l\u2019estat d&#8217;alarma per a reprendre immediatament l&#8217;activitat, cas de la posada en marxa dels projectes d&#8217;este Pla d&#8217;Inversions que servir\u00e0 per a &#8220;reactivar l&#8217;economia dels municipis valencians&#8221;.<\/p>\n","protected":false},"excerpt":{"rendered":"<div class=\"mh-excerpt\">El Pla d&#8217;Inversions 2020-21, aprovat en el ple d&#8217;abril, contempla una aportaci\u00f3 de 5.131.801 euros per a la comarca Els ajuntaments i les mancomunitats tindran dos anys per a executar els seus projectes, en un <a class=\"mh-excerpt-more\" href=\"https:\/\/tucomarca.whitekongsoftware.com\/ca\/els-municipis-de-la-foia-de-bunyol-xiva-rebran-51-milions-de-la-diputacio-per-a-millorar-les-seues-infraestructures-i-serveis\/\" title=\"Els municipis de La Foia de Bunyol-Xiva rebran 5,1 milions de la Diputaci\u00f3 per a millorar les seues infraestructures i serveis\">[+] <\/a><\/div>\n","protected":false},"author":12,"featured_media":105265,"comment_status":"open","ping_status":"open","sticky":false,"template":"","format":"standard","meta":{"footnotes":""},"categories":[10973,10911,11010,10976,10898,10977,10980,10948,10894,10912,10978,10947,10896,10979,10897,10974,10975],"tags":[11939,11940,11246,10914,12031],"class_list":["post-105266","post","type-post","status-publish","format-standard","has-post-thumbnail","category-alborache-ca","category-bunol-ca","category-canal-salud","category-dos-aguas-ca","category-ventana-ca","category-godelleta-ca","category-yatova-ca","category-infraestructuras-ca","category-la-comarca-ca","category-la-hoya-ca","category-macastre-ca","category-politica","category-seccion-ca","category-siete-aguas-ca","category-sucesos-la-comarca-ca","category-cheste-ca","category-chiva-ca","tag-coronavirus-ca","tag-covid-19-ca","tag-diputacio-de-valencia-ca","tag-la-hoya-de-bunol-chiva-ca","tag-plan-de-inversiones-ca"],"_links":{"self":[{"href":"https:\/\/tucomarca.whitekongsoftware.com\/ca\/wp-json\/wp\/v2\/posts\/105266","targetHints":{"allow":["GET"]}}],"collection":[{"href":"https:\/\/tucomarca.whitekongsoftware.com\/ca\/wp-json\/wp\/v2\/posts"}],"about":[{"href":"https:\/\/tucomarca.whitekongsoftware.com\/ca\/wp-json\/wp\/v2\/types\/post"}],"author":[{"embeddable":true,"href":"https:\/\/tucomarca.whitekongsoftware.com\/ca\/wp-json\/wp\/v2\/users\/12"}],"replies":[{"embeddable":true,"href":"https:\/\/tucomarca.whitekongsoftware.com\/ca\/wp-json\/wp\/v2\/comments?post=105266"}],"version-history":[{"count":0,"href":"https:\/\/tucomarca.whitekongsoftware.com\/ca\/wp-json\/wp\/v2\/posts\/105266\/revisions"}],"wp:featuredmedia":[{"embeddable":true,"href":"https:\/\/tucomarca.whitekongsoftware.com\/ca\/wp-json\/wp\/v2\/media\/105265"}],"wp:attachment":[{"href":"https:\/\/tucomarca.whitekongsoftware.com\/ca\/wp-json\/wp\/v2\/media?parent=105266"}],"wp:term":[{"taxonomy":"category","embeddable":true,"href":"https:\/\/tucomarca.whitekongsoftware.com\/ca\/wp-json\/wp\/v2\/categories?post=105266"},{"taxonomy":"post_tag","embeddable":true,"href":"https:\/\/tucomarca.whitekongsoftware.com\/ca\/wp-json\/wp\/v2\/tags?post=105266"}],"curies":[{"name":"wp","href":"https:\/\/api.w.org\/{rel}","templated":true}]}}