{"id":105243,"date":"2020-05-02T13:08:07","date_gmt":"2020-05-02T11:08:07","guid":{"rendered":"http:\/\/www.tucomarca.com\/wordpress\/segunda\/?p=105243"},"modified":"2020-05-02T13:08:09","modified_gmt":"2020-05-02T11:08:09","slug":"la-regidoria-desports-de-lajuntament-de-bunyol-recorda-les-recomanacions-establertes-per-a-la-practica-de-lesport","status":"publish","type":"post","link":"https:\/\/tucomarca.whitekongsoftware.com\/ca\/la-regidoria-desports-de-lajuntament-de-bunyol-recorda-les-recomanacions-establertes-per-a-la-practica-de-lesport\/","title":{"rendered":"La regidoria d&#8217;Esports de l&#8217;Ajuntament de Bunyol recorda les recomanacions establertes per a la pr\u00e0ctica de l&#8217;esport"},"content":{"rendered":"\n<p class=\"wp-block-paragraph\">La regidoria d&#8217;Esports de l&#8217;Ajuntament Bunyol ha volgut recordar les normes sobre la pr\u00e0ctica esportiva establertes per a la fase 0 en mat\u00e8ria esportiva, pr\u00e8via a l&#8217;inici del desconfinament:Activitat individual sense contacte.- <\/p>\n\n\n\n<p class=\"wp-block-paragraph\"><strong>Pr\u00e0ctica de qualsevol esport.<\/strong><\/p>\n\n\n\n<p class=\"wp-block-paragraph\">&#8211; Sense sortir de l&#8217;municipi.<\/p>\n\n\n\n<p class=\"wp-block-paragraph\">&#8211; Una sola vegada a el dia sense l\u00edmit de temps.<\/p>\n\n\n\n<p class=\"wp-block-paragraph\">&#8211; Horari per a la pr\u00e0ctica esportiva individual de 6 a 10 i de 20 a 23 hores.<\/p>\n\n\n\n<p class=\"wp-block-paragraph\">&#8211; No est\u00e0 perm\u00e8s utilitzar el vehicle motoritzat per anar a realitzar pr\u00e0ctica esportiva.<\/p>\n\n\n\n<p class=\"wp-block-paragraph\"><strong>Evita sobreesfor\u00e7os i lesions:<\/strong><\/p>\n\n\n\n<p class=\"wp-block-paragraph\">&#8211; La tornada a l&#8217;exercici ha de ser progressiva per a tots i adaptada a l&#8217;edat, condici\u00f3 f\u00edsica i estat de salut. No oblides escalfar abans de la teua exercici.<\/p>\n\n\n\n<p class=\"wp-block-paragraph\">&#8211; Un sistema immunitari fort \u00e9s una barrera contra el virus. No et passes a la teua pr\u00e0ctica esportiva per no debilitar.<\/p>\n\n\n\n<p class=\"wp-block-paragraph\"><strong>Recomanacions a tenir en compte per no contagiar:<\/strong><\/p>\n\n\n\n<p class=\"wp-block-paragraph\"> &#8211; Si ixes a c\u00f3rrer o en bici intenta deixar una dist\u00e0ncia de 10 o 20 metres amb corredors i ciclistes que et precedeixen, i si vas a avan\u00e7ar deixa una dist\u00e0ncia m\u00ednima de 4 metros.<\/p>\n\n\n\n<p class=\"wp-block-paragraph\">&#8211; Si no vas a sobrepassar a l&#8217;corredor que portes davant intenta anar en diagonal a la seua esquena.<\/p>\n\n\n\n<p class=\"wp-block-paragraph\">&#8211; Porta la teva pr\u00f2pia aigua. No utilitzis fonts p\u00fabliques.- No utilitzis elements esportius p\u00fablics, ni mobiliari urbano.- No facis exercicis que suposin estar estirat a S\u00f2l.<\/p>\n\n\n\n<p class=\"wp-block-paragraph\">&#8211; En dies de vent extremar les precauciones.- Deixa la roba en una bossa abans d&#8217;entrar a la resta de la casa i no facis exercicis amb la roba esportiva a casa.<\/p>\n\n\n\n<p class=\"wp-block-paragraph\">&#8211; Renta&#8217;t les mans i dutxa&#8217;t abans de seguir amb la teva rutina a casa.<\/p>\n","protected":false},"excerpt":{"rendered":"<div class=\"mh-excerpt\">La regidoria d&#8217;Esports de l&#8217;Ajuntament Bunyol ha volgut recordar les normes sobre la pr\u00e0ctica esportiva establertes per a la fase 0 en mat\u00e8ria esportiva, pr\u00e8via a l&#8217;inici del desconfinament:Activitat individual sense contacte.- Pr\u00e0ctica de qualsevol <a class=\"mh-excerpt-more\" href=\"https:\/\/tucomarca.whitekongsoftware.com\/ca\/la-regidoria-desports-de-lajuntament-de-bunyol-recorda-les-recomanacions-establertes-per-a-la-practica-de-lesport\/\" title=\"La regidoria d&#8217;Esports de l&#8217;Ajuntament de Bunyol recorda les recomanacions establertes per a la pr\u00e0ctica de l&#8217;esport\">[+] <\/a><\/div>\n","protected":false},"author":1,"featured_media":105244,"comment_status":"open","ping_status":"open","sticky":false,"template":"","format":"standard","meta":{"footnotes":""},"categories":[11018,10911,11010,11013,11003,10948,10894,10912,10903,11009,10947,10896,10897],"tags":[11939,11937,11938,11940,10379,11074,11547,2802,10914,5952],"class_list":["post-105243","post","type-post","status-publish","format-standard","has-post-thumbnail","category-atletisme","category-bunol-ca","category-canal-salud","category-ciclismo-ca","category-sports","category-infraestructuras-ca","category-la-comarca-ca","category-la-hoya-ca","category-medio-ambiente-la-comarca-ca","category-polideportivo-ca","category-politica","category-seccion-ca","category-sucesos-la-comarca-ca","tag-coronavirus-ca","tag-coronavirus","tag-covid-19","tag-covid-19-ca","tag-deportes","tag-deportes-ca","tag-esport-ca","tag-esport","tag-la-hoya-de-bunol-chiva-ca","tag-la-hoya-de-bunol-chiva"],"_links":{"self":[{"href":"https:\/\/tucomarca.whitekongsoftware.com\/ca\/wp-json\/wp\/v2\/posts\/105243","targetHints":{"allow":["GET"]}}],"collection":[{"href":"https:\/\/tucomarca.whitekongsoftware.com\/ca\/wp-json\/wp\/v2\/posts"}],"about":[{"href":"https:\/\/tucomarca.whitekongsoftware.com\/ca\/wp-json\/wp\/v2\/types\/post"}],"author":[{"embeddable":true,"href":"https:\/\/tucomarca.whitekongsoftware.com\/ca\/wp-json\/wp\/v2\/users\/1"}],"replies":[{"embeddable":true,"href":"https:\/\/tucomarca.whitekongsoftware.com\/ca\/wp-json\/wp\/v2\/comments?post=105243"}],"version-history":[{"count":0,"href":"https:\/\/tucomarca.whitekongsoftware.com\/ca\/wp-json\/wp\/v2\/posts\/105243\/revisions"}],"wp:featuredmedia":[{"embeddable":true,"href":"https:\/\/tucomarca.whitekongsoftware.com\/ca\/wp-json\/wp\/v2\/media\/105244"}],"wp:attachment":[{"href":"https:\/\/tucomarca.whitekongsoftware.com\/ca\/wp-json\/wp\/v2\/media?parent=105243"}],"wp:term":[{"taxonomy":"category","embeddable":true,"href":"https:\/\/tucomarca.whitekongsoftware.com\/ca\/wp-json\/wp\/v2\/categories?post=105243"},{"taxonomy":"post_tag","embeddable":true,"href":"https:\/\/tucomarca.whitekongsoftware.com\/ca\/wp-json\/wp\/v2\/tags?post=105243"}],"curies":[{"name":"wp","href":"https:\/\/api.w.org\/{rel}","templated":true}]}}