{"id":105228,"date":"2020-05-02T12:25:43","date_gmt":"2020-05-02T10:25:43","guid":{"rendered":"http:\/\/www.tucomarca.com\/wordpress\/segunda\/?p=105228"},"modified":"2020-05-02T12:25:45","modified_gmt":"2020-05-02T10:25:45","slug":"lajuntament-de-leliana-reobre-el-cementeri-municipal-el-dissabte-2-de-maig-entre-les-800-i-les-1400-hores","status":"publish","type":"post","link":"https:\/\/tucomarca.whitekongsoftware.com\/ca\/lajuntament-de-leliana-reobre-el-cementeri-municipal-el-dissabte-2-de-maig-entre-les-800-i-les-1400-hores\/","title":{"rendered":"L&#8217;Ajuntament de l&#8217;Eliana reobre el cementeri municipal el dissabte 2 de maig, entre les 8,00 i les 14,00 hores"},"content":{"rendered":"\n<p class=\"wp-block-paragraph\"><strong>El Consistori reobrir\u00e0, en primer lloc, el Cementeri Municipal i, la setmana pr\u00f2xima, el dissabte 9 de maig, el Cementeri Parroquial. Tots dos ho faran en horari especial, entre les 8.00 i les 14.00 hores<\/strong><\/p>\n\n\n\n<p class=\"wp-block-paragraph\">Els cementeris de l&#8217;Eliana obriran en horari especial durant les fases de desescalada. L&#8217;edil responsable, Marta Andr\u00e9s, assegura que \u201c<em>amb aquest horari es garanteix que totes les franges d&#8217;edat tinguen assegurada la seua possible assist\u00e8ncia, en esta primera fase, i conforme evolucione la desescalada estudiarem nous horaris\u201d<\/em>.<\/p>\n\n\n\n<p class=\"wp-block-paragraph\">Per part seua, l&#8217;alcalde de l&#8217;Eliana, Salva Torrent, ha volgut tindre un record cap a totes les persones que no han pogut visitar als seus sers estimats durant este temps \u201c<em>s\u00e9 que moltes persones ho han passat malament, per\u00f2 la seguretat i la salut han de prevaler per sobre de tot, a poc a poc, anirem recuperant la normalitat si complim amb les normes de distanciament, per la qual cosa faig una crida a totes les persones perqu\u00e8 en els espais p\u00fablics mantinguen la seguretat, la dist\u00e0ncia i les normes de protecci\u00f3<\/em>\u201d.<\/p>\n\n\n\n<p class=\"wp-block-paragraph\">Horari del cementiri municipal:<\/p>\n\n\n\n<ul class=\"wp-block-list\"><li>De Dilluns a Domingo: entre les 8.00 i les 14.00 hores (a partir del dissabte 2 de maig).<\/li><\/ul>\n\n\n\n<p class=\"wp-block-paragraph\">Horari del cementiri parroquial:<\/p>\n\n\n\n<ul class=\"wp-block-list\"><li>Dissabtes i Diumenges: entre les 8.00 i les 14.00 hores (a partir del dissabte 9 de maig).<em>&nbsp;<\/em><\/li><\/ul>\n","protected":false},"excerpt":{"rendered":"<div class=\"mh-excerpt\">El Consistori reobrir\u00e0, en primer lloc, el Cementeri Municipal i, la setmana pr\u00f2xima, el dissabte 9 de maig, el Cementeri Parroquial. Tots dos ho faran en horari especial, entre les 8.00 i les 14.00 hores <a class=\"mh-excerpt-more\" href=\"https:\/\/tucomarca.whitekongsoftware.com\/ca\/lajuntament-de-leliana-reobre-el-cementeri-municipal-el-dissabte-2-de-maig-entre-les-800-i-les-1400-hores\/\" title=\"L&#8217;Ajuntament de l&#8217;Eliana reobre el cementeri municipal el dissabte 2 de maig, entre les 8,00 i les 14,00 hores\">[+] <\/a><\/div>\n","protected":false},"author":12,"featured_media":105227,"comment_status":"open","ping_status":"open","sticky":false,"template":"","format":"standard","meta":{"footnotes":""},"categories":[10892,11010,10948,10894,10893,10896],"tags":[10535,10395,11937,11938],"class_list":["post-105228","post","type-post","status-publish","format-standard","has-post-thumbnail","category-camp-de-turia-ca","category-canal-salud","category-infraestructuras-ca","category-la-comarca-ca","category-leliana-ca","category-seccion-ca","tag-ajuntament-de-leliana","tag-camp-de-turia","tag-coronavirus","tag-covid-19"],"_links":{"self":[{"href":"https:\/\/tucomarca.whitekongsoftware.com\/ca\/wp-json\/wp\/v2\/posts\/105228","targetHints":{"allow":["GET"]}}],"collection":[{"href":"https:\/\/tucomarca.whitekongsoftware.com\/ca\/wp-json\/wp\/v2\/posts"}],"about":[{"href":"https:\/\/tucomarca.whitekongsoftware.com\/ca\/wp-json\/wp\/v2\/types\/post"}],"author":[{"embeddable":true,"href":"https:\/\/tucomarca.whitekongsoftware.com\/ca\/wp-json\/wp\/v2\/users\/12"}],"replies":[{"embeddable":true,"href":"https:\/\/tucomarca.whitekongsoftware.com\/ca\/wp-json\/wp\/v2\/comments?post=105228"}],"version-history":[{"count":0,"href":"https:\/\/tucomarca.whitekongsoftware.com\/ca\/wp-json\/wp\/v2\/posts\/105228\/revisions"}],"wp:featuredmedia":[{"embeddable":true,"href":"https:\/\/tucomarca.whitekongsoftware.com\/ca\/wp-json\/wp\/v2\/media\/105227"}],"wp:attachment":[{"href":"https:\/\/tucomarca.whitekongsoftware.com\/ca\/wp-json\/wp\/v2\/media?parent=105228"}],"wp:term":[{"taxonomy":"category","embeddable":true,"href":"https:\/\/tucomarca.whitekongsoftware.com\/ca\/wp-json\/wp\/v2\/categories?post=105228"},{"taxonomy":"post_tag","embeddable":true,"href":"https:\/\/tucomarca.whitekongsoftware.com\/ca\/wp-json\/wp\/v2\/tags?post=105228"}],"curies":[{"name":"wp","href":"https:\/\/api.w.org\/{rel}","templated":true}]}}