{"id":105211,"date":"2020-05-01T14:07:48","date_gmt":"2020-05-01T12:07:48","guid":{"rendered":"http:\/\/www.tucomarca.com\/wordpress\/segunda\/?p=105211"},"modified":"2020-05-01T22:10:15","modified_gmt":"2020-05-01T20:10:15","slug":"alcaldes-i-alcaldesses-de-la-ribera-alta-coordinen-amb-el-president-de-la-diputacio-la-gestio-davant-la-crisi-del-covid-19","status":"publish","type":"post","link":"https:\/\/tucomarca.whitekongsoftware.com\/ca\/alcaldes-i-alcaldesses-de-la-ribera-alta-coordinen-amb-el-president-de-la-diputacio-la-gestio-davant-la-crisi-del-covid-19\/","title":{"rendered":"Alcaldes i alcaldesses de La Ribera Alta coordinen amb el president de la Diputaci\u00f3 la gesti\u00f3 davant la crisi del coronavirus"},"content":{"rendered":"\n<p class=\"wp-block-paragraph\">Els alcaldes i alcaldesses de La Ribera Alta han mantingut este dijous una reuni\u00f3 telem\u00e0tica amb el president de la Diputaci\u00f3, Toni Gaspar, en la qual han pogut tractar de manera conjunta les diferents ajudes que els municipis estan rebent de l&#8217;ens provincial des de l&#8217;inici de l&#8217;estat d&#8217;alarma. D&#8217;esta manera, els ajuntaments continuen coordinant al costat del m\u00e0xim responsable provincial la gesti\u00f3 davant la crisi causada per la COVID-19.<\/p>\n\n\n\n<p class=\"wp-block-paragraph\">El president Gaspar ha aprofitat per a explicar als representants municipals les diferents mesures aprovades pel ple de la Diputaci\u00f3 celebrat este dimarts, entre les quals s&#8217;inclouen les ajudes extraordin\u00e0ries del Fons de Cooperaci\u00f3 Municipal i el nou Pla d&#8217;Inversions 2020-21.<\/p>\n\n\n\n<p class=\"wp-block-paragraph\">Amb l&#8217;aprovaci\u00f3 d&#8217;estes dos importants iniciatives, que sumen en global 180 milions d&#8217;euros, es pret\u00e9n ajudar als ajuntaments de manera r\u00e0pida, amb la finalitat que puguen fer front a les conseq\u00fc\u00e8ncies de la pand\u00e8mia i incentivar la reactivaci\u00f3 econ\u00f2mica en els diferents municipis.<\/p>\n\n\n\n<p class=\"wp-block-paragraph\">Per part seua, els alcaldes i alcaldesses de la Ribera Alta han exposat al president Gaspar els diversos dubtes que alberguen sobre q\u00fcestions d&#8217;infraestructura, serveis, impostos o ocupaci\u00f3, amb la finalitat de coordinar de manera m\u00e9s efectiva les diferents l\u00ednies de treball que es duen a terme des dels consistoris.<\/p>\n\n\n\n<p class=\"wp-block-paragraph\">Els participants en la trobada han agra\u00eft al president de la Diputaci\u00f3 la convocat\u00f2ria de la reuni\u00f3, aix\u00ed com les actuacions que s&#8217;han anat realitzant des de l&#8217;inici de l&#8217;estat d&#8217;alarma, entre les quals destaca tant l&#8217;enviament de material de protecci\u00f3 com la celeritat perqu\u00e8 els municipis pogueren disposar de recursos econ\u00f2mics per a fer front a la crisi.<\/p>\n\n\n\n<p class=\"wp-block-paragraph\">Els responsables locals tamb\u00e9 han recalcat la import\u00e0ncia que t\u00e9 treballar de manera conjunta i coordinada per a compartir inquietuds, dubtes i solucions a la situaci\u00f3 sobrevinguda amb la crisi del coronavirus.<\/p>\n","protected":false},"excerpt":{"rendered":"<div class=\"mh-excerpt\">Els alcaldes i alcaldesses de La Ribera Alta han mantingut este dijous una reuni\u00f3 telem\u00e0tica amb el president de la Diputaci\u00f3, Toni Gaspar, en la qual han pogut tractar de manera conjunta les diferents ajudes <a class=\"mh-excerpt-more\" href=\"https:\/\/tucomarca.whitekongsoftware.com\/ca\/alcaldes-i-alcaldesses-de-la-ribera-alta-coordinen-amb-el-president-de-la-diputacio-la-gestio-davant-la-crisi-del-covid-19\/\" title=\"Alcaldes i alcaldesses de La Ribera Alta coordinen amb el president de la Diputaci\u00f3 la gesti\u00f3 davant la crisi del coronavirus\">[+] <\/a><\/div>\n","protected":false},"author":1,"featured_media":105209,"comment_status":"open","ping_status":"open","sticky":false,"template":"","format":"standard","meta":{"footnotes":""},"categories":[10905,10981,10982,10983,10889,10984,10985,10986,10987,10988,10989,11010,11053,10990,10991,10992,10898,10993,10994,10948,10995,10996,10894,10904,10942,10902,10997,10998,10999,10903,11000,11001,10947,11002,11051,10896,11050,10897,11049,11048,11047,11052],"tags":[11937,11938,11951,3640],"class_list":["post-105211","post","type-post","status-publish","format-standard","has-post-thumbnail","category-agricultura-la-comarca-ca","category-alcantera-de-xuquer-ca","category-alfarp-ca","category-algemesi-ca","category-alzira-cat","category-antella-ca","category-beneixida-ca","category-benicull-ca","category-benifaio-ca","category-benimodo-ca","category-benimuslem-ca","category-canal-salud","category-carcer-ca","category-carlet-ca","category-catadau-ca","category-cotes-ca","category-ventana-ca","category-gavarda-ca","category-guadassuar-ca","category-infraestructuras-ca","category-lalcudia-ca","category-lenova-ca","category-la-comarca-ca","category-sin-categorizar-ca","category-la-pobla-llarga-ca","category-la-ribera-ca","category-llombai-ca","category-manuel-ca","category-masalaves-ca","category-medio-ambiente-la-comarca-ca","category-monserrat-ca","category-montroi-ca","category-politica","category-rafelguaraf-ca","category-real-de-montroi-ca","category-seccion-ca","category-sellent-ca","category-sucesos-la-comarca-ca","category-sumacarcer-ca","category-tous-ca","category-turis-ca","category-villanueva-de-castellon-ca","tag-coronavirus","tag-covid-19","tag-covid2019","tag-la-ribera-alta"],"_links":{"self":[{"href":"https:\/\/tucomarca.whitekongsoftware.com\/ca\/wp-json\/wp\/v2\/posts\/105211","targetHints":{"allow":["GET"]}}],"collection":[{"href":"https:\/\/tucomarca.whitekongsoftware.com\/ca\/wp-json\/wp\/v2\/posts"}],"about":[{"href":"https:\/\/tucomarca.whitekongsoftware.com\/ca\/wp-json\/wp\/v2\/types\/post"}],"author":[{"embeddable":true,"href":"https:\/\/tucomarca.whitekongsoftware.com\/ca\/wp-json\/wp\/v2\/users\/1"}],"replies":[{"embeddable":true,"href":"https:\/\/tucomarca.whitekongsoftware.com\/ca\/wp-json\/wp\/v2\/comments?post=105211"}],"version-history":[{"count":0,"href":"https:\/\/tucomarca.whitekongsoftware.com\/ca\/wp-json\/wp\/v2\/posts\/105211\/revisions"}],"wp:featuredmedia":[{"embeddable":true,"href":"https:\/\/tucomarca.whitekongsoftware.com\/ca\/wp-json\/wp\/v2\/media\/105209"}],"wp:attachment":[{"href":"https:\/\/tucomarca.whitekongsoftware.com\/ca\/wp-json\/wp\/v2\/media?parent=105211"}],"wp:term":[{"taxonomy":"category","embeddable":true,"href":"https:\/\/tucomarca.whitekongsoftware.com\/ca\/wp-json\/wp\/v2\/categories?post=105211"},{"taxonomy":"post_tag","embeddable":true,"href":"https:\/\/tucomarca.whitekongsoftware.com\/ca\/wp-json\/wp\/v2\/tags?post=105211"}],"curies":[{"name":"wp","href":"https:\/\/api.w.org\/{rel}","templated":true}]}}