{"id":105176,"date":"2020-05-02T12:34:23","date_gmt":"2020-05-02T10:34:23","guid":{"rendered":"http:\/\/www.tucomarca.com\/wordpress\/segunda\/?p=105176"},"modified":"2020-05-02T18:38:46","modified_gmt":"2020-05-02T16:38:46","slug":"el-pp-demana-que-samplie-lespai-de-terrasses-dhostaleria-a-leliana","status":"publish","type":"post","link":"https:\/\/tucomarca.whitekongsoftware.com\/ca\/el-pp-demana-que-samplie-lespai-de-terrasses-dhostaleria-a-leliana\/","title":{"rendered":"El PP demana que s&#8217;amplie l&#8217;espai de terrasses d&#8217;hostaleria a l&#8217;Eliana"},"content":{"rendered":"\n<p class=\"wp-block-paragraph\"><strong>El Grup Popular a l&#8217;Ajuntament de l&#8217;Eliana ha presentat la proposta d&#8217;ampliaci\u00f3 de l&#8217;espai destinat per a terrasses en els establiments hostalers del municipi.<\/strong><\/p>\n\n\n\n<p class=\"wp-block-paragraph\">Despr\u00e9s de les diferents fases de desescalada presentades pel president socialista Pedro S\u00e1nchez, els populars defensen, &#8220;despr\u00e9s d&#8217;escoltar diversos membres del col\u00b7lectiu de restauradors de l&#8217;Eliana, que es tracta d&#8217;una idea amb la qual es pret\u00e9n ajudar a pal\u00b7liar les greus conseq\u00fc\u00e8ncies econ\u00f2miques que estan patint molts empresaris i aut\u00f2noms de la localitat&#8221;. Asseguren els populars que \u00e9s &#8220;impossible funcionar en un restaurant \u00fanicament amb el 30% de la terrassa sin\u00f3 ampliar els metres&#8221;.<\/p>\n\n\n\n<p class=\"wp-block-paragraph\">&#8220;Sabem que el sector hostaler en el nostre poble \u00e9s un dels motors tant econ\u00f2mic com social. Per aix\u00f2, hem de tractar d&#8217;afavorir l&#8217;impuls de totes aquelles mesures que siguin necess\u00e0ries perqu\u00e8, a el menys, es pugui salvar una petita part de l&#8217;any&#8221;, ha manifestat la portaveu de Grup Popular, Mar\u00eda Jos\u00e9 Marco.<\/p>\n\n\n\n<p class=\"wp-block-paragraph\">Des de les files populars. I han anunciat que si &#8220;no es pren en consideraci\u00f3 aquesta mesura d&#8217;ajuda a el petit comer\u00e7 local la elevarem a Ple de maig per a la seva aprovaci\u00f3&#8221;.<\/p>\n","protected":false},"excerpt":{"rendered":"<div class=\"mh-excerpt\">El Grup Popular a l&#8217;Ajuntament de l&#8217;Eliana ha presentat la proposta d&#8217;ampliaci\u00f3 de l&#8217;espai destinat per a terrasses en els establiments hostalers del municipi. Despr\u00e9s de les diferents fases de desescalada presentades pel president socialista <a class=\"mh-excerpt-more\" href=\"https:\/\/tucomarca.whitekongsoftware.com\/ca\/el-pp-demana-que-samplie-lespai-de-terrasses-dhostaleria-a-leliana\/\" title=\"El PP demana que s&#8217;amplie l&#8217;espai de terrasses d&#8217;hostaleria a l&#8217;Eliana\">[+] <\/a><\/div>\n","protected":false},"author":1,"featured_media":105173,"comment_status":"open","ping_status":"open","sticky":false,"template":"","format":"standard","meta":{"footnotes":""},"categories":[10892,11010,10948,10894,10893,10947,10896,10897],"tags":[10899,11939,11940,11172],"class_list":["post-105176","post","type-post","status-publish","format-standard","has-post-thumbnail","category-camp-de-turia-ca","category-canal-salud","category-infraestructuras-ca","category-la-comarca-ca","category-leliana-ca","category-politica","category-seccion-ca","category-sucesos-la-comarca-ca","tag-camp-de-turia-ca","tag-coronavirus-ca","tag-covid-19-ca","tag-leliana-ca-2"],"_links":{"self":[{"href":"https:\/\/tucomarca.whitekongsoftware.com\/ca\/wp-json\/wp\/v2\/posts\/105176","targetHints":{"allow":["GET"]}}],"collection":[{"href":"https:\/\/tucomarca.whitekongsoftware.com\/ca\/wp-json\/wp\/v2\/posts"}],"about":[{"href":"https:\/\/tucomarca.whitekongsoftware.com\/ca\/wp-json\/wp\/v2\/types\/post"}],"author":[{"embeddable":true,"href":"https:\/\/tucomarca.whitekongsoftware.com\/ca\/wp-json\/wp\/v2\/users\/1"}],"replies":[{"embeddable":true,"href":"https:\/\/tucomarca.whitekongsoftware.com\/ca\/wp-json\/wp\/v2\/comments?post=105176"}],"version-history":[{"count":0,"href":"https:\/\/tucomarca.whitekongsoftware.com\/ca\/wp-json\/wp\/v2\/posts\/105176\/revisions"}],"wp:featuredmedia":[{"embeddable":true,"href":"https:\/\/tucomarca.whitekongsoftware.com\/ca\/wp-json\/wp\/v2\/media\/105173"}],"wp:attachment":[{"href":"https:\/\/tucomarca.whitekongsoftware.com\/ca\/wp-json\/wp\/v2\/media?parent=105176"}],"wp:term":[{"taxonomy":"category","embeddable":true,"href":"https:\/\/tucomarca.whitekongsoftware.com\/ca\/wp-json\/wp\/v2\/categories?post=105176"},{"taxonomy":"post_tag","embeddable":true,"href":"https:\/\/tucomarca.whitekongsoftware.com\/ca\/wp-json\/wp\/v2\/tags?post=105176"}],"curies":[{"name":"wp","href":"https:\/\/api.w.org\/{rel}","templated":true}]}}