{"id":105133,"date":"2020-05-01T00:20:09","date_gmt":"2020-04-30T22:20:09","guid":{"rendered":"http:\/\/www.tucomarca.com\/wordpress\/segunda\/?p=105133"},"modified":"2020-05-01T00:20:11","modified_gmt":"2020-04-30T22:20:11","slug":"la-regidoria-desports-espera-poder-organitzar-alternatives-doci-i-esport-en-les-festes-de-bunol","status":"publish","type":"post","link":"https:\/\/tucomarca.whitekongsoftware.com\/ca\/la-regidoria-desports-espera-poder-organitzar-alternatives-doci-i-esport-en-les-festes-de-bunol\/","title":{"rendered":"La regidoria d&#8217;Esports espera poder organitzar alternatives d&#8217;oci i esport en les festes de Bu\u00f1ol"},"content":{"rendered":"\n<p class=\"wp-block-paragraph\"><strong>BED i el Club de Correores de Bu\u00f1ol afirmen seguir les recomanacions sanit\u00e0ries. Motiu pel qual no pot realitzar-se ni el Campionat d&#8217;Estiu de futbol sala ni les carreres populars locals<\/strong><\/p>\n\n\n\n<p class=\"wp-block-paragraph\">Despr\u00e9s que este mat\u00ed s&#8217;anunciara la suspensi\u00f3 del Campionat de Futbol Sala i les carreres populars locals, previstes per a este estiu, V\u00edctor S\u00e1nchez, director esportiu de Bu\u00f1ol \u00c9s Esport (BED) , ha confirmat que despr\u00e9s de l&#8217;anunci de la desescalada pel Govern Central, &#8220;puedan realitzar-se alguns actes esportius, per\u00f2 sempre amb una pr\u00e8via elaboraci\u00f3 i que tot el m\u00f3n li done temps a inscriure&#8217;s, &#8220;adem\u00e1s de que els esportistes implicats puguen tindre temps per a entrenar, i aix\u00f2 ha sigut molt dif\u00edcil amb els 2 mesos de confinamiento&#8221;.<\/p>\n\n\n\n<p class=\"wp-block-paragraph\">A partir d&#8217;agost, i depenent del transcurs de la pand\u00e8mia i del que ens autoritze la Generalitat Valenciana i El Govern Central, podr\u00edem organitzar esdeveniments m\u00e9s xicotets, &#8220;adem\u00e1s de que a partir de setembre, si tot va b\u00e9, podem tornar a oferir les extraescolars en els col\u00b7legis i en les nostres escoles esportives municipales&#8221;, explica S\u00e1nchez.<\/p>\n\n\n\n<p class=\"wp-block-paragraph\">Despr\u00e9s d&#8217;ell, Laguna Mart\u00ednez, president del Club Correores de Bu\u00f1ol, ha confirmat esta not\u00edcia, assegurant que des del club calia ser previnguts i pensar en la nostra salut, per aix\u00f2 era la millor opci\u00f3 suspendre les carreres populars, on \u00e9s dif\u00edcil evitar les aglomeracions. &#8220;Aunque es podran organitzar carreres m\u00e9s modestes en les que entre els atletes puguen c\u00f3rrer amb dist\u00e0ncia entre ells, ja que els nostres paratges s\u00f3n molt anchos&#8221;.<\/p>\n\n\n\n<p class=\"wp-block-paragraph\">Per la seua banda, Manuel Sierra, regidor d&#8217;Esports de l&#8217;Ajuntament de Bu\u00f1ol, ha manifestat un missatge d&#8217;esperan\u00e7a i tranquil\u00b7litat a tota la ciutadania, &#8220;ya que s&#8217;est\u00e0 treballant perqu\u00e8 en el mes d&#8217;agost es puga oferir alternatives d&#8217;oci i esport a la poblaci\u00f3 en les nostres festes patronales&#8221;. Tamb\u00e9 va agrair a BED i als Correores per entendre esta situaci\u00f3 des del principi, aspecte que demostra que la nostra localitat est\u00e0 unida, que el teixit associatiu lluita i treballa unit pel b\u00e9 de todos&#8221;.<br><\/p>\n","protected":false},"excerpt":{"rendered":"<div class=\"mh-excerpt\">BED i el Club de Correores de Bu\u00f1ol afirmen seguir les recomanacions sanit\u00e0ries. Motiu pel qual no pot realitzar-se ni el Campionat d&#8217;Estiu de futbol sala ni les carreres populars locals Despr\u00e9s que este mat\u00ed <a class=\"mh-excerpt-more\" href=\"https:\/\/tucomarca.whitekongsoftware.com\/ca\/la-regidoria-desports-espera-poder-organitzar-alternatives-doci-i-esport-en-les-festes-de-bunol\/\" title=\"La regidoria d&#8217;Esports espera poder organitzar alternatives d&#8217;oci i esport en les festes de Bu\u00f1ol\">[+] <\/a><\/div>\n","protected":false},"author":12,"featured_media":105132,"comment_status":"open","ping_status":"open","sticky":false,"template":"","format":"standard","meta":{"footnotes":""},"categories":[10911,11010,11003,10948,10894,10912,11009,10947,10896],"tags":[11158,12022,11939,10914],"class_list":["post-105133","post","type-post","status-publish","format-standard","has-post-thumbnail","category-bunol-ca","category-canal-salud","category-sports","category-infraestructuras-ca","category-la-comarca-ca","category-la-hoya-ca","category-polideportivo-ca","category-politica","category-seccion-ca","tag-ayuntamiento-de-bunol-ca","tag-concejalia-de-deportes-de-bunol-ca","tag-coronavirus-ca","tag-la-hoya-de-bunol-chiva-ca"],"_links":{"self":[{"href":"https:\/\/tucomarca.whitekongsoftware.com\/ca\/wp-json\/wp\/v2\/posts\/105133","targetHints":{"allow":["GET"]}}],"collection":[{"href":"https:\/\/tucomarca.whitekongsoftware.com\/ca\/wp-json\/wp\/v2\/posts"}],"about":[{"href":"https:\/\/tucomarca.whitekongsoftware.com\/ca\/wp-json\/wp\/v2\/types\/post"}],"author":[{"embeddable":true,"href":"https:\/\/tucomarca.whitekongsoftware.com\/ca\/wp-json\/wp\/v2\/users\/12"}],"replies":[{"embeddable":true,"href":"https:\/\/tucomarca.whitekongsoftware.com\/ca\/wp-json\/wp\/v2\/comments?post=105133"}],"version-history":[{"count":0,"href":"https:\/\/tucomarca.whitekongsoftware.com\/ca\/wp-json\/wp\/v2\/posts\/105133\/revisions"}],"wp:featuredmedia":[{"embeddable":true,"href":"https:\/\/tucomarca.whitekongsoftware.com\/ca\/wp-json\/wp\/v2\/media\/105132"}],"wp:attachment":[{"href":"https:\/\/tucomarca.whitekongsoftware.com\/ca\/wp-json\/wp\/v2\/media?parent=105133"}],"wp:term":[{"taxonomy":"category","embeddable":true,"href":"https:\/\/tucomarca.whitekongsoftware.com\/ca\/wp-json\/wp\/v2\/categories?post=105133"},{"taxonomy":"post_tag","embeddable":true,"href":"https:\/\/tucomarca.whitekongsoftware.com\/ca\/wp-json\/wp\/v2\/tags?post=105133"}],"curies":[{"name":"wp","href":"https:\/\/api.w.org\/{rel}","templated":true}]}}