{"id":105113,"date":"2020-04-30T22:37:36","date_gmt":"2020-04-30T20:37:36","guid":{"rendered":"http:\/\/www.tucomarca.com\/wordpress\/segunda\/?p=105113"},"modified":"2020-04-30T22:41:09","modified_gmt":"2020-04-30T20:41:09","slug":"la-junta-local-fallera-de-leliana-suspende-las-fallas-2020","status":"publish","type":"post","link":"https:\/\/tucomarca.whitekongsoftware.com\/ca\/la-junta-local-fallera-de-leliana-suspende-las-fallas-2020\/","title":{"rendered":"La Junta Local Fallera de l&#8217;Eliana susp\u00e8n les Falles 2020"},"content":{"rendered":"\n<p class=\"wp-block-paragraph\"><strong>L&#8217;any que es mantindran els i les representants de les quatre<br> comissions de la localitat i es plantaran els mateixos monuments<\/strong><\/p>\n\n\n\n<p class=\"wp-block-paragraph\">La Junta Local Fallera de l&#8217;Eliana es va reunir a la tarda de dimecres, 29 d&#8217;abril, de manera extraordin\u00e0ria i per via telem\u00e0tica per acordar la suspensi\u00f3 definitiva de les Falles 2020. La decisi\u00f3 s&#8217;ha adoptat, per unanimitat, d&#8217;acord amb la actual situaci\u00f3 de crisi sanit\u00e0ria provocada pel COVID-19 i davant la falta de garanties per a la seva plena celebraci\u00f3 dins d&#8217;aquest any.<\/p>\n\n\n\n<p class=\"wp-block-paragraph\">Per aix\u00f2, es prorrogaran els c\u00e0rrecs de JLF aix\u00ed com els i les representants de les quatre comissions per a l&#8217;exercici 2021. La Junta, per\u00f2, valorar\u00e0 i proposar\u00e0 un nou calendari faller en els propers mesos en qu\u00e8 no contemplar\u00e0 la repetici\u00f3 dels actes de proclamaci\u00f3 i presentacions de les Falleres Majors i presidents ja celebrats aquest any.<\/p>\n\n\n\n<p class=\"wp-block-paragraph\">Finalment, s&#8217;ha acordat que es plantaran els mateixos monuments de l&#8217;any 2020 amb el comprom\u00eds, per part de les comissions, d&#8217;ampliar-dins de les seves possibilitats econ\u00f2miques. Aquests monuments es traslladaran en les properes setmanes a el lloc marcat per l&#8217;Ajuntament de manera planificada per al seu correcte emmagatzematge.<\/p>\n\n\n\n<p class=\"wp-block-paragraph\">El regidor de Cultura Festiva, Enrique Mart\u00ednez Escriv\u00e0, ha declarat que aquesta decisi\u00f3 va en l\u00ednia amb les adoptades per altres Juntes Locals, a la vista de no poder celebrar la setmana fallera en condicions de seguretat sanit\u00e0ria. &#8220;Despr\u00e9s d&#8217;aquesta conclusi\u00f3 ara nom\u00e9s ens queda mirar endavant i comen\u00e7ar a treballar per organitzar les millors falles possibles en 2021. El m\u00f3n faller de l&#8217;Eliana est\u00e0 ja en aquest cam\u00ed despr\u00e9s d&#8217;enfrontar, amb sentit com\u00fa i responsabilitat, a un dels escenaris m\u00e9s complicats de la seva hist\u00f2ria &#8220;, ha explicat.<\/p>\n","protected":false},"excerpt":{"rendered":"<div class=\"mh-excerpt\">L&#8217;any que es mantindran els i les representants de les quatre comissions de la localitat i es plantaran els mateixos monuments La Junta Local Fallera de l&#8217;Eliana es va reunir a la tarda de dimecres, <a class=\"mh-excerpt-more\" href=\"https:\/\/tucomarca.whitekongsoftware.com\/ca\/la-junta-local-fallera-de-leliana-suspende-las-fallas-2020\/\" title=\"La Junta Local Fallera de l&#8217;Eliana susp\u00e8n les Falles 2020\">[+] <\/a><\/div>\n","protected":false},"author":12,"featured_media":104979,"comment_status":"open","ping_status":"open","sticky":false,"template":"","format":"standard","meta":{"footnotes":""},"categories":[10892,11010,10948,10894,11004,10893,11008,10896,10897],"tags":[4016,11868,10433],"class_list":["post-105113","post","type-post","status-publish","format-standard","has-post-thumbnail","category-camp-de-turia-ca","category-canal-salud","category-infraestructuras-ca","category-la-comarca-ca","category-la-semana-en-imagenes-ca","category-leliana-ca","category-pueblos-en-fiestas-ca","category-seccion-ca","category-sucesos-la-comarca-ca","tag-comarca-camp-de-turia","tag-fallas-2020","tag-leliana"],"_links":{"self":[{"href":"https:\/\/tucomarca.whitekongsoftware.com\/ca\/wp-json\/wp\/v2\/posts\/105113","targetHints":{"allow":["GET"]}}],"collection":[{"href":"https:\/\/tucomarca.whitekongsoftware.com\/ca\/wp-json\/wp\/v2\/posts"}],"about":[{"href":"https:\/\/tucomarca.whitekongsoftware.com\/ca\/wp-json\/wp\/v2\/types\/post"}],"author":[{"embeddable":true,"href":"https:\/\/tucomarca.whitekongsoftware.com\/ca\/wp-json\/wp\/v2\/users\/12"}],"replies":[{"embeddable":true,"href":"https:\/\/tucomarca.whitekongsoftware.com\/ca\/wp-json\/wp\/v2\/comments?post=105113"}],"version-history":[{"count":0,"href":"https:\/\/tucomarca.whitekongsoftware.com\/ca\/wp-json\/wp\/v2\/posts\/105113\/revisions"}],"wp:featuredmedia":[{"embeddable":true,"href":"https:\/\/tucomarca.whitekongsoftware.com\/ca\/wp-json\/wp\/v2\/media\/104979"}],"wp:attachment":[{"href":"https:\/\/tucomarca.whitekongsoftware.com\/ca\/wp-json\/wp\/v2\/media?parent=105113"}],"wp:term":[{"taxonomy":"category","embeddable":true,"href":"https:\/\/tucomarca.whitekongsoftware.com\/ca\/wp-json\/wp\/v2\/categories?post=105113"},{"taxonomy":"post_tag","embeddable":true,"href":"https:\/\/tucomarca.whitekongsoftware.com\/ca\/wp-json\/wp\/v2\/tags?post=105113"}],"curies":[{"name":"wp","href":"https:\/\/api.w.org\/{rel}","templated":true}]}}