{"id":105048,"date":"2020-04-30T14:41:20","date_gmt":"2020-04-30T12:41:20","guid":{"rendered":"http:\/\/www.tucomarca.com\/wordpress\/segunda\/?p=105048"},"modified":"2020-04-30T14:41:45","modified_gmt":"2020-04-30T12:41:45","slug":"lassociacio-de-veins-del-barri-sant-rafael-de-bunyol-dona-500-euros-per-a-palliar-els-efectes-de-la-crisi-economica-pel-covid-19","status":"publish","type":"post","link":"https:\/\/tucomarca.whitekongsoftware.com\/ca\/lassociacio-de-veins-del-barri-sant-rafael-de-bunyol-dona-500-euros-per-a-palliar-els-efectes-de-la-crisi-economica-pel-covid-19\/","title":{"rendered":"L&#8217;associaci\u00f3 de ve\u00efns del Barri Sant Rafael de Bunyol d\u00f3na 500 euros per a pal\u00b7liar els efectes de la crisi econ\u00f2mica pel Covid-19"},"content":{"rendered":"\n<p class=\"wp-block-paragraph\"><strong>\u00c9s una de les associacions m\u00e9s longeves i actives de la localitat<\/strong><\/p>\n\n\n\n<p class=\"wp-block-paragraph\">La Junta Directiva de l&#8217;Associaci\u00f3 de Ve\u00efns del Barri Sant Rafael de Bunyol, una de les associacions m\u00e9s longeves i actives de la localitat, ha aprovat aportar una ajuda econ\u00f2mica de 500 euros per a pal\u00b7liar els efectes de la crisi econ\u00f2mica produ\u00efda pel Covid-19. Esta ajuda s&#8217;entregar\u00e0 a C\u00e1ritas de Bunyol i servir\u00e0 per a la compra d&#8217;aliments i articles de primera necessitat.<\/p>\n\n\n\n<p class=\"wp-block-paragraph\">L&#8217;Associaci\u00f3 de Ve\u00efns del Barri Sant Rafael tamb\u00e9 ha decidit la suspensi\u00f3 de les seues Festes Populars, dins de les mesures de &#8220;distanciamiento social&#8221; imposades per la crisi, encara que este distanciament no significa que seguisquen, com sempre, preocupats i atents amb les necessitats dels ve\u00efns.<\/p>\n","protected":false},"excerpt":{"rendered":"<div class=\"mh-excerpt\">\u00c9s una de les associacions m\u00e9s longeves i actives de la localitat La Junta Directiva de l&#8217;Associaci\u00f3 de Ve\u00efns del Barri Sant Rafael de Bunyol, una de les associacions m\u00e9s longeves i actives de la <a class=\"mh-excerpt-more\" href=\"https:\/\/tucomarca.whitekongsoftware.com\/ca\/lassociacio-de-veins-del-barri-sant-rafael-de-bunyol-dona-500-euros-per-a-palliar-els-efectes-de-la-crisi-economica-pel-covid-19\/\" title=\"L&#8217;associaci\u00f3 de ve\u00efns del Barri Sant Rafael de Bunyol d\u00f3na 500 euros per a pal\u00b7liar els efectes de la crisi econ\u00f2mica pel Covid-19\">[+] <\/a><\/div>\n","protected":false},"author":12,"featured_media":105047,"comment_status":"open","ping_status":"open","sticky":false,"template":"","format":"standard","meta":{"footnotes":""},"categories":[10911,11010,10948,10894,10912,10947,10896,10897],"tags":[12018,10913,11939,11940,10914],"class_list":["post-105048","post","type-post","status-publish","format-standard","has-post-thumbnail","category-bunol-ca","category-canal-salud","category-infraestructuras-ca","category-la-comarca-ca","category-la-hoya-ca","category-politica","category-seccion-ca","category-sucesos-la-comarca-ca","tag-barrio-san-rafael-de-bunol-ca","tag-bunol-ca","tag-coronavirus-ca","tag-covid-19-ca","tag-la-hoya-de-bunol-chiva-ca"],"_links":{"self":[{"href":"https:\/\/tucomarca.whitekongsoftware.com\/ca\/wp-json\/wp\/v2\/posts\/105048","targetHints":{"allow":["GET"]}}],"collection":[{"href":"https:\/\/tucomarca.whitekongsoftware.com\/ca\/wp-json\/wp\/v2\/posts"}],"about":[{"href":"https:\/\/tucomarca.whitekongsoftware.com\/ca\/wp-json\/wp\/v2\/types\/post"}],"author":[{"embeddable":true,"href":"https:\/\/tucomarca.whitekongsoftware.com\/ca\/wp-json\/wp\/v2\/users\/12"}],"replies":[{"embeddable":true,"href":"https:\/\/tucomarca.whitekongsoftware.com\/ca\/wp-json\/wp\/v2\/comments?post=105048"}],"version-history":[{"count":0,"href":"https:\/\/tucomarca.whitekongsoftware.com\/ca\/wp-json\/wp\/v2\/posts\/105048\/revisions"}],"wp:featuredmedia":[{"embeddable":true,"href":"https:\/\/tucomarca.whitekongsoftware.com\/ca\/wp-json\/wp\/v2\/media\/105047"}],"wp:attachment":[{"href":"https:\/\/tucomarca.whitekongsoftware.com\/ca\/wp-json\/wp\/v2\/media?parent=105048"}],"wp:term":[{"taxonomy":"category","embeddable":true,"href":"https:\/\/tucomarca.whitekongsoftware.com\/ca\/wp-json\/wp\/v2\/categories?post=105048"},{"taxonomy":"post_tag","embeddable":true,"href":"https:\/\/tucomarca.whitekongsoftware.com\/ca\/wp-json\/wp\/v2\/tags?post=105048"}],"curies":[{"name":"wp","href":"https:\/\/api.w.org\/{rel}","templated":true}]}}