{"id":105020,"date":"2020-04-29T21:07:16","date_gmt":"2020-04-29T19:07:16","guid":{"rendered":"http:\/\/www.tucomarca.com\/wordpress\/segunda\/?p=105020"},"modified":"2020-04-29T21:08:20","modified_gmt":"2020-04-29T19:08:20","slug":"lagrupacio-local-de-psoe-aplaudeix-lajuda-de-mes-de-160-000-euros-impulsada-per-hisenda-de-lajuntament-de-bunyol","status":"publish","type":"post","link":"https:\/\/tucomarca.whitekongsoftware.com\/ca\/lagrupacio-local-de-psoe-aplaudeix-lajuda-de-mes-de-160-000-euros-impulsada-per-hisenda-de-lajuntament-de-bunyol\/","title":{"rendered":"L&#8217;agrupaci\u00f3 local de PSOE aplaudeix l&#8217;ajuda de m\u00e9s de 160.000 euros impulsada per Hisenda de l&#8217;Ajuntament de Bunyol"},"content":{"rendered":"\n<p class=\"wp-block-paragraph\">Tal com han informat fonts de l&#8217;agrupaci\u00f3 local de el Partit Socialista de Bunyol, &#8220;a la tarda d&#8217;aquest dimarts, 28 d&#8217;abril, es reunien els membres de l&#8217;executiva de l&#8217;PSPV-PSOE de Bunyol a trav\u00e9s d&#8217;una coneguda aplicaci\u00f3&#8221; on-line &#8220;per a realitzar la reuni\u00f3. Durant la reuni\u00f3 se&#8217;ns va informar, entre altres coses, de el Pla d&#8217;ajudes Municipals per pal\u00b7liar la crisi de l&#8217;Covid19. Destacar els 160.000 euros destinats a aquests ajuts directes, que ens permetran donar un respir a les fam\u00edlies m\u00e9s necessitades. Agrair al nostre grup municipal i a la resta de el govern de Bunyol, i especialment al nostre company regidor d&#8217;Hisenda, per la gesti\u00f3 per aconseguir una modificaci\u00f3 pressupost\u00e0ria que permetr\u00e0 que Bunyol sigui un dels primers pobles de la Comunitat Valenciana en posar en marxa aquestes ajudes &#8220;, com han destacat fonts de l&#8217;agrupaci\u00f3 local.<\/p>\n\n\n\n<p class=\"wp-block-paragraph\"> &#8220;Des de l&#8217;Executiva de l&#8217;PSPV-PSOE han volgut a m\u00e9s&#8221; llan\u00e7ar un missatge de suport a totes les persones afectades per l&#8217;estat d&#8217;alarma a causa de l&#8217;Covid19 &#8220;, i tamb\u00e9 han informat de com sol\u00b7licitar&#8221; la primera l\u00ednia d&#8217;ajuts extraordinaris:<\/p>\n\n\n\n<p class=\"wp-block-paragraph\">1. Telefonar al 962503085.<br>2. Registraran les teues dades.<br>3. Te cridaran des de Servicis Socials per a dirte la documentaci\u00f3 que hia que aportar segons els casos.<br>3. La documentaci\u00f3 es fica per registre d&#8217;entrada de l&#8217;Ajuntament.<br>4. Hi haur\u00e0 una comissi\u00f3 de valoraci\u00f3 que ha de concedir les ajudes &#8220;.<\/p>\n\n\n\n<p class=\"wp-block-paragraph\">&#8220;Amb el passos dels dies tant Juncal Carrascosa, Manuel Serra, Maria Vall\u00e8s i Juan Luis Pallas aniran informant a la poblaci\u00f3 de m\u00e9s mesures. Des de les executiva van sortir molt bones idees i propostes que esperem dur a terme el m\u00e9s r\u00e0pidament possible. Malgrat el confinament, seguim pell amb pell amb els bunyolers i ens toca fer pinya m\u00e9s si cap en aquesta emerg\u00e8ncia social a nivell mundial. els socialistes volem llan\u00e7ar un missatge de suport a totes les persones afectades per la crisi Covid19 i estem segurs que remuntarem i # todosaldrabien&#8221;, han finalitzat des de l&#8217;agrupaci\u00f3 local socialista.<\/p>\n","protected":false},"excerpt":{"rendered":"<div class=\"mh-excerpt\">Tal com han informat fonts de l&#8217;agrupaci\u00f3 local de el Partit Socialista de Bunyol, &#8220;a la tarda d&#8217;aquest dimarts, 28 d&#8217;abril, es reunien els membres de l&#8217;executiva de l&#8217;PSPV-PSOE de Bunyol a trav\u00e9s d&#8217;una coneguda <a class=\"mh-excerpt-more\" href=\"https:\/\/tucomarca.whitekongsoftware.com\/ca\/lagrupacio-local-de-psoe-aplaudeix-lajuda-de-mes-de-160-000-euros-impulsada-per-hisenda-de-lajuntament-de-bunyol\/\" title=\"L&#8217;agrupaci\u00f3 local de PSOE aplaudeix l&#8217;ajuda de m\u00e9s de 160.000 euros impulsada per Hisenda de l&#8217;Ajuntament de Bunyol\">[+] <\/a><\/div>\n","protected":false},"author":1,"featured_media":105018,"comment_status":"open","ping_status":"open","sticky":false,"template":"","format":"standard","meta":{"footnotes":""},"categories":[10911,11010,10948,10894,10912,10903,10947,10896,10897],"tags":[11937,11938,11951,5952],"class_list":["post-105020","post","type-post","status-publish","format-standard","has-post-thumbnail","category-bunol-ca","category-canal-salud","category-infraestructuras-ca","category-la-comarca-ca","category-la-hoya-ca","category-medio-ambiente-la-comarca-ca","category-politica","category-seccion-ca","category-sucesos-la-comarca-ca","tag-coronavirus","tag-covid-19","tag-covid2019","tag-la-hoya-de-bunol-chiva"],"_links":{"self":[{"href":"https:\/\/tucomarca.whitekongsoftware.com\/ca\/wp-json\/wp\/v2\/posts\/105020","targetHints":{"allow":["GET"]}}],"collection":[{"href":"https:\/\/tucomarca.whitekongsoftware.com\/ca\/wp-json\/wp\/v2\/posts"}],"about":[{"href":"https:\/\/tucomarca.whitekongsoftware.com\/ca\/wp-json\/wp\/v2\/types\/post"}],"author":[{"embeddable":true,"href":"https:\/\/tucomarca.whitekongsoftware.com\/ca\/wp-json\/wp\/v2\/users\/1"}],"replies":[{"embeddable":true,"href":"https:\/\/tucomarca.whitekongsoftware.com\/ca\/wp-json\/wp\/v2\/comments?post=105020"}],"version-history":[{"count":0,"href":"https:\/\/tucomarca.whitekongsoftware.com\/ca\/wp-json\/wp\/v2\/posts\/105020\/revisions"}],"wp:featuredmedia":[{"embeddable":true,"href":"https:\/\/tucomarca.whitekongsoftware.com\/ca\/wp-json\/wp\/v2\/media\/105018"}],"wp:attachment":[{"href":"https:\/\/tucomarca.whitekongsoftware.com\/ca\/wp-json\/wp\/v2\/media?parent=105020"}],"wp:term":[{"taxonomy":"category","embeddable":true,"href":"https:\/\/tucomarca.whitekongsoftware.com\/ca\/wp-json\/wp\/v2\/categories?post=105020"},{"taxonomy":"post_tag","embeddable":true,"href":"https:\/\/tucomarca.whitekongsoftware.com\/ca\/wp-json\/wp\/v2\/tags?post=105020"}],"curies":[{"name":"wp","href":"https:\/\/api.w.org\/{rel}","templated":true}]}}