{"id":104974,"date":"2020-04-30T14:39:05","date_gmt":"2020-04-30T12:39:05","guid":{"rendered":"http:\/\/www.tucomarca.com\/wordpress\/segunda\/?p=104974"},"modified":"2020-04-30T14:39:41","modified_gmt":"2020-04-30T12:39:41","slug":"els-serveis-socials-de-leliana-atenen-a-prop-de-4-000-persones-des-de-linici-de-la-pandemia","status":"publish","type":"post","link":"https:\/\/tucomarca.whitekongsoftware.com\/ca\/els-serveis-socials-de-leliana-atenen-a-prop-de-4-000-persones-des-de-linici-de-la-pandemia\/","title":{"rendered":"Els Serveis Socials de l&#8217;Eliana atenen a prop de 4.000 persones des de l&#8217;inici de la pand\u00e8mia"},"content":{"rendered":"\n<p class=\"wp-block-paragraph\"><strong>La Regidoria de Serveis Socials ha registrat m\u00e9s de 1.200 atencions telef\u00f2niques i quasi 900 seguiments a ve\u00efns i ve\u00efnes majors de 70 anys<\/strong><\/p>\n\n\n\n<p class=\"wp-block-paragraph\">El departament de Serveis Socials de l&#8217;Ajuntament de l&#8217;Eliana ha at\u00e9s des que es decretara l&#8217;Estat d&#8217;Alarma provocat per la pand\u00e8mia del Covid-19 el passat 14 de mar\u00e7, a un total de 3.896 persones. Despr\u00e9s d&#8217;un mes i mig convivint amb aquesta nova situaci\u00f3 la regidoria de Pol\u00edtiques Socials ha fet balan\u00e7 de les actuacions municipals destinades a mitigar, en la mesura que siga possible, els efectes provocats per aquesta circumst\u00e0ncia.&nbsp;<\/p>\n\n\n\n<p class=\"wp-block-paragraph\">Per programes, el departament ha at\u00e9s telef\u00f2nicament fins dijous passat 23 d&#8217;abril a 1.227 ciutadans que han cridat a l&#8217;Ajuntament sol\u00b7licitant informaci\u00f3. S&#8217;han realitzat 117 prestacions econ\u00f2miques en fam\u00edlies per a necessitats b\u00e0siques, ajuda al pagament del lloguer, llum, aigua etc.<\/p>\n\n\n\n<p class=\"wp-block-paragraph\">Per la seua part el programa de subministrament directe de menjar amb la col\u00b7laboraci\u00f3 del comer\u00e7 local ha satisfet les necessitats d&#8217;un total de 36 persones i altres 89 s&#8217;han acollit als serveis del programa de compra solid\u00e0ria a domicili. 30 ve\u00efns i ve\u00efnes de l&#8217;Eliana s&#8217;han beneficiat del subministrament d&#8217;aliments mitjan\u00e7ant el Banc d&#8217;Aliments, que tamb\u00e9 ha repartit 1.040 men\u00fas elaborats per la fundaci\u00f3 del cuiner Jos\u00e9 Andr\u00e9s.&nbsp;<\/p>\n\n\n\n<p class=\"wp-block-paragraph\">En aquest per\u00edode els Serveis Socials han cuidat de 187 persones en els seus domicilis, realitzant seguiment telef\u00f2nic a 40 d&#8217;elles. Aix\u00ed mateix, s&#8217;ha realitzat seguiment a 632 de majors de 70 anys de l&#8217;Eliana que viuen solos i a altres 255 en llars on tots els seus membres s\u00f3n majors de 70, la qual cosa suma un total de 887 persones ateses en aquest espectre de poblaci\u00f3.<\/p>\n\n\n\n<p class=\"wp-block-paragraph\">Igualment, el departament ha realitzat seguiment dels 57 menors becats en menjadors escolars, de 73 persones pertanyents a col\u00b7lectius de risc, 44 v\u00edctimes de viol\u00e8ncia de g\u00e8nere i dom\u00e8stica i 109 persones en situaci\u00f3 de depend\u00e8ncia.<\/p>\n\n\n\n<p class=\"wp-block-paragraph\">La regidora de Pol\u00edtiques Socials, M\u00aa Jos\u00e9 Valenzuela, ha destacat el sobreesfor\u00e7 que est\u00e0 realitzant el departament. \u201c<em>Des del consistori som conscients de la import\u00e0ncia dels Serveis Socials, especialment en un moment com aquest, i per aix\u00f2 estem refor\u00e7ant els recursos municipals perqu\u00e8 les treballadores puguen desenvolupar la seua labor en les millors condicions i amb les majors garanties possibles<\/em>\u201d, ha explicat l&#8217;edil.<\/p>\n","protected":false},"excerpt":{"rendered":"<div class=\"mh-excerpt\">La Regidoria de Serveis Socials ha registrat m\u00e9s de 1.200 atencions telef\u00f2niques i quasi 900 seguiments a ve\u00efns i ve\u00efnes majors de 70 anys El departament de Serveis Socials de l&#8217;Ajuntament de l&#8217;Eliana ha at\u00e9s <a class=\"mh-excerpt-more\" href=\"https:\/\/tucomarca.whitekongsoftware.com\/ca\/els-serveis-socials-de-leliana-atenen-a-prop-de-4-000-persones-des-de-linici-de-la-pandemia\/\" title=\"Els Serveis Socials de l&#8217;Eliana atenen a prop de 4.000 persones des de l&#8217;inici de la pand\u00e8mia\">[+] <\/a><\/div>\n","protected":false},"author":12,"featured_media":104973,"comment_status":"open","ping_status":"open","sticky":false,"template":"","format":"standard","meta":{"footnotes":""},"categories":[10892,11010,10948,10894,10893,10947,10896,10897],"tags":[12004,10899,11939,11940],"class_list":["post-104974","post","type-post","status-publish","format-standard","has-post-thumbnail","category-camp-de-turia-ca","category-canal-salud","category-infraestructuras-ca","category-la-comarca-ca","category-leliana-ca","category-politica","category-seccion-ca","category-sucesos-la-comarca-ca","tag-ajuntament-de-leliana-ca-2","tag-camp-de-turia-ca","tag-coronavirus-ca","tag-covid-19-ca"],"_links":{"self":[{"href":"https:\/\/tucomarca.whitekongsoftware.com\/ca\/wp-json\/wp\/v2\/posts\/104974","targetHints":{"allow":["GET"]}}],"collection":[{"href":"https:\/\/tucomarca.whitekongsoftware.com\/ca\/wp-json\/wp\/v2\/posts"}],"about":[{"href":"https:\/\/tucomarca.whitekongsoftware.com\/ca\/wp-json\/wp\/v2\/types\/post"}],"author":[{"embeddable":true,"href":"https:\/\/tucomarca.whitekongsoftware.com\/ca\/wp-json\/wp\/v2\/users\/12"}],"replies":[{"embeddable":true,"href":"https:\/\/tucomarca.whitekongsoftware.com\/ca\/wp-json\/wp\/v2\/comments?post=104974"}],"version-history":[{"count":0,"href":"https:\/\/tucomarca.whitekongsoftware.com\/ca\/wp-json\/wp\/v2\/posts\/104974\/revisions"}],"wp:featuredmedia":[{"embeddable":true,"href":"https:\/\/tucomarca.whitekongsoftware.com\/ca\/wp-json\/wp\/v2\/media\/104973"}],"wp:attachment":[{"href":"https:\/\/tucomarca.whitekongsoftware.com\/ca\/wp-json\/wp\/v2\/media?parent=104974"}],"wp:term":[{"taxonomy":"category","embeddable":true,"href":"https:\/\/tucomarca.whitekongsoftware.com\/ca\/wp-json\/wp\/v2\/categories?post=104974"},{"taxonomy":"post_tag","embeddable":true,"href":"https:\/\/tucomarca.whitekongsoftware.com\/ca\/wp-json\/wp\/v2\/tags?post=104974"}],"curies":[{"name":"wp","href":"https:\/\/api.w.org\/{rel}","templated":true}]}}