{"id":104907,"date":"2020-04-28T20:08:50","date_gmt":"2020-04-28T18:08:50","guid":{"rendered":"http:\/\/www.tucomarca.com\/wordpress\/segunda\/?p=104907"},"modified":"2020-04-28T21:16:25","modified_gmt":"2020-04-28T19:16:25","slug":"requena-rep-de-generalitat-una-subvencio-de-39-790-euros-per-a-ajudes-socials-davant-de-la-covid-19","status":"publish","type":"post","link":"https:\/\/tucomarca.whitekongsoftware.com\/ca\/requena-rep-de-generalitat-una-subvencio-de-39-790-euros-per-a-ajudes-socials-davant-de-la-covid-19\/","title":{"rendered":"Requena rep de Generalitat una subvenci\u00f3 de 39.790 euros per a ajudes socials davant de la Covid-19"},"content":{"rendered":"\n<p class=\"wp-block-paragraph\"><strong>Dels mateixos, 28.334 estan destinats a prestacions econ\u00f2miques individualitzades, 6.603 per al servici d&#8217;ajuda a domicili i 4.853 euros a prestacions per a garantir el dret b\u00e0sic d&#8217;alimentaci\u00f3 de xiquets i xiquetes en situaci\u00f3 de vulnerabilitat<\/strong><\/p>\n\n\n\n<p class=\"wp-block-paragraph\">Donada la situaci\u00f3 social d&#8217;emerg\u00e8ncia que s&#8217;ha produ\u00eft davant de la pand\u00e8mia COVID-19, la Generalitat Valenciana, a trav\u00e9s de la Vicepresid\u00e8ncia i Conselleria d&#8217;Igualtat i Pol\u00edtiques Inclusives i en funci\u00f3 del Decret 43\/2020 del Consell, de 3 d&#8217;abril, d&#8217;aprovaci\u00f3 de les bases reguladores de concessi\u00f3 directa de subvencions a entitats locals titulars de servicis socials d&#8217;atenci\u00f3 prim\u00e0ria (Diari Oficial Generalitat Valenciana de 7 d&#8217;abril de 2020) , ha concedit al Consistori requenense un total de 39.790 euros.<\/p>\n\n\n\n<p class=\"wp-block-paragraph\">L&#8217;objectiu d&#8217;esta ajuda atorgada per la Generalitat Valenciana a l&#8217;Ajuntament de Requena no \u00e9s un altre que contribuir amb esta aportaci\u00f3 a fer front a l&#8217;impacte del COVID 19, refor\u00e7ant les pol\u00edtiques socials i d&#8217;atenci\u00f3 a persones i fam\u00edlies, especialment aquelles en situaci\u00f3 de major vulnerabilitat.<\/p>\n\n\n\n<p class=\"wp-block-paragraph\">El Departament de Servicis Socials d&#8217;Atenci\u00f3 Prim\u00e0ria B\u00e0sica de Requena ser\u00e0 l&#8217;encarregat de gestionar els dits fons, i ho far\u00e0 en els conceptes seg\u00fcents:<\/p>\n\n\n\n<p class=\"wp-block-paragraph\">a) Prestacions b\u00e0siques de servicis socials:<\/p>\n\n\n\n<ul class=\"wp-block-list\"><li>PEIS (Prestacions Econ\u00f2miques Individualitzades): 28.334 euros<\/li><\/ul>\n\n\n\n<ul class=\"wp-block-list\"><li>Servici d&#8217;Ajuda a Domicili: 6.603 euros<\/li><\/ul>\n\n\n\n<p class=\"wp-block-paragraph\">b) Prestacions per a garantir el dret b\u00e0sic d&#8217;alimentaci\u00f3 de xiquets i xiquetes en situaci\u00f3 de vulnerabilitat: 4.853 euros.<br><\/p>\n\n\n\n<p class=\"wp-block-paragraph\"><br><\/p>\n","protected":false},"excerpt":{"rendered":"<div class=\"mh-excerpt\">Dels mateixos, 28.334 estan destinats a prestacions econ\u00f2miques individualitzades, 6.603 per al servici d&#8217;ajuda a domicili i 4.853 euros a prestacions per a garantir el dret b\u00e0sic d&#8217;alimentaci\u00f3 de xiquets i xiquetes en situaci\u00f3 de <a class=\"mh-excerpt-more\" href=\"https:\/\/tucomarca.whitekongsoftware.com\/ca\/requena-rep-de-generalitat-una-subvencio-de-39-790-euros-per-a-ajudes-socials-davant-de-la-covid-19\/\" title=\"Requena rep de Generalitat una subvenci\u00f3 de 39.790 euros per a ajudes socials davant de la Covid-19\">[+] <\/a><\/div>\n","protected":false},"author":12,"featured_media":104901,"comment_status":"open","ping_status":"open","sticky":false,"template":"","format":"standard","meta":{"footnotes":""},"categories":[10905,11010,10948,10894,10903,10947,10908,10909,10896],"tags":[11254,11939,11940,11952,11498,10910],"class_list":["post-104907","post","type-post","status-publish","format-standard","has-post-thumbnail","category-agricultura-la-comarca-ca","category-canal-salud","category-infraestructuras-ca","category-la-comarca-ca","category-medio-ambiente-la-comarca-ca","category-politica","category-requena-ca","category-requena-utiel-ca","category-seccion-ca","tag-ayuntamiento-de-requena-ca","tag-coronavirus-ca","tag-covid-19-ca","tag-covid2019-ca","tag-generalitat-valenciana-ca","tag-requena-utiel-ca"],"_links":{"self":[{"href":"https:\/\/tucomarca.whitekongsoftware.com\/ca\/wp-json\/wp\/v2\/posts\/104907","targetHints":{"allow":["GET"]}}],"collection":[{"href":"https:\/\/tucomarca.whitekongsoftware.com\/ca\/wp-json\/wp\/v2\/posts"}],"about":[{"href":"https:\/\/tucomarca.whitekongsoftware.com\/ca\/wp-json\/wp\/v2\/types\/post"}],"author":[{"embeddable":true,"href":"https:\/\/tucomarca.whitekongsoftware.com\/ca\/wp-json\/wp\/v2\/users\/12"}],"replies":[{"embeddable":true,"href":"https:\/\/tucomarca.whitekongsoftware.com\/ca\/wp-json\/wp\/v2\/comments?post=104907"}],"version-history":[{"count":0,"href":"https:\/\/tucomarca.whitekongsoftware.com\/ca\/wp-json\/wp\/v2\/posts\/104907\/revisions"}],"wp:featuredmedia":[{"embeddable":true,"href":"https:\/\/tucomarca.whitekongsoftware.com\/ca\/wp-json\/wp\/v2\/media\/104901"}],"wp:attachment":[{"href":"https:\/\/tucomarca.whitekongsoftware.com\/ca\/wp-json\/wp\/v2\/media?parent=104907"}],"wp:term":[{"taxonomy":"category","embeddable":true,"href":"https:\/\/tucomarca.whitekongsoftware.com\/ca\/wp-json\/wp\/v2\/categories?post=104907"},{"taxonomy":"post_tag","embeddable":true,"href":"https:\/\/tucomarca.whitekongsoftware.com\/ca\/wp-json\/wp\/v2\/tags?post=104907"}],"curies":[{"name":"wp","href":"https:\/\/api.w.org\/{rel}","templated":true}]}}